{"id":1022,"date":"2019-03-01T11:07:32","date_gmt":"2019-03-01T10:07:32","guid":{"rendered":"http:\/\/www.zukunft-lankwitz.de\/?p=1022"},"modified":"2022-01-08T02:04:40","modified_gmt":"2022-01-08T01:04:40","slug":"bericht-vom-runden-tisch-lankwitz-suedende-februar-2019","status":"publish","type":"post","link":"https:\/\/www.zukunft-lankwitz.de\/?p=1022","title":{"rendered":"Bericht vom Runden Tisch Lankwitz-S\u00fcdende Februar 2019"},"content":{"rendered":"<p>Am Mittwoch den 27.02.2019 fand das zweite Treffen 2019 vom Runden Tisch Lankwitz-S\u00fcdende statt. Schwerpunktthema war das vorstellen der Idee des Kiez-Plan f\u00fcr Senioren f\u00fcr unseren Kiez. Bei der Idee eines Kiez-Plan geht es darum sichtbar zum machen wie\u00a0 wo Ressourcen liegen und wo fehlt es an was. Das ist ein Thema was nicht nur Senioren betrifft, aber sie sind f\u00fcr diesen Plan die Zielgruppe. Hr. F., der das Projekt ins Leben gerufen hat, hat eine besondere pers\u00f6nliche Definition von Kiez die ich hier gerne aus seinem Expos\u00e9 zitieren m\u00f6chte:<\/p>\n<p><em><a href=\"http:\/\/www.zukunft-lankwitz.de\/wp-content\/uploads\/2019\/03\/meinkiez.jpg\"><img loading=\"lazy\" decoding=\"async\" class=\" wp-image-1024 alignleft\" src=\"http:\/\/www.zukunft-lankwitz.de\/wp-content\/uploads\/2019\/03\/meinkiez-277x300.jpg\" alt=\"\" width=\"258\" height=\"280\" srcset=\"https:\/\/www.zukunft-lankwitz.de\/wp-content\/uploads\/2019\/03\/meinkiez-277x300.jpg 277w, https:\/\/www.zukunft-lankwitz.de\/wp-content\/uploads\/2019\/03\/meinkiez-768x832.jpg 768w, https:\/\/www.zukunft-lankwitz.de\/wp-content\/uploads\/2019\/03\/meinkiez-946x1024.jpg 946w, https:\/\/www.zukunft-lankwitz.de\/wp-content\/uploads\/2019\/03\/meinkiez-624x676.jpg 624w, https:\/\/www.zukunft-lankwitz.de\/wp-content\/uploads\/2019\/03\/meinkiez.jpg 1052w\" sizes=\"auto, (max-width: 258px) 100vw, 258px\" \/><\/a>&#8222;Im Verst\u00e4ndnis eines Menschen von seiner Umgebung scheint es drei Ebenen zu geben in denen sich im Wesentlichen dieses Verh\u00e4ltnis zu meiner Umgebung beschreiben l\u00e4sst:<\/em><\/p>\n<p><em>Das eine ist die Erinnerung der \u201eMonumente&#8220;, also der Geb\u00e4ude, die sich mir als typisch f\u00fcr meinen Kiez eingepr\u00e4gt haben. Die bildhafte Ebene.<\/em><\/p>\n<p><em>Eine zweite Ebene ist die der funktionalen Benutzbarkeit, also das, was ich alles t\u00e4glich brauche habe ich in meinem Ged\u00e4chtnis verortet und wei\u00df auf Anhieb, wo ich hingehen muss, wenn ich Geld abheben, meinen Pass emeuern oder meine Hochdruckpillen kaufen muss. Die Stadt ist sozusagen eine Maschine f\u00fcr Dienstleistungen.<\/em><\/p>\n<p><em>Die dritte Ebene ist die der menschlichen Beziehungen. Ich wei\u00df, wo in der Stadt meine Schwester lebt, meine Freundinnen Ihren Kaffee trinken und wo ich zuletzt mit meiner Tochter zusammengetroffen bin.<\/em><\/p>\n<p><em>Aus der \u00dcberlagerung der drei verschiedenen Aufnahmeebenen bildet sich dann die Gesamtheit des Raumes in dem ich zuhause bin. <\/em><em>Es sind Bilder Wie Inseln, die in einem gr\u00f6\u00dferen Meer schwimmen und die sich voneinander trennen durch Stra\u00dfen, Parks oder andere Hindernisse, als w\u00e4ren Sie ein Inselarchipel in dem die Trennungen aus Wasser oder Meeresfl\u00e4chen bestehen.<\/em><\/p>\n<p><em>Die Gr\u00f6\u00dfe der Inseln variiert von Mensch zu Mensch und nimmt mit zunehmendem Alter ab.&#8220;<\/em><\/p>\n<p><!--more--><\/p>\n<p>Ich finde das eine sehr sch\u00f6ne Definition und auch Hr. F. und seine Ausf\u00fchrungen sind sehr interessant. Es geht darum m\u00f6glichst ein gutes Bild vom Kiez zu bekommen um sichtbar zu machen was erhalten bleiben muss und woran es fehlt. Es kann f\u00fcr wie bereits gesagt f\u00fcr alle im Kiez lebenden und wirkenden Menschen nutzbar sein, vondaher ist das ein in jeden Fall unterst\u00fctzenswertes Projekt um gemeinsam f\u00fcr unseren Kiez was zu bewegen.<\/p>\n<p>Das Thema wird uns auf jeden Fall beim n\u00e4chsten Runden Tisch am 28.03.2019 weiter <a href=\"http:\/\/www.zukunft-lankwitz.de\/wp-content\/uploads\/2019\/03\/prot0219web.pdf\" target=\"_blank\" rel=\"noopener noreferrer\"><img loading=\"lazy\" decoding=\"async\" class=\"alignright wp-image-1025\" src=\"http:\/\/www.zukunft-lankwitz.de\/wp-content\/uploads\/2019\/03\/prot0219-211x300.jpg\" alt=\"\" width=\"275\" height=\"391\" srcset=\"https:\/\/www.zukunft-lankwitz.de\/wp-content\/uploads\/2019\/03\/prot0219-211x300.jpg 211w, https:\/\/www.zukunft-lankwitz.de\/wp-content\/uploads\/2019\/03\/prot0219.jpg 545w\" sizes=\"auto, (max-width: 275px) 100vw, 275px\" \/><\/a>besch\u00e4ftigen.<\/p>\n<p>Was war noch Thema beim Runden Tisch? Wir haben den Marktplatz der Ideen 2019 und das Kiez-Fest weiter geplant und Ideen gesammelt. Es nimmt langsam Formen an und verspricht interessant zuwerden mit einem bunten Programm. Wir werden Sie hier auf dem laufenden halten.<\/p>\n<p>Im weiteren Verlauf wurden noch aktuelle Themen aus dem Kiez besprochen und verabredet beim n\u00e4chsten mal eine Ortsaufnahme zu machen wo Sch\u00e4den sind die wir mit Verantwortlichen aus der Verwaltung anschauen wollen. Es verspricht am 27.03.2019 um 18.30 Uhr ein spannender Runder Tisch zu werden.<\/p>\n<p>Alles weitere k\u00f6nnen Sie im Protokoll nachlesen. Das haben wir <a href=\"http:\/\/www.zukunft-lankwitz.de\/wp-content\/uploads\/2019\/03\/prot0219web.pdf\" target=\"_blank\" rel=\"noopener noreferrer\">hier <\/a>f\u00fcr sie verlinkt.<\/p>\n<p>&nbsp;<\/p>\n<div style=\"padding-bottom:10px; padding-top:5px;\" class=\"hupso-share-buttons\"><!-- Hupso Share Buttons - https:\/\/www.hupso.com\/share\/ --><a class=\"hupso_toolbar\" href=\"https:\/\/www.hupso.com\/share\/\"><img decoding=\"async\" src=\"https:\/\/static.hupso.com\/share\/buttons\/lang\/de\/share-medium.png\" style=\"border:0px; padding-top: 5px; float:left;\" alt=\"Share Button\"\/><\/a><script type=\"text\/javascript\">var hupso_services_t=new Array(\"Twitter\",\"Facebook\",\"Google Plus\");var hupso_background_t=\"#EAF4FF\";var hupso_border_t=\"#66CCFF\";var hupso_toolbar_size_t=\"medium\";var hupso_image_folder_url = \"\";var hupso_url_t=\"\";var hupso_title_t=\"Bericht%20vom%20Runden%20Tisch%20Lankwitz-S%C3%BCdende%20Februar%202019\";<\/script><script type=\"text\/javascript\" src=\"https:\/\/static.hupso.com\/share\/js\/share_toolbar.js\"><\/script><!-- Hupso Share Buttons --><\/div>","protected":false},"excerpt":{"rendered":"<p>Am Mittwoch den 27.02.2019 fand das zweite Treffen 2019 vom Runden Tisch Lankwitz-S\u00fcdende statt. Schwerpunktthema war das vorstellen der Idee des Kiez-Plan f\u00fcr Senioren f\u00fcr unseren Kiez. Bei der Idee eines Kiez-Plan geht es darum sichtbar zum machen wie\u00a0 wo Ressourcen liegen und wo fehlt es an was. Das ist ein Thema was nicht nur [&hellip;]<\/p>\n<div style=\"padding-bottom:10px; padding-top:5px;\" class=\"hupso-share-buttons\"><!-- Hupso Share Buttons - https:\/\/www.hupso.com\/share\/ --><a class=\"hupso_toolbar\" href=\"https:\/\/www.hupso.com\/share\/\"><img src=\"https:\/\/static.hupso.com\/share\/buttons\/lang\/de\/share-medium.png\" style=\"border:0px; padding-top: 5px; float:left;\" alt=\"Share Button\"\/><\/a><script type=\"text\/javascript\">var hupso_services_t=new Array(\"Twitter\",\"Facebook\",\"Google Plus\");var hupso_background_t=\"#EAF4FF\";var hupso_border_t=\"#66CCFF\";var hupso_toolbar_size_t=\"medium\";var hupso_image_folder_url = \"\";var hupso_url_t=\"\";var hupso_title_t=\"Bericht%20vom%20Runden%20Tisch%20Lankwitz-S%C3%BCdende%20Februar%202019\";<\/script><script type=\"text\/javascript\" src=\"https:\/\/static.hupso.com\/share\/js\/share_toolbar.js\"><\/script><!-- Hupso Share Buttons --><\/div>","protected":false},"author":2,"featured_media":0,"comment_status":"open","ping_status":"open","sticky":false,"template":"","format":"standard","meta":{"footnotes":""},"categories":[2,3,185],"tags":[77,193,25],"class_list":["post-1022","post","type-post","status-publish","format-standard","hentry","category-lankwitz","category-runder-tisch","category-senioren","tag-kiez","tag-lankwitz","tag-runder-tisch-lankwitz-suedende"],"_links":{"self":[{"href":"https:\/\/www.zukunft-lankwitz.de\/index.php?rest_route=\/wp\/v2\/posts\/1022","targetHints":{"allow":["GET"]}}],"collection":[{"href":"https:\/\/www.zukunft-lankwitz.de\/index.php?rest_route=\/wp\/v2\/posts"}],"about":[{"href":"https:\/\/www.zukunft-lankwitz.de\/index.php?rest_route=\/wp\/v2\/types\/post"}],"author":[{"embeddable":true,"href":"https:\/\/www.zukunft-lankwitz.de\/index.php?rest_route=\/wp\/v2\/users\/2"}],"replies":[{"embeddable":true,"href":"https:\/\/www.zukunft-lankwitz.de\/index.php?rest_route=%2Fwp%2Fv2%2Fcomments&post=1022"}],"version-history":[{"count":4,"href":"https:\/\/www.zukunft-lankwitz.de\/index.php?rest_route=\/wp\/v2\/posts\/1022\/revisions"}],"predecessor-version":[{"id":1029,"href":"https:\/\/www.zukunft-lankwitz.de\/index.php?rest_route=\/wp\/v2\/posts\/1022\/revisions\/1029"}],"wp:attachment":[{"href":"https:\/\/www.zukunft-lankwitz.de\/index.php?rest_route=%2Fwp%2Fv2%2Fmedia&parent=1022"}],"wp:term":[{"taxonomy":"category","embeddable":true,"href":"https:\/\/www.zukunft-lankwitz.de\/index.php?rest_route=%2Fwp%2Fv2%2Fcategories&post=1022"},{"taxonomy":"post_tag","embeddable":true,"href":"https:\/\/www.zukunft-lankwitz.de\/index.php?rest_route=%2Fwp%2Fv2%2Ftags&post=1022"}],"curies":[{"name":"wp","href":"https:\/\/api.w.org\/{rel}","templated":true}]}}