{"id":1040,"date":"2019-04-01T12:00:39","date_gmt":"2019-04-01T10:00:39","guid":{"rendered":"http:\/\/www.zukunft-lankwitz.de\/?p=1040"},"modified":"2019-03-10T17:37:44","modified_gmt":"2019-03-10T16:37:44","slug":"marktplatz-der-ideen-gemeinsam-mehr-bewegen","status":"publish","type":"post","link":"https:\/\/www.zukunft-lankwitz.de\/?p=1040","title":{"rendered":"Marktplatz der Ideen &#8211; Gemeinsam mehr bewegen!"},"content":{"rendered":"<p><a href=\"http:\/\/www.zukunft-lankwitz.de\/wp-content\/uploads\/2019\/03\/mpdileit1.jpg\"><img loading=\"lazy\" decoding=\"async\" class=\"size-medium wp-image-1041 alignleft\" src=\"http:\/\/www.zukunft-lankwitz.de\/wp-content\/uploads\/2019\/03\/mpdileit1-288x300.jpg\" alt=\"\" width=\"288\" height=\"300\" srcset=\"https:\/\/www.zukunft-lankwitz.de\/wp-content\/uploads\/2019\/03\/mpdileit1-288x300.jpg 288w, https:\/\/www.zukunft-lankwitz.de\/wp-content\/uploads\/2019\/03\/mpdileit1.jpg 456w\" sizes=\"auto, (max-width: 288px) 100vw, 288px\" \/><\/a><\/p>\n<p>&nbsp;<\/p>\n<p>Der Marktplatz der Ideen 2019 steht vor der T\u00fcr. Wir m\u00f6chten ihnen in den n\u00e4chsten Wochen mit dem einen oder anderen Artikel Lust machen vorbeizukommen. Wir werden ihnen die Themen, G\u00e4ste und das drum herum vorstellen. Wir werden nat\u00fcrlich auch eine \u00dcbersicht aller G\u00e4ste und Themen und den Zeiten, wann sie sie treffen k\u00f6nnen, ver\u00f6ffentlichen.<\/p>\n<p>&nbsp;<\/p>\n<p>Was der Marktplatz der Ideen ist und wie es funktioniert haben wir in dem Beitrag <a href=\"http:\/\/www.zukunft-lankwitz.de\/?page_id=966\">Marktplatz der Ideen<\/a> ausf\u00fchrlich erkl\u00e4rt, darum hier nur in K\u00fcrze. Zu jeder vollen und halben Stunde kommt ein neuer Gast mit einem neuen Thema f\u00fcr je 1 Stunde. Die G\u00e4ste haben einen eigenen Tisch mit St\u00fchlen drum herum. Sie setzten sich wie in einem Caf\u00e9 einfach dazu und gehen mit dem &#8222;Gastgeber&#8220; ins Gespr\u00e4ch. Das ganze wird begleitet von einer \/ einem Teilnehmer_in des Runden Tisches, dessen Aufgabe es ist, alles ein bisschen mitzuschreiben, damit die Ideen nicht verloren gehen. Nun ist die Gelegenheit mit den &#8222;Gastgeber&#8220; ins Gespr\u00e4ch zu gehen. Sie k\u00f6nnen Fragen stellen, ihre Anliegen vorbringen oder einfach nur zuh\u00f6ren, was die anderen Menschen so mitgebracht haben an Themen. Nach einer Stunde wird der Tisch aufgel\u00f6st und an einem anderen Tisch startet das n\u00e4chste Thema.<\/p>\n<p><a style=\"color: #0f3647;\" href=\"http:\/\/www.zukunft-lankwitz.de\/wp-content\/uploads\/2019\/03\/mpdileit4.jpg\"><img loading=\"lazy\" decoding=\"async\" class=\"size-medium wp-image-1044 alignleft\" style=\"margin-top: 0.857143rem; margin-right: 1.71429rem; margin-bottom: 0.857143rem;\" src=\"http:\/\/www.zukunft-lankwitz.de\/wp-content\/uploads\/2019\/03\/mpdileit4-291x300.jpg\" alt=\"\" width=\"291\" height=\"300\" srcset=\"https:\/\/www.zukunft-lankwitz.de\/wp-content\/uploads\/2019\/03\/mpdileit4-291x300.jpg 291w, https:\/\/www.zukunft-lankwitz.de\/wp-content\/uploads\/2019\/03\/mpdileit4.jpg 470w\" sizes=\"auto, (max-width: 291px) 100vw, 291px\" \/><\/a>Welche Themen sind den nun angedacht f\u00fcr den Marktplatz der Ideen:<br \/>\nVom Bezirksamt Steglitz-Zehlendorf sind angemeldet und haben zugesagt:<\/p>\n<ul>\n<li>Bezirksb\u00fcrgermeisterin und Leiterin der Abteilung Finanzen, Personal, Stadtentwicklung und Wirtschaftsf\u00f6rderung Cerstin Richter-Kotowski (<span class=\"caps\" style=\"font-size: 1rem;\">CDU<\/span><span style=\"font-size: 1rem;\">)<\/span><\/li>\n<li>Bezirksstadtrat f\u00fcr die Abteilung Ordnung, Nahverkehr und B\u00fcrgerdienste sowie stellvertretender Bezirksb\u00fcrgermeister <span style=\"font-size: 1rem;\">Michael Karnetzki (SPD)<\/span><\/li>\n<li><span style=\"font-size: 1rem;\">Bezirksstadtr\u00e4tin f\u00fcr die Abteilung Immobilien, Umwelt und Tiefbau <\/span><span style=\"font-size: 1rem;\">Maren Schellenberg (GR\u00dcNE)<br \/>\n<\/span><\/li>\n<li>Bezirksstadtrat f\u00fcr die Abteilung Bildung, Kultur, Sport und Soziales Frank M\u00fcckisch (CDU)<\/li>\n<li>Bezirksstadtr\u00e4tin f\u00fcr die Abteilung Jugend und Gesundheit <span style=\"font-size: 1rem;\">Carolina B\u00f6hm (SPD)<\/span><\/li>\n<\/ul>\n<p><img loading=\"lazy\" decoding=\"async\" class=\"alignright size-medium wp-image-1042\" src=\"http:\/\/www.zukunft-lankwitz.de\/wp-content\/uploads\/2019\/03\/mpdileit2-292x300.jpg\" alt=\"\" width=\"292\" height=\"300\" srcset=\"https:\/\/www.zukunft-lankwitz.de\/wp-content\/uploads\/2019\/03\/mpdileit2-292x300.jpg 292w, https:\/\/www.zukunft-lankwitz.de\/wp-content\/uploads\/2019\/03\/mpdileit2.jpg 472w\" sizes=\"auto, (max-width: 292px) 100vw, 292px\" \/><\/p>\n<p>F\u00fcr die Thementische sind eingeladen:<\/p>\n<ul>\n<li>&#8222;Jugendliche im \u00d6ffentlichen Raum &#8211; <span style=\"font-size: 1rem;\">Outreach Mobile Jugendarbeit &#8211; JugendKulturBunker<\/span><\/li>\n<li>&#8222;Einzelhandel im Kiez vs Online Shopping &#8211; Mein LiLa<\/li>\n<li>Mein Kiez! &#8211; Erstellen eines Kiezplans f\u00fcr Senioren<\/li>\n<li>Barrierefreier Kiez &#8211; Aktuell noch keine Begleitung als Gastgeber<\/li>\n<li>Markt Lankwitz &#8211; Ideen, <span style=\"font-size: 1rem;\">W\u00fcnsche und Vorhaben<\/span><\/li>\n<li>Muff Leonorenstra\u00dfe &#8211; <span style=\"font-size: 1rem;\">Kennenlernen, nachfragenn unterst\u00fctzen &#8211; Stadtteilzentrum Steglitz e.V. &#8211; Gesch\u00e4ftsf\u00fchrer Thomas Mampel<\/span><\/li>\n<li>Sicherheit im Kiez &amp; Jugendschutz &#8211; Berliner Polizei Abschnitt 46 <span style=\"font-size: 1rem;\">und Ordnungsamt &#8211; Jugendschutzkontrolle\u00a0<\/span><\/li>\n<li>Frauen und Beruf &#8211; Chancen und <span style=\"font-size: 1rem;\">M\u00f6glichkeiten &#8211; Aktuell noch keine Begleitung als Gastgeber<\/span><\/li>\n<li>Mobilit\u00e4tsgesetz! Was bedeutet das f\u00fcr unseren Kiez? &#8211; Mobilit\u00e4tsgesetz! Was bedeutet das f\u00fcr unseren Kiez?<\/li>\n<li>Bienen im Kiez! Was k\u00f6nnen wir tun?<\/li>\n<\/ul>\n<p><a href=\"http:\/\/www.zukunft-lankwitz.de\/wp-content\/uploads\/2019\/03\/mpdileit3.jpg\"><img loading=\"lazy\" decoding=\"async\" class=\"size-medium wp-image-1043 alignleft\" src=\"http:\/\/www.zukunft-lankwitz.de\/wp-content\/uploads\/2019\/03\/mpdileit3-287x300.jpg\" alt=\"\" width=\"287\" height=\"300\" srcset=\"https:\/\/www.zukunft-lankwitz.de\/wp-content\/uploads\/2019\/03\/mpdileit3-287x300.jpg 287w, https:\/\/www.zukunft-lankwitz.de\/wp-content\/uploads\/2019\/03\/mpdileit3.jpg 474w\" sizes=\"auto, (max-width: 287px) 100vw, 287px\" \/><\/a>Da auch Kinder und Jugendliche B\u00fcrgerinnen und B\u00fcrger von unserem Kiez sind und auch eigene Ideen und W\u00fcnsche haben, bekommen sie wie in den vergangenen Jahren auch einen besonderen Tisch, der nur f\u00fcr sie ist und wo Erwachsene verboten sind, bis auf die Gastgeberin des Kinder und Jugendb\u00fcro Steglitz-Zehlendorf. Warum dies? Leider haben teilweise Erwachsene die Angewohnheit sich einzumischen, zu kommentieren, Ideen klein zu reden und und und. Abgesehen davon, trauen sich manchmal auch die Kinder und Jugendlichen nicht was zu sagen, wenn Erwachsene am Tisch sitzen. Aus dem Grund hier ein eigener kleiner Raum im gro\u00dfen ganzen, sodass auch ihre Ideen Geh\u00f6r finden in der Erwachsenenwelt!<\/p>\n<p>Den Zeitplan werden wir in den n\u00e4chsten Tagen ver\u00f6ffentlichen. Der Marktplatz der Ideen findet am 01.06.2019 in der Zeit von 14 bis 19 Uhr im Rosengarten hinter dem KiJuFam K\u00e4seglocke statt. Kommen Sie vorbei! Gestalten Sie mit! Mischen Sie sich ein! &#8211; Gemeinsam f\u00fcr den Kiez!<\/p>\n<div style=\"padding-bottom:10px; padding-top:5px;\" class=\"hupso-share-buttons\"><!-- Hupso Share Buttons - https:\/\/www.hupso.com\/share\/ --><a class=\"hupso_toolbar\" href=\"https:\/\/www.hupso.com\/share\/\"><img decoding=\"async\" src=\"https:\/\/static.hupso.com\/share\/buttons\/lang\/de\/share-medium.png\" style=\"border:0px; padding-top: 5px; float:left;\" alt=\"Share Button\"\/><\/a><script type=\"text\/javascript\">var hupso_services_t=new Array(\"Twitter\",\"Facebook\",\"Google Plus\");var hupso_background_t=\"#EAF4FF\";var hupso_border_t=\"#66CCFF\";var hupso_toolbar_size_t=\"medium\";var hupso_image_folder_url = \"\";var hupso_url_t=\"\";var hupso_title_t=\"Marktplatz%20der%20Ideen%20-%20Gemeinsam%20mehr%20bewegen%21\";<\/script><script type=\"text\/javascript\" src=\"https:\/\/static.hupso.com\/share\/js\/share_toolbar.js\"><\/script><!-- Hupso Share Buttons --><\/div>","protected":false},"excerpt":{"rendered":"<p>&nbsp; Der Marktplatz der Ideen 2019 steht vor der T\u00fcr. Wir m\u00f6chten ihnen in den n\u00e4chsten Wochen mit dem einen oder anderen Artikel Lust machen vorbeizukommen. Wir werden ihnen die Themen, G\u00e4ste und das drum herum vorstellen. Wir werden nat\u00fcrlich auch eine \u00dcbersicht aller G\u00e4ste und Themen und den Zeiten, wann sie sie treffen k\u00f6nnen, [&hellip;]<\/p>\n<div style=\"padding-bottom:10px; padding-top:5px;\" class=\"hupso-share-buttons\"><!-- Hupso Share Buttons - https:\/\/www.hupso.com\/share\/ --><a class=\"hupso_toolbar\" href=\"https:\/\/www.hupso.com\/share\/\"><img src=\"https:\/\/static.hupso.com\/share\/buttons\/lang\/de\/share-medium.png\" style=\"border:0px; padding-top: 5px; float:left;\" alt=\"Share Button\"\/><\/a><script type=\"text\/javascript\">var hupso_services_t=new Array(\"Twitter\",\"Facebook\",\"Google Plus\");var hupso_background_t=\"#EAF4FF\";var hupso_border_t=\"#66CCFF\";var hupso_toolbar_size_t=\"medium\";var hupso_image_folder_url = \"\";var hupso_url_t=\"\";var hupso_title_t=\"Marktplatz%20der%20Ideen%20-%20Gemeinsam%20mehr%20bewegen%21\";<\/script><script type=\"text\/javascript\" src=\"https:\/\/static.hupso.com\/share\/js\/share_toolbar.js\"><\/script><!-- Hupso Share Buttons --><\/div>","protected":false},"author":2,"featured_media":0,"comment_status":"open","ping_status":"open","sticky":false,"template":"","format":"standard","meta":{"footnotes":""},"categories":[117,3],"tags":[9,8,223],"class_list":["post-1040","post","type-post","status-publish","format-standard","hentry","category-marktplatz-der-ideen","category-runder-tisch","tag-gaeste","tag-marktplatz-der-ideen","tag-themen-2019"],"_links":{"self":[{"href":"https:\/\/www.zukunft-lankwitz.de\/index.php?rest_route=\/wp\/v2\/posts\/1040","targetHints":{"allow":["GET"]}}],"collection":[{"href":"https:\/\/www.zukunft-lankwitz.de\/index.php?rest_route=\/wp\/v2\/posts"}],"about":[{"href":"https:\/\/www.zukunft-lankwitz.de\/index.php?rest_route=\/wp\/v2\/types\/post"}],"author":[{"embeddable":true,"href":"https:\/\/www.zukunft-lankwitz.de\/index.php?rest_route=\/wp\/v2\/users\/2"}],"replies":[{"embeddable":true,"href":"https:\/\/www.zukunft-lankwitz.de\/index.php?rest_route=%2Fwp%2Fv2%2Fcomments&post=1040"}],"version-history":[{"count":5,"href":"https:\/\/www.zukunft-lankwitz.de\/index.php?rest_route=\/wp\/v2\/posts\/1040\/revisions"}],"predecessor-version":[{"id":1146,"href":"https:\/\/www.zukunft-lankwitz.de\/index.php?rest_route=\/wp\/v2\/posts\/1040\/revisions\/1146"}],"wp:attachment":[{"href":"https:\/\/www.zukunft-lankwitz.de\/index.php?rest_route=%2Fwp%2Fv2%2Fmedia&parent=1040"}],"wp:term":[{"taxonomy":"category","embeddable":true,"href":"https:\/\/www.zukunft-lankwitz.de\/index.php?rest_route=%2Fwp%2Fv2%2Fcategories&post=1040"},{"taxonomy":"post_tag","embeddable":true,"href":"https:\/\/www.zukunft-lankwitz.de\/index.php?rest_route=%2Fwp%2Fv2%2Ftags&post=1040"}],"curies":[{"name":"wp","href":"https:\/\/api.w.org\/{rel}","templated":true}]}}