{"id":1048,"date":"2019-04-08T12:00:06","date_gmt":"2019-04-08T10:00:06","guid":{"rendered":"http:\/\/www.zukunft-lankwitz.de\/?p=1048"},"modified":"2019-03-05T13:17:38","modified_gmt":"2019-03-05T12:17:38","slug":"gaeste-des-marktplatz-der-ideen-stellen-sich-vor-politik-in-der-uebersicht","status":"publish","type":"post","link":"https:\/\/www.zukunft-lankwitz.de\/?p=1048","title":{"rendered":"G\u00e4ste des Marktplatz der Ideen stellen sich vor: Politik in der \u00dcbersicht"},"content":{"rendered":"<p>Die \u00dcberschrift stimmt nur bedingt. Wir m\u00f6chten Ihnen in den n\u00e4chsten Tagen in unterschiedlichen Artikeln die Bezirksb\u00fcrgermeisterin und die Bezirksstadtr\u00e4tinnen und Bezirksstadtr\u00e4te vorstellen die beim Marktplatz der Ideen f\u00fcr Sie zum Gespr\u00e4ch als &#8222;Gastgeber&#8220; f\u00fcr eine Stunde da sind.<\/p>\n<p>Warum stimmt die \u00dcberschrift nur bedingt? Sind die Stadtr\u00e4te keine Politiker? &#8211; Die Stadtr\u00e4te geh\u00f6ren alle zu einer Partei &#8211; Partei = Poliktik! Ja und nein. Die B\u00fcrgermeisterin und Stadtr\u00e4t_innen bilden das sogenannte Bezirksamt.<\/p>\n<div id=\"attachment_1049\" style=\"width: 1040px\" class=\"wp-caption aligncenter\"><a href=\"http:\/\/www.zukunft-lankwitz.de\/wp-content\/uploads\/2019\/03\/orgbakomplett.jpg\"><img loading=\"lazy\" decoding=\"async\" aria-describedby=\"caption-attachment-1049\" class=\"wp-image-1049 size-full\" src=\"http:\/\/www.zukunft-lankwitz.de\/wp-content\/uploads\/2019\/03\/orgbakomplett.jpg\" alt=\"\" width=\"1030\" height=\"679\" srcset=\"https:\/\/www.zukunft-lankwitz.de\/wp-content\/uploads\/2019\/03\/orgbakomplett.jpg 1030w, https:\/\/www.zukunft-lankwitz.de\/wp-content\/uploads\/2019\/03\/orgbakomplett-300x198.jpg 300w, https:\/\/www.zukunft-lankwitz.de\/wp-content\/uploads\/2019\/03\/orgbakomplett-768x506.jpg 768w, https:\/\/www.zukunft-lankwitz.de\/wp-content\/uploads\/2019\/03\/orgbakomplett-1024x675.jpg 1024w, https:\/\/www.zukunft-lankwitz.de\/wp-content\/uploads\/2019\/03\/orgbakomplett-624x411.jpg 624w\" sizes=\"auto, (max-width: 1030px) 100vw, 1030px\" \/><\/a><p id=\"caption-attachment-1049\" class=\"wp-caption-text\">Organigramm der Verwaltung &#8211; Quelle: Organisationsplan des Bezirksamts Steglitz-Zehlendorf von Berlin<\/p><\/div>\n<p>Dieses Organigramm zeigt auf was das sog. Bezirksamt ist. Die Bezirksb\u00fcrgermeisterin und die Bezirksstadtr\u00e4tinnen und Bezirksstadtr\u00e4te bilden die Verwaltungsbeh\u00f6rde des Bezirks und so bilden sie das Bezirksamt. Die Politische Entscheidungsinstanz ist die Bezirksverordentenversammlung (BVV).<\/p>\n<p>Wie eingangs erw\u00e4hnt m\u00f6chten wir Ihnen in den\u00a0 n\u00e4chsten Tagen in verschiedenen Artikeln die Bezirksb\u00fcrgermeisterin und die Bezirksstadtr\u00e4tinnen und Bezirksstadtr\u00e4te und ihre Abteilungen vorstellen. Der Zeitplan hierzu ist wie folgt:<\/p>\n<p>Dienstag: 9. April 12.00 Uhr Bezirksb\u00fcrgermeisterin Cerstin Richter-Kotowski (CDU) Abteilung Finanzen, Personal, Stadtentwicklung und Wirtschaftsf\u00f6rderung<\/p>\n<p>Mittwoch: 10. April 12.00 Uhr Bezirksstadtrat und stellv. Bezirksb\u00fcrgermeister Michael Karnetzki (SPD) Abteilung Ordnung, Nahverkehr und B\u00fcrgerdienste<\/p>\n<p>Donnerstag: 11. April 12.00 Uhr Bezirksstadtr\u00e4tin Maren Schellenberg (Gr\u00fcne) Abteilung Immobilien, Umwelt und Tiefbau<\/p>\n<p>Freitag: 12. April 12.00 Uhr Bezirksstadtr\u00e4tin Carolia B\u00f6hm (SPD) Abteilung Jugend und Gesundheit<\/p>\n<p>Samstag: 13. April 12.00 Uhr Bezirksstadtrat Frank M\u00fckisch Abteilung Bildung, Kultur, Sport und Soziales<\/p>\n<p>Sonntag: 14. April 12.00 Uhr Abschlu\u00df und Zeitplan f\u00fcr den Bereich Politik<\/p>\n<p>&nbsp;<\/p>\n<p>&nbsp;<\/p>\n<p>&nbsp;<\/p>\n<div style=\"padding-bottom:10px; padding-top:5px;\" class=\"hupso-share-buttons\"><!-- Hupso Share Buttons - https:\/\/www.hupso.com\/share\/ --><a class=\"hupso_toolbar\" href=\"https:\/\/www.hupso.com\/share\/\"><img decoding=\"async\" src=\"https:\/\/static.hupso.com\/share\/buttons\/lang\/de\/share-medium.png\" style=\"border:0px; padding-top: 5px; float:left;\" alt=\"Share Button\"\/><\/a><script type=\"text\/javascript\">var hupso_services_t=new Array(\"Twitter\",\"Facebook\",\"Google Plus\");var hupso_background_t=\"#EAF4FF\";var hupso_border_t=\"#66CCFF\";var hupso_toolbar_size_t=\"medium\";var hupso_image_folder_url = \"\";var hupso_url_t=\"\";var hupso_title_t=\"G%C3%A4ste%20des%20Marktplatz%20der%20Ideen%20stellen%20sich%20vor%3A%20Politik%20in%20der%20%C3%9Cbersicht\";<\/script><script type=\"text\/javascript\" src=\"https:\/\/static.hupso.com\/share\/js\/share_toolbar.js\"><\/script><!-- Hupso Share Buttons --><\/div>","protected":false},"excerpt":{"rendered":"<p>Die \u00dcberschrift stimmt nur bedingt. Wir m\u00f6chten Ihnen in den n\u00e4chsten Tagen in unterschiedlichen Artikeln die Bezirksb\u00fcrgermeisterin und die Bezirksstadtr\u00e4tinnen und Bezirksstadtr\u00e4te vorstellen die beim Marktplatz der Ideen f\u00fcr Sie zum Gespr\u00e4ch als &#8222;Gastgeber&#8220; f\u00fcr eine Stunde da sind. Warum stimmt die \u00dcberschrift nur bedingt? Sind die Stadtr\u00e4te keine Politiker? &#8211; Die Stadtr\u00e4te geh\u00f6ren alle [&hellip;]<\/p>\n<div style=\"padding-bottom:10px; padding-top:5px;\" class=\"hupso-share-buttons\"><!-- Hupso Share Buttons - https:\/\/www.hupso.com\/share\/ --><a class=\"hupso_toolbar\" href=\"https:\/\/www.hupso.com\/share\/\"><img src=\"https:\/\/static.hupso.com\/share\/buttons\/lang\/de\/share-medium.png\" style=\"border:0px; padding-top: 5px; float:left;\" alt=\"Share Button\"\/><\/a><script type=\"text\/javascript\">var hupso_services_t=new Array(\"Twitter\",\"Facebook\",\"Google Plus\");var hupso_background_t=\"#EAF4FF\";var hupso_border_t=\"#66CCFF\";var hupso_toolbar_size_t=\"medium\";var hupso_image_folder_url = \"\";var hupso_url_t=\"\";var hupso_title_t=\"G%C3%A4ste%20des%20Marktplatz%20der%20Ideen%20stellen%20sich%20vor%3A%20Politik%20in%20der%20%C3%9Cbersicht\";<\/script><script type=\"text\/javascript\" src=\"https:\/\/static.hupso.com\/share\/js\/share_toolbar.js\"><\/script><!-- Hupso Share Buttons --><\/div>","protected":false},"author":2,"featured_media":0,"comment_status":"open","ping_status":"open","sticky":false,"template":"","format":"standard","meta":{"footnotes":""},"categories":[117,3],"tags":[236,8],"class_list":["post-1048","post","type-post","status-publish","format-standard","hentry","category-marktplatz-der-ideen","category-runder-tisch","tag-bezirksamt","tag-marktplatz-der-ideen"],"_links":{"self":[{"href":"https:\/\/www.zukunft-lankwitz.de\/index.php?rest_route=\/wp\/v2\/posts\/1048","targetHints":{"allow":["GET"]}}],"collection":[{"href":"https:\/\/www.zukunft-lankwitz.de\/index.php?rest_route=\/wp\/v2\/posts"}],"about":[{"href":"https:\/\/www.zukunft-lankwitz.de\/index.php?rest_route=\/wp\/v2\/types\/post"}],"author":[{"embeddable":true,"href":"https:\/\/www.zukunft-lankwitz.de\/index.php?rest_route=\/wp\/v2\/users\/2"}],"replies":[{"embeddable":true,"href":"https:\/\/www.zukunft-lankwitz.de\/index.php?rest_route=%2Fwp%2Fv2%2Fcomments&post=1048"}],"version-history":[{"count":5,"href":"https:\/\/www.zukunft-lankwitz.de\/index.php?rest_route=\/wp\/v2\/posts\/1048\/revisions"}],"predecessor-version":[{"id":1148,"href":"https:\/\/www.zukunft-lankwitz.de\/index.php?rest_route=\/wp\/v2\/posts\/1048\/revisions\/1148"}],"wp:attachment":[{"href":"https:\/\/www.zukunft-lankwitz.de\/index.php?rest_route=%2Fwp%2Fv2%2Fmedia&parent=1048"}],"wp:term":[{"taxonomy":"category","embeddable":true,"href":"https:\/\/www.zukunft-lankwitz.de\/index.php?rest_route=%2Fwp%2Fv2%2Fcategories&post=1048"},{"taxonomy":"post_tag","embeddable":true,"href":"https:\/\/www.zukunft-lankwitz.de\/index.php?rest_route=%2Fwp%2Fv2%2Ftags&post=1048"}],"curies":[{"name":"wp","href":"https:\/\/api.w.org\/{rel}","templated":true}]}}