{"id":1066,"date":"2019-04-10T12:00:23","date_gmt":"2019-04-10T10:00:23","guid":{"rendered":"http:\/\/www.zukunft-lankwitz.de\/?p=1066"},"modified":"2019-03-07T10:47:33","modified_gmt":"2019-03-07T09:47:33","slug":"gaeste-des-marktplatz-der-ideen-stellen-sich-vor-politik-die-stadtraetinnen-und-stadtraete-teil-1","status":"publish","type":"post","link":"https:\/\/www.zukunft-lankwitz.de\/?p=1066","title":{"rendered":"G\u00e4ste des Marktplatz der Ideen stellen sich vor: Politik &#8211; Die Stadtr\u00e4tinnen und Stadtr\u00e4te Teil 1"},"content":{"rendered":"<p>Wie in dem Artikel\u00a0<a href=\"http:\/\/www.zukunft-lankwitz.de\/?p=1048\">G\u00e4ste des Marktplatz der Ideen stellen sich vor: Politik in der \u00dcbersicht <\/a>\u00a0beschrieben bildet das Bezirksamt nicht nur die B\u00fcrgermeisterin Cerstin Richter-Kotowski, sondern auch die Stadtr\u00e4tinnen und Stadtr\u00e4te. Wir m\u00f6chten sie nun in den kommenden Artikeln mit Ihren Aufgabengebieten vorstellen. Wir starten mit Bezirkstadtrat und stellv. Bezirksb\u00fcrgermeister Michael Karnetzki.<\/p>\n<div id=\"attachment_1075\" style=\"width: 1186px\" class=\"wp-caption alignright\"><a href=\"http:\/\/www.zukunft-lankwitz.de\/wp-content\/uploads\/2019\/04\/strkar1.jpg\"><img loading=\"lazy\" decoding=\"async\" aria-describedby=\"caption-attachment-1075\" class=\"wp-image-1075 size-full\" src=\"http:\/\/www.zukunft-lankwitz.de\/wp-content\/uploads\/2019\/04\/strkar1.jpg\" alt=\"\" width=\"1176\" height=\"729\" srcset=\"https:\/\/www.zukunft-lankwitz.de\/wp-content\/uploads\/2019\/04\/strkar1.jpg 1176w, https:\/\/www.zukunft-lankwitz.de\/wp-content\/uploads\/2019\/04\/strkar1-300x186.jpg 300w, https:\/\/www.zukunft-lankwitz.de\/wp-content\/uploads\/2019\/04\/strkar1-768x476.jpg 768w, https:\/\/www.zukunft-lankwitz.de\/wp-content\/uploads\/2019\/04\/strkar1-1024x635.jpg 1024w, https:\/\/www.zukunft-lankwitz.de\/wp-content\/uploads\/2019\/04\/strkar1-624x387.jpg 624w\" sizes=\"auto, (max-width: 1176px) 100vw, 1176px\" \/><\/a><p id=\"caption-attachment-1075\" class=\"wp-caption-text\">Organigramm Abteilung Ordnung, Nahverkehr und B\u00fcrgerdienste &#8211; Quelle: Organisationsplan des Bezirksamts Steglitz-Zehlendorf von Berlin<\/p><\/div>\n<p>&nbsp;<\/p>\n<p>&nbsp;<\/p>\n<p>&nbsp;<\/p>\n<p>&nbsp;<\/p>\n<p>&nbsp;<\/p>\n<p>&nbsp;<\/p>\n<p>&nbsp;<\/p>\n<p>&nbsp;<\/p>\n<p>Der Bezirksstadtrat Michael Karnetzki ist f\u00fcr die Abteilungen Ordnung, Nahverkehr und B\u00fcrgerdienste.\u00a0 An den Bezirksstadtrat ist die Frauen und Geleichstellungsbeauftragte angedockt.<\/p>\n<p><!--more--><\/p>\n<p>Zu dem Amt f\u00fcr B\u00fcrgerdienste geh\u00f6rt das B\u00fcrgeramt, das Wahlamt das Standesamt \/ Staatsangeh\u00f6rigkeitsangelegenheiten und das Wohnungsamt.<\/p>\n<p>Im B\u00fcrgeramt k\u00f6nnen sie folgende Dinge erledigen:<\/p>\n<ul>\n<li>Personalausweis-und Passangelegenheiten<\/li>\n<li>Meldeangelegenheiten (An-, Ab- und Ummeldungen,<br \/>\nMelderegisterausk\u00fcnfte)<\/li>\n<li>Ordnungswidrigkeitenverfahren im Personalausweis-, Pass- und Melderecht<\/li>\n<li>Antragsannahme f\u00fcr F\u00fchrerscheinangelegenheiten<\/li>\n<li>Stilllegung von Fahrzeugen und Anh\u00e4ngern<br \/>\nBeglaubigungen<\/li>\n<li>Antragsannahme f\u00fcr Ausz\u00fcge aus dem Bundesund<br \/>\ndem Gewerbezentralregister f\u00fcr nat\u00fcrliche<br \/>\nPersonen<\/li>\n<li>Ausstellen von Leichenp\u00e4ssen<\/li>\n<li>Erteilung von Vignetten und Ausnahmegenehmigungen<br \/>\nin der Parkraumbewirtschaftung<\/li>\n<li>Entgegennahme von Fundsachen<\/li>\n<li>Annahme von Wohngeldantr\u00e4gen<\/li>\n<li>Annahme von Kita-, Tagespflege- und Hortantr\u00e4gen<\/li>\n<li>\u00dcbertrag von vorhandenen Aufenthaltstiteln in<br \/>\neinen neuen Pass<\/li>\n<li>Beratung und Information zu den genannten<br \/>\nAngelegenheiten<\/li>\n<li>Ausk\u00fcnfte zu Ansprechpartnern in anderen<br \/>\nAngelegenheiten<\/li>\n<li>Ausstellung und Verl\u00e4ngerung von Berlin-P\u00e4ssen<\/li>\n<li>Verkauf von Ferien- und Familienp\u00e4ssen<\/li>\n<\/ul>\n<p>Das Wahlamt nicht nur zust\u00e4ndig s\u00e4mtliche Wahlen wie Europa-, Bundestags- und Landtagswahlen zu organisieren, sondern auch f\u00fcr:<\/p>\n<ul>\n<li>Organisation von Wahlen und Abstimmungen<\/li>\n<li>Pr\u00fcfen von Unterst\u00fctzungsunterschriften f\u00fcr Initiativen und Begehren<\/li>\n<li>Vorbereitung der Wahlen f\u00fcr Schiedsleute<\/li>\n<li>Zusammenstellen der Vorschlagslisten f\u00fcr Sch\u00f6ffen<br \/>\nund ehrenamtliche Verwaltungsrichter\/innen<\/li>\n<\/ul>\n<p>Der Fachbereich Standesamt und Staatsangeh\u00f6rigkeitsangelegenheiten ist in der Hauptsache f\u00fcr Beurkundungen in Falle von Geburt, Eheschlie\u00dfung oder Todesfall zust\u00e4ndig. Und nat\u00fcrlich auch f\u00fcr Eheschlie\u00dfung. Sowie auch f\u00fcr die Staatsangeh\u00f6rigkeitenpr\u00fcfung, beibehaltung bzw. entlassung aus der deutschen Staatsangeh\u00f6rigkeit.<\/p>\n<p>Der Fachbereich Wohnungsamt ist f\u00fcr alles rund um das Thema Wohnen zust\u00e4ndig wie z.B.:<\/p>\n<ul>\n<li>Wohngeld (Mietzuschuss, Lastenzuschuss)<\/li>\n<li>Wohnberechtigungsscheine, Selbstbenutzungsgenehmigungen,<br \/>\nRichtlinienvereinbarte F\u00f6rderung<\/li>\n<li>Eigentumsma\u00dfnahmen, Selbstbenutzungsgenehmigungen,<br \/>\nEinkommens\u00fcberpr\u00fcfungen<\/li>\n<li>Pflege des bezirklichen Wohnungskatasters, Freistellungsgenehmigungen<\/li>\n<li>Mietspiegelausk\u00fcnfte<\/li>\n<li>Wahrnehmung der Belegungsrechte f\u00fcr Wohnungen aus dem Bestand der DEGEWO und<br \/>\nf\u00fcr Arbeitgeberdarlehenswohnungen<\/li>\n<li>Leistungen nach dem Bildungs- und Teilhabepaket<\/li>\n<li>Kontrolle und Durchsetzung der Wohnungsbindung im sozialen Wohnungsbau<\/li>\n<li>Bek\u00e4mpfung und Verfolgung der Zweckentfremdug<br \/>\nvon Wohnraum<\/li>\n<\/ul>\n<div id=\"attachment_1076\" style=\"width: 1197px\" class=\"wp-caption alignright\"><img loading=\"lazy\" decoding=\"async\" aria-describedby=\"caption-attachment-1076\" class=\"wp-image-1076 size-full\" src=\"http:\/\/www.zukunft-lankwitz.de\/wp-content\/uploads\/2019\/04\/strkar2.jpg\" alt=\"\" width=\"1187\" height=\"753\" srcset=\"https:\/\/www.zukunft-lankwitz.de\/wp-content\/uploads\/2019\/04\/strkar2.jpg 1187w, https:\/\/www.zukunft-lankwitz.de\/wp-content\/uploads\/2019\/04\/strkar2-300x190.jpg 300w, https:\/\/www.zukunft-lankwitz.de\/wp-content\/uploads\/2019\/04\/strkar2-768x487.jpg 768w, https:\/\/www.zukunft-lankwitz.de\/wp-content\/uploads\/2019\/04\/strkar2-1024x650.jpg 1024w, https:\/\/www.zukunft-lankwitz.de\/wp-content\/uploads\/2019\/04\/strkar2-624x396.jpg 624w\" sizes=\"auto, (max-width: 1187px) 100vw, 1187px\" \/><p id=\"caption-attachment-1076\" class=\"wp-caption-text\">Organigramm Abteilung Ordnung, Nahverkehr und B\u00fcrgerdienste &#8211; Quelle: Organisationsplan des Bezirksamts Steglitz-Zehlendorf von Berlin<\/p><\/div>\n<p>Das Ordnungsamt hat einen sehr breites Aufgabenfeld mit zwei Fachbereichen. Der eine ist der Fachbereich Zentrale Anlauf- und Beratungsstelle \/ Ordnung im \u00f6ffentlichen Raum mit den Aufgaben:<\/p>\n<ul>\n<li>Zentrale Anlauf- und Beratungsstelle<\/li>\n<li>\u00dcberwachung der Sicherheit und Sauberkeit auf Stra\u00dfen, Parks, Gr\u00fcnfl\u00e4chen, der Schneer\u00e4umpflicht, der Einhaltung der Parkordnung in \u00f6ffentlichen Gr\u00fcnanlagen, des Hundegesetzes, der Einhaltung des L\u00e4rmschutzes bei Haus- und Nachbarschaftsl\u00e4rm, der Wildplakatierung und des Sprengstoffgesetzes<\/li>\n<li>\u00dcberwachung der Parkraumbewirtschaftung und des ruhenden Verkehrs<\/li>\n<li>Genehmigungen f\u00fcr das Abbrennen von Feuerwerksk\u00f6rpern<\/li>\n<li>Genehmigungen zur Verteilung von Werbematerialien<\/li>\n<li>Gewerbeerlaubnisse und Gewerbeanzeigen<\/li>\n<li>Betriebserlaubnisse nach dem Prostituiertenschutzgesetz<\/li>\n<li>Gewerbeuntersagungen und Gewerbeversagungen<\/li>\n<li>Erlaubnisversagungen und Erlaubniswiderrufe<\/li>\n<li>Ordnungswidrigkeitenverfahren (u.a. Jugend- und Nichtraucherschutz, Gewerbe- und Spielrecht, verhaltensbedingter L\u00e4rm)<\/li>\n<li>Betriebspr\u00fcfungen<\/li>\n<li>Verbraucheraufkl\u00e4rung<\/li>\n<li>Gewerbestatistik<\/li>\n<li>Bezirkliche Kopfstelle f\u00fcr den Einheitlichen Ansprechpartner im Rahmen der EU-Dienstleistungsrichtlinie<\/li>\n<\/ul>\n<p>Der zweite Fachbereich des Ordnungsamtes\u00a0 ist die Veterin\u00e4r- und Lebensmittelaufsicht mit den folgenden Aufgaben:<\/p>\n<ul>\n<li>Amtstier\u00e4rztlicher Dienst<\/li>\n<li>\u00dcberwachung des Verkehrs mit Lebensmitteln, Tabakerzeugnisse, kosmetischen Mitteln und sonstigen Bedarfsgegenst\u00e4nden<\/li>\n<li>Angelegenheiten nach dem Futtermittel- und<br \/>\nTierseuchenrecht<\/li>\n<li>Tierseuchenbek\u00e4mpfung, Tierk\u00f6rperbeseitigung<\/li>\n<li>Tierschutz, \u00dcberwachung von Tierhaltungen und Veranstaltungen mit Tieren<\/li>\n<li>Ordnungsbeh\u00f6rdliche Ma\u00dfnahmen bei gef\u00e4hrlichen Tieren<\/li>\n<li>Angelegenheiten nach dem Hundegesetz<\/li>\n<li>Ausstellung von Attesten im internationalen Reise-, Tier- und Warenverkehr<\/li>\n<li>\u00dcberwachung der Einhaltung der Handelsklassen- und Preisangabenverordnung<\/li>\n<\/ul>\n<p>Bezirksstadtrat und stellv. Bezirksb\u00fcrger Michael Karnetzki wird beim Marktplatz der Ideen wie folgt f\u00fcr Ihre Ideen und W\u00fcnsche zum Gespr\u00e4ch da sein:<\/p>\n<p>Samstag, den 1. Juni<br \/>\n17.30 bis 18.30 Uhr<\/p>\n<p>Kommen Sie vorbei und gestalten Sie mit beim Marktplatz der Ideen 2019!<\/p>\n<div style=\"padding-bottom:10px; padding-top:5px;\" class=\"hupso-share-buttons\"><!-- Hupso Share Buttons - https:\/\/www.hupso.com\/share\/ --><a class=\"hupso_toolbar\" href=\"https:\/\/www.hupso.com\/share\/\"><img decoding=\"async\" src=\"https:\/\/static.hupso.com\/share\/buttons\/lang\/de\/share-medium.png\" style=\"border:0px; padding-top: 5px; float:left;\" alt=\"Share Button\"\/><\/a><script type=\"text\/javascript\">var hupso_services_t=new Array(\"Twitter\",\"Facebook\",\"Google Plus\");var hupso_background_t=\"#EAF4FF\";var hupso_border_t=\"#66CCFF\";var hupso_toolbar_size_t=\"medium\";var hupso_image_folder_url = \"\";var hupso_url_t=\"\";var hupso_title_t=\"G%C3%A4ste%20des%20Marktplatz%20der%20Ideen%20stellen%20sich%20vor%3A%20Politik%20-%20Die%20Stadtr%C3%A4tinnen%20und%20Stadtr%C3%A4te%20Teil%201\";<\/script><script type=\"text\/javascript\" src=\"https:\/\/static.hupso.com\/share\/js\/share_toolbar.js\"><\/script><!-- Hupso Share Buttons --><\/div>","protected":false},"excerpt":{"rendered":"<p>Wie in dem Artikel\u00a0G\u00e4ste des Marktplatz der Ideen stellen sich vor: Politik in der \u00dcbersicht \u00a0beschrieben bildet das Bezirksamt nicht nur die B\u00fcrgermeisterin Cerstin Richter-Kotowski, sondern auch die Stadtr\u00e4tinnen und Stadtr\u00e4te. Wir m\u00f6chten sie nun in den kommenden Artikeln mit Ihren Aufgabengebieten vorstellen. Wir starten mit Bezirkstadtrat und stellv. Bezirksb\u00fcrgermeister Michael Karnetzki. &nbsp; &nbsp; &nbsp; [&hellip;]<\/p>\n<div style=\"padding-bottom:10px; padding-top:5px;\" class=\"hupso-share-buttons\"><!-- Hupso Share Buttons - https:\/\/www.hupso.com\/share\/ --><a class=\"hupso_toolbar\" href=\"https:\/\/www.hupso.com\/share\/\"><img src=\"https:\/\/static.hupso.com\/share\/buttons\/lang\/de\/share-medium.png\" style=\"border:0px; padding-top: 5px; float:left;\" alt=\"Share Button\"\/><\/a><script type=\"text\/javascript\">var hupso_services_t=new Array(\"Twitter\",\"Facebook\",\"Google Plus\");var hupso_background_t=\"#EAF4FF\";var hupso_border_t=\"#66CCFF\";var hupso_toolbar_size_t=\"medium\";var hupso_image_folder_url = \"\";var hupso_url_t=\"\";var hupso_title_t=\"G%C3%A4ste%20des%20Marktplatz%20der%20Ideen%20stellen%20sich%20vor%3A%20Politik%20-%20Die%20Stadtr%C3%A4tinnen%20und%20Stadtr%C3%A4te%20Teil%201\";<\/script><script type=\"text\/javascript\" src=\"https:\/\/static.hupso.com\/share\/js\/share_toolbar.js\"><\/script><!-- Hupso Share Buttons --><\/div>","protected":false},"author":2,"featured_media":0,"comment_status":"open","ping_status":"open","sticky":false,"template":"","format":"standard","meta":{"footnotes":""},"categories":[213,117,64,52],"tags":[167,242,23],"class_list":["post-1066","post","type-post","status-publish","format-standard","hentry","category-kiezfest","category-marktplatz-der-ideen","category-strassen-und-verkehr","category-veranstaltungen","tag-bezirksstadtrat-michael-karnetzki","tag-buergeramt","tag-ordnungsamt"],"_links":{"self":[{"href":"https:\/\/www.zukunft-lankwitz.de\/index.php?rest_route=\/wp\/v2\/posts\/1066","targetHints":{"allow":["GET"]}}],"collection":[{"href":"https:\/\/www.zukunft-lankwitz.de\/index.php?rest_route=\/wp\/v2\/posts"}],"about":[{"href":"https:\/\/www.zukunft-lankwitz.de\/index.php?rest_route=\/wp\/v2\/types\/post"}],"author":[{"embeddable":true,"href":"https:\/\/www.zukunft-lankwitz.de\/index.php?rest_route=\/wp\/v2\/users\/2"}],"replies":[{"embeddable":true,"href":"https:\/\/www.zukunft-lankwitz.de\/index.php?rest_route=%2Fwp%2Fv2%2Fcomments&post=1066"}],"version-history":[{"count":4,"href":"https:\/\/www.zukunft-lankwitz.de\/index.php?rest_route=\/wp\/v2\/posts\/1066\/revisions"}],"predecessor-version":[{"id":1078,"href":"https:\/\/www.zukunft-lankwitz.de\/index.php?rest_route=\/wp\/v2\/posts\/1066\/revisions\/1078"}],"wp:attachment":[{"href":"https:\/\/www.zukunft-lankwitz.de\/index.php?rest_route=%2Fwp%2Fv2%2Fmedia&parent=1066"}],"wp:term":[{"taxonomy":"category","embeddable":true,"href":"https:\/\/www.zukunft-lankwitz.de\/index.php?rest_route=%2Fwp%2Fv2%2Fcategories&post=1066"},{"taxonomy":"post_tag","embeddable":true,"href":"https:\/\/www.zukunft-lankwitz.de\/index.php?rest_route=%2Fwp%2Fv2%2Ftags&post=1066"}],"curies":[{"name":"wp","href":"https:\/\/api.w.org\/{rel}","templated":true}]}}