{"id":1086,"date":"2019-04-13T12:00:23","date_gmt":"2019-04-13T10:00:23","guid":{"rendered":"http:\/\/www.zukunft-lankwitz.de\/?p=1086"},"modified":"2019-04-11T19:38:52","modified_gmt":"2019-04-11T17:38:52","slug":"gaeste-des-marktplatz-der-ideen-stellen-sich-vor-politik-die-stadtraetinnen-und-stadtraete-teil-3","status":"publish","type":"post","link":"https:\/\/www.zukunft-lankwitz.de\/?p=1086","title":{"rendered":"G\u00e4ste des Marktplatz der Ideen stellen sich vor: Politik &#8211; Die Stadtr\u00e4tinnen und Stadtr\u00e4te Teil 4"},"content":{"rendered":"<p>Am vierten Tag der Vorstellung der G\u00e4ste aus dem Bereich des Bezirksamt Steglitz-Zehlendorf stellen wir Bezirkstadtrat Frank M\u00fckisch vor. Er ist zust\u00e4ndig f\u00fcr die Abteilungen Bildung, Kultur, Sport und Soziales. Zu diesen Abteilungen geh\u00f6ren das Amt f\u00fcr Soziales, Amt f\u00fcr Weiterbildung und Kultur und das Schul- und Sportamt. Was sich hinter den Abteilungen alles verbirgt m\u00f6chten wir in diesem Artikel beschreiben.<\/p>\n<p>Das Amt f\u00fcr Soziales gliedert sich auf in die Fachbereiche Durchsetzung von Anspr\u00fcchen, Materielle Hilfen, Sozialdienst, Seniorenbetreuung und Ehrenamtlicher Dienst und der Fachbereich Betreuungsbeh\u00f6rde.<\/p>\n<p>Fachbereich Durchsetzung von Anspr\u00fcchen:<\/p>\n<ul>\n<li>Widerspruchsstelle<\/li>\n<li>Kosteneinziehung, Grundverm\u00f6gen<\/li>\n<li>Unterhaltsstelle<\/li>\n<li>Sozialhilfe f\u00fcr Deutsche im Ausland<\/li>\n<li>Bestattungskosten nach dem Sozialgesetzbuch XII<\/li>\n<\/ul>\n<div id=\"attachment_1088\" style=\"width: 1191px\" class=\"wp-caption alignright\"><a href=\"http:\/\/www.zukunft-lankwitz.de\/wp-content\/uploads\/2019\/03\/strmue1.jpg\"><img loading=\"lazy\" decoding=\"async\" aria-describedby=\"caption-attachment-1088\" class=\"wp-image-1088 size-full\" src=\"http:\/\/www.zukunft-lankwitz.de\/wp-content\/uploads\/2019\/03\/strmue1.jpg\" alt=\"\" width=\"1181\" height=\"757\" srcset=\"https:\/\/www.zukunft-lankwitz.de\/wp-content\/uploads\/2019\/03\/strmue1.jpg 1181w, https:\/\/www.zukunft-lankwitz.de\/wp-content\/uploads\/2019\/03\/strmue1-300x192.jpg 300w, https:\/\/www.zukunft-lankwitz.de\/wp-content\/uploads\/2019\/03\/strmue1-768x492.jpg 768w, https:\/\/www.zukunft-lankwitz.de\/wp-content\/uploads\/2019\/03\/strmue1-1024x656.jpg 1024w, https:\/\/www.zukunft-lankwitz.de\/wp-content\/uploads\/2019\/03\/strmue1-624x400.jpg 624w\" sizes=\"auto, (max-width: 1181px) 100vw, 1181px\" \/><\/a><p id=\"caption-attachment-1088\" class=\"wp-caption-text\">Organigramm Amt f\u00fcr Soziales &#8211; Quelle: Organisationsplan des Bezirksamts Steglitz-Zehlendorf von Berlin<\/p><\/div>\n<p>&nbsp;<\/p>\n<p>&nbsp;<\/p>\n<p>&nbsp;<\/p>\n<p>&nbsp;<\/p>\n<p>&nbsp;<\/p>\n<p>&nbsp;<\/p>\n<p>&nbsp;<\/p>\n<p>&nbsp;<\/p>\n<p>&nbsp;<\/p>\n<p><!--more--><\/p>\n<p>Fachbereich Materielle Hilfen, Sozialdienst, Seniorenbetreuung und Ehrenamtlicher Dienst<\/p>\n<ul>\n<li>Schuldner- und Insolvenzberatung<\/li>\n<li>Widerspruchsstelle<\/li>\n<li>Kosteneinziehung, Grundverm\u00f6gen<\/li>\n<li>Unterhaltsstelle<\/li>\n<li>Sozialhilfe f\u00fcr Deutsche im Ausland<\/li>\n<li>Bestattungskosten nach dem Sozialgesetzbuch XII<\/li>\n<li>Pers\u00f6nliche und materielle Hilfen nach dem Sozialgesetzbuch XII<\/li>\n<li>Grundsicherung im Alter und bei Erwerbsminderung<\/li>\n<li>Soziale Wohnhilfe, Hilfen f\u00fcr Fl\u00fcchtlinge und Asylbewerber\/innen<\/li>\n<li>Individuelle Hilfen in Einrichtungen (Pflegeeinrichtungen)<\/li>\n<li>Materielle und pers\u00f6nliche Hilfen f\u00fcr Hilflose, Blinde und Behinderte<\/li>\n<li>Pflegegeld, Hilfe zur Pflege<\/li>\n<li>Fallmanagement in der Eingliederungshilfe f\u00fcrMenschen mit Behinderung<\/li>\n<li>Allgemeiner Sozialdienst, Heim- und Pflegeberatung<\/li>\n<li>Mietschuldenberatung, Soziale Wohnhilfe<\/li>\n<li>Altenhilfekoordination<\/li>\n<li>Sozialplanung f\u00fcr Senioreneinrichtungen und Soziale Dienste<\/li>\n<li>Zusammenarbeit mit Verb\u00e4nden der freien Wohlfahrtspflege<\/li>\n<li>Seniorenbetreuung, Freizeitst\u00e4tten, Wohnh\u00e4user und Veranstaltungen<\/li>\n<li>Angebote f\u00fcr Menschen mit einer Behinderung<\/li>\n<li>Ehrenamtlicher Dienst und Gruppenangebote<\/li>\n<li>Geburtstags- und Jubil\u00e4umsehrungen<\/li>\n<\/ul>\n<p>Fachbereich Betreuungsbeh\u00f6rde:<\/p>\n<ul>\n<li>\u00d6rtliche Betreuungsbeh\u00f6rde<\/li>\n<li>Allgemeine Betreuungsangelegenheiten<\/li>\n<li>F\u00fchrung beh\u00f6rdlicher Betreuungen<\/li>\n<\/ul>\n<p>&nbsp;<\/p>\n<div id=\"attachment_1089\" style=\"width: 1187px\" class=\"wp-caption alignright\"><img loading=\"lazy\" decoding=\"async\" aria-describedby=\"caption-attachment-1089\" class=\"wp-image-1089 size-full\" src=\"http:\/\/www.zukunft-lankwitz.de\/wp-content\/uploads\/2019\/03\/strmue2.jpg\" alt=\"\" width=\"1177\" height=\"742\" srcset=\"https:\/\/www.zukunft-lankwitz.de\/wp-content\/uploads\/2019\/03\/strmue2.jpg 1177w, https:\/\/www.zukunft-lankwitz.de\/wp-content\/uploads\/2019\/03\/strmue2-300x189.jpg 300w, https:\/\/www.zukunft-lankwitz.de\/wp-content\/uploads\/2019\/03\/strmue2-768x484.jpg 768w, https:\/\/www.zukunft-lankwitz.de\/wp-content\/uploads\/2019\/03\/strmue2-1024x646.jpg 1024w, https:\/\/www.zukunft-lankwitz.de\/wp-content\/uploads\/2019\/03\/strmue2-624x393.jpg 624w\" sizes=\"auto, (max-width: 1177px) 100vw, 1177px\" \/><p id=\"caption-attachment-1089\" class=\"wp-caption-text\">Organigramm Amt f\u00fcr Weiterbildung und Kultur &#8211; Quelle: Organisationsplan des Bezirksamts Steglitz-Zehlendorf von Berlin<\/p><\/div>\n<p>&nbsp;<\/p>\n<p>&nbsp;<\/p>\n<p>&nbsp;<\/p>\n<p>&nbsp;<\/p>\n<p>&nbsp;<\/p>\n<p>&nbsp;<\/p>\n<p>&nbsp;<\/p>\n<p>&nbsp;<\/p>\n<p>&nbsp;<\/p>\n<p>&nbsp;<\/p>\n<p>&nbsp;<\/p>\n<p>Das Amt f\u00fcr Weiterbildung und Kultur\u00a0 unterteilt sich in die Fachbereiche Volkshochschule, Musikschule, Bibliotheken und Kultur.<\/p>\n<p>Fachbereich Volkshochschule:<\/p>\n<ul>\n<li>Kurse und Einzelveranstaltungen in den Programmbereichen:<\/li>\n<li>Politik, Gesellschaft, Umwelt, P\u00e4dagogik, Psychologie, Philosophie<\/li>\n<li>Kultur und Gestalten<\/li>\n<li>Gesundheitsbildung<\/li>\n<li>30 Fremdsprachen einschlie\u00dflich einem Integrationsangebot \u201eDeutsch als Zweitsprache\u201c<\/li>\n<li>Arbeit und Beruf<\/li>\n<li>Grundbildung und Schulabschl\u00fcsse im Rahmen des Zweiten Bildungswegs<\/li>\n<\/ul>\n<p>Weitere Bildungsangebote:<\/p>\n<ul>\n<li>Schriftliche Spracheinstufungstests in 18 Sprachen<\/li>\n<li>Sprachtests f\u00fcr die Einb\u00fcrgerung<\/li>\n<li>Sprachkurse f\u00fcr Gefl\u00fcchtete<\/li>\n<li>Pr\u00fcfungen, Einb\u00fcrgerungstests und Zertifikate<\/li>\n<li>Bildungsurlaubsveranstaltungen<\/li>\n<li>Ausstellungen<\/li>\n<li>Ma\u00dfgeschneiderte Bildungsangebote f\u00fcr Firmen und andere Einrichtungen<\/li>\n<li>Kooperationsangebote mit anderen Tr\u00e4gern der Erwachsenenbildung und in Schulen<\/li>\n<li>Elternkurse in Schulen und Lehrerfortbildung<\/li>\n<li>Beteiligung an Fachmessen<\/li>\n<\/ul>\n<div id=\"attachment_1090\" style=\"width: 462px\" class=\"wp-caption aligncenter\"><a href=\"http:\/\/www.zukunft-lankwitz.de\/wp-content\/uploads\/2019\/03\/strmue3.jpg\"><img loading=\"lazy\" decoding=\"async\" aria-describedby=\"caption-attachment-1090\" class=\"wp-image-1090\" src=\"http:\/\/www.zukunft-lankwitz.de\/wp-content\/uploads\/2019\/03\/strmue3.jpg\" alt=\"\" width=\"452\" height=\"425\" srcset=\"https:\/\/www.zukunft-lankwitz.de\/wp-content\/uploads\/2019\/03\/strmue3.jpg 779w, https:\/\/www.zukunft-lankwitz.de\/wp-content\/uploads\/2019\/03\/strmue3-300x282.jpg 300w, https:\/\/www.zukunft-lankwitz.de\/wp-content\/uploads\/2019\/03\/strmue3-768x723.jpg 768w, https:\/\/www.zukunft-lankwitz.de\/wp-content\/uploads\/2019\/03\/strmue3-624x587.jpg 624w\" sizes=\"auto, (max-width: 452px) 100vw, 452px\" \/><\/a><p id=\"caption-attachment-1090\" class=\"wp-caption-text\">Organigramm Schul- und Sportamt &#8211; Quelle: Organisationsplan des Bezirksamts Steglitz-Zehlendorf von Berlin<\/p><\/div>\n<p>&nbsp;<\/p>\n<p>Die letzte Abteilung f\u00fcr die der Bezirksstadtrat zust\u00e4ndig ist, ist das Schul- und Sportamt zu dem der Fachbereich Schul- und Sport.<\/p>\n<p>Aufgabenbereiche des Fachbereich sind:<\/p>\n<ul>\n<li>Schulverwaltung Grundschulen, Oberschulen und Schulen mit F\u00f6rderschwerpunkt<\/li>\n<li>Schulorganisation<\/li>\n<li>Sch\u00fclerbetreuung<\/li>\n<li>Sportangelegenheiten<\/li>\n<li>Sportplatz- und Sporthallenvergabe<\/li>\n<li>Grundst\u00fccks- und Geb\u00e4udeangelegenheiten<\/li>\n<li>Au\u00dferschulische Lernorte: Jugendkunstschule, Jugendverkehrsschulen, Gartenarbeitsschule, Freilandlabore<\/li>\n<\/ul>\n<p>Bezirksstadtrat Frank M\u00fckisch kann leider beim Marktplatz der Ideen nicht pers\u00f6nlich dabei sein, aber wir wollten es nicht vers\u00e4umen sein Aufgabengebiet vorzustellen. Wir sind bem\u00fcht einen ad\u00e4quaten Ersatz zu organisieren.<\/p>\n<p>Kommen Sie vorbei und gestalten Sie mit beim Marktplatz der Ideen 2019!<\/p>\n<p>&nbsp;<\/p>\n<p>&nbsp;<\/p>\n<p>&nbsp;<\/p>\n<p>&nbsp;<\/p>\n<p>&nbsp;<\/p>\n<p>&nbsp;<\/p>\n<p>&nbsp;<\/p>\n<p>&nbsp;<\/p>\n<p>&nbsp;<\/p>\n<p>&nbsp;<\/p>\n<p>&nbsp;<\/p>\n<p>&nbsp;<\/p>\n<p>&nbsp;<\/p>\n<p>&nbsp;<\/p>\n<p>&nbsp;<\/p>\n<p>&nbsp;<\/p>\n<p>&nbsp;<\/p>\n<p>&nbsp;<\/p>\n<p>&nbsp;<\/p>\n<p>&nbsp;<\/p>\n<p>&nbsp;<\/p>\n<p>&nbsp;<\/p>\n<p>&nbsp;<\/p>\n<p>&nbsp;<\/p>\n<p>&nbsp;<\/p>\n<p>&nbsp;<\/p>\n<p>&nbsp;<\/p>\n<p>&nbsp;<\/p>\n<p>&nbsp;<\/p>\n<p>&nbsp;<\/p>\n<p>&nbsp;<\/p>\n<div style=\"padding-bottom:10px; padding-top:5px;\" class=\"hupso-share-buttons\"><!-- Hupso Share Buttons - https:\/\/www.hupso.com\/share\/ --><a class=\"hupso_toolbar\" href=\"https:\/\/www.hupso.com\/share\/\"><img decoding=\"async\" src=\"https:\/\/static.hupso.com\/share\/buttons\/lang\/de\/share-medium.png\" style=\"border:0px; padding-top: 5px; float:left;\" alt=\"Share Button\"\/><\/a><script type=\"text\/javascript\">var hupso_services_t=new Array(\"Twitter\",\"Facebook\",\"Google Plus\");var hupso_background_t=\"#EAF4FF\";var hupso_border_t=\"#66CCFF\";var hupso_toolbar_size_t=\"medium\";var hupso_image_folder_url = \"\";var hupso_url_t=\"\";var hupso_title_t=\"G%C3%A4ste%20des%20Marktplatz%20der%20Ideen%20stellen%20sich%20vor%3A%20Politik%20-%20Die%20Stadtr%C3%A4tinnen%20und%20Stadtr%C3%A4te%20Teil%204\";<\/script><script type=\"text\/javascript\" src=\"https:\/\/static.hupso.com\/share\/js\/share_toolbar.js\"><\/script><!-- Hupso Share Buttons --><\/div>","protected":false},"excerpt":{"rendered":"<p>Am vierten Tag der Vorstellung der G\u00e4ste aus dem Bereich des Bezirksamt Steglitz-Zehlendorf stellen wir Bezirkstadtrat Frank M\u00fckisch vor. Er ist zust\u00e4ndig f\u00fcr die Abteilungen Bildung, Kultur, Sport und Soziales. Zu diesen Abteilungen geh\u00f6ren das Amt f\u00fcr Soziales, Amt f\u00fcr Weiterbildung und Kultur und das Schul- und Sportamt. Was sich hinter den Abteilungen alles verbirgt [&hellip;]<\/p>\n<div style=\"padding-bottom:10px; padding-top:5px;\" class=\"hupso-share-buttons\"><!-- Hupso Share Buttons - https:\/\/www.hupso.com\/share\/ --><a class=\"hupso_toolbar\" href=\"https:\/\/www.hupso.com\/share\/\"><img src=\"https:\/\/static.hupso.com\/share\/buttons\/lang\/de\/share-medium.png\" style=\"border:0px; padding-top: 5px; float:left;\" alt=\"Share Button\"\/><\/a><script type=\"text\/javascript\">var hupso_services_t=new Array(\"Twitter\",\"Facebook\",\"Google Plus\");var hupso_background_t=\"#EAF4FF\";var hupso_border_t=\"#66CCFF\";var hupso_toolbar_size_t=\"medium\";var hupso_image_folder_url = \"\";var hupso_url_t=\"\";var hupso_title_t=\"G%C3%A4ste%20des%20Marktplatz%20der%20Ideen%20stellen%20sich%20vor%3A%20Politik%20-%20Die%20Stadtr%C3%A4tinnen%20und%20Stadtr%C3%A4te%20Teil%204\";<\/script><script type=\"text\/javascript\" src=\"https:\/\/static.hupso.com\/share\/js\/share_toolbar.js\"><\/script><!-- Hupso Share Buttons --><\/div>","protected":false},"author":2,"featured_media":0,"comment_status":"open","ping_status":"open","sticky":false,"template":"","format":"standard","meta":{"footnotes":""},"categories":[117,185,52,4],"tags":[244,9,8,237],"class_list":["post-1086","post","type-post","status-publish","format-standard","hentry","category-marktplatz-der-ideen","category-senioren","category-veranstaltungen","category-wohnen","tag-bezirksstadtrat-frank-muekisch","tag-gaeste","tag-marktplatz-der-ideen","tag-politik"],"_links":{"self":[{"href":"https:\/\/www.zukunft-lankwitz.de\/index.php?rest_route=\/wp\/v2\/posts\/1086","targetHints":{"allow":["GET"]}}],"collection":[{"href":"https:\/\/www.zukunft-lankwitz.de\/index.php?rest_route=\/wp\/v2\/posts"}],"about":[{"href":"https:\/\/www.zukunft-lankwitz.de\/index.php?rest_route=\/wp\/v2\/types\/post"}],"author":[{"embeddable":true,"href":"https:\/\/www.zukunft-lankwitz.de\/index.php?rest_route=\/wp\/v2\/users\/2"}],"replies":[{"embeddable":true,"href":"https:\/\/www.zukunft-lankwitz.de\/index.php?rest_route=%2Fwp%2Fv2%2Fcomments&post=1086"}],"version-history":[{"count":7,"href":"https:\/\/www.zukunft-lankwitz.de\/index.php?rest_route=\/wp\/v2\/posts\/1086\/revisions"}],"predecessor-version":[{"id":1211,"href":"https:\/\/www.zukunft-lankwitz.de\/index.php?rest_route=\/wp\/v2\/posts\/1086\/revisions\/1211"}],"wp:attachment":[{"href":"https:\/\/www.zukunft-lankwitz.de\/index.php?rest_route=%2Fwp%2Fv2%2Fmedia&parent=1086"}],"wp:term":[{"taxonomy":"category","embeddable":true,"href":"https:\/\/www.zukunft-lankwitz.de\/index.php?rest_route=%2Fwp%2Fv2%2Fcategories&post=1086"},{"taxonomy":"post_tag","embeddable":true,"href":"https:\/\/www.zukunft-lankwitz.de\/index.php?rest_route=%2Fwp%2Fv2%2Ftags&post=1086"}],"curies":[{"name":"wp","href":"https:\/\/api.w.org\/{rel}","templated":true}]}}