{"id":1096,"date":"2019-04-12T12:00:12","date_gmt":"2019-04-12T10:00:12","guid":{"rendered":"http:\/\/www.zukunft-lankwitz.de\/?p=1096"},"modified":"2019-03-08T17:42:31","modified_gmt":"2019-03-08T16:42:31","slug":"gaeste-des-marktplatz-der-ideen-stellen-sich-vor-politik-die-stadtraetinnen-und-stadtraete-teil-4","status":"publish","type":"post","link":"https:\/\/www.zukunft-lankwitz.de\/?p=1096","title":{"rendered":"G\u00e4ste des Marktplatz der Ideen stellen sich vor: Politik &#8211; Die Stadtr\u00e4tinnen und Stadtr\u00e4te Teil 3"},"content":{"rendered":"<p>In unserem letzten Artikel der Reihe Politik &#8211; Die Stadtr\u00e4tinnen und Stadtr\u00e4te haben wir uns Bezirksstadtr\u00e4tin Carolina B\u00f6hm aufgehoben. Sie ist zust\u00e4ndig f\u00fcr die Abteilungen Jugend und Gesundheit.<\/p>\n<p>Zu der Abteilung Jugend geh\u00f6ren das Jugendamt was sich in die Fachreferate Jugend-(sozial-) Arbeit und Hilfen zur Erziehung, Familienf\u00f6rderung und fr\u00fche Bildung, Psychosoziale Dienste, Kindschaftsrechtliche Beratung und Unterst\u00fctzung, Regionale Soziale Dienste und das Jugendzentrum \u201eLissabonallee 6\u201c. Um die Verwaltung des Jugendamtes leichter und \u00fcbersichtlicher zu machen hat man den Bezirk Steglitz &#8211; Zehlendorf in 3 Regionen unterteilt (wir erw\u00e4hnen dies nur damit sie im folgenden verstehen\u00a0 wieso manchen Regional und anderes \u00dcberregional ist).<\/p>\n<div id=\"attachment_1097\" style=\"width: 1189px\" class=\"wp-caption aligncenter\"><a href=\"http:\/\/www.zukunft-lankwitz.de\/wp-content\/uploads\/2019\/03\/strboe1.jpg\"><img loading=\"lazy\" decoding=\"async\" aria-describedby=\"caption-attachment-1097\" class=\"wp-image-1097 size-full\" src=\"http:\/\/www.zukunft-lankwitz.de\/wp-content\/uploads\/2019\/03\/strboe1.jpg\" alt=\"\" width=\"1179\" height=\"751\" srcset=\"https:\/\/www.zukunft-lankwitz.de\/wp-content\/uploads\/2019\/03\/strboe1.jpg 1179w, https:\/\/www.zukunft-lankwitz.de\/wp-content\/uploads\/2019\/03\/strboe1-300x191.jpg 300w, https:\/\/www.zukunft-lankwitz.de\/wp-content\/uploads\/2019\/03\/strboe1-768x489.jpg 768w, https:\/\/www.zukunft-lankwitz.de\/wp-content\/uploads\/2019\/03\/strboe1-1024x652.jpg 1024w, https:\/\/www.zukunft-lankwitz.de\/wp-content\/uploads\/2019\/03\/strboe1-624x397.jpg 624w\" sizes=\"auto, (max-width: 1179px) 100vw, 1179px\" \/><\/a><p id=\"caption-attachment-1097\" class=\"wp-caption-text\">Organigramm Jugendamt &#8211; Quelle: Organisationsplan des Bezirksamts Steglitz-Zehlendorf von Berlin<\/p><\/div>\n<p>Das Fachreferat\u00a0 Jugend-(sozial-) Arbeit und Hilfen zur Erziehung ist zust\u00e4ndig f\u00fcr:<\/p>\n<p>Regional\u00fcbergreifende Fachverantwortung f\u00fcr:<\/p>\n<ul>\n<li>Schulbezogene Sozialarbeit<\/li>\n<li>Suchtpr\u00e4vention<\/li>\n<li>Jugendschutz<\/li>\n<li>M\u00e4dchen- und Jungenf\u00f6rderung<\/li>\n<li>Mobile Jugendarbeit<\/li>\n<li>Gender-Mainstreaming<\/li>\n<li>Politische Bildung<\/li>\n<li>Jugendkulturarbeit<\/li>\n<li>Medienp\u00e4dagogik<\/li>\n<li>Aufbau der Jugendkunstschule<\/li>\n<li>fachliche Steuerung der Hilfen zur Erziehung und Entwicklung der Standards<\/li>\n<li>Koordination bezirklicher Projekte<\/li>\n<li>Internationale Kinder und Jugendarbeit<\/li>\n<li>Jugenderholung<\/li>\n<\/ul>\n<p><!--more--><\/p>\n<p>Fachreferat Familienf\u00f6rderung und fr\u00fche Bildung:<\/p>\n<p>Regional\u00fcbergreifende Fachverantwortung f\u00fcr:<\/p>\n<ul>\n<li>Kooperation und Vernetzung Kindertagsst\u00e4tten<\/li>\n<li>Anmeldung und Bescheiderteilung<\/li>\n<li>Tagespflege, Kindertagesst\u00e4tten und Hortbetreuung<\/li>\n<li>Qualifizierung von Tagespflegeeltern<\/li>\n<li>Tagespflegeb\u00f6rse<\/li>\n<li>Koordination Fr\u00fcher Hilfen<\/li>\n<li>Leitung Familienb\u00fcro<\/li>\n<li>Pflegekinderhilfe<\/li>\n<li>Bundeselterngeld<\/li>\n<li>Leistungen nach dem Bildungs- und Teilhabepaket<\/li>\n<li>Unterhaltsvorschuss<\/li>\n<li>Kosteneinziehung<\/li>\n<\/ul>\n<p>&nbsp;<\/p>\n<p>Fachreferat Psychosoziale Dienste<\/p>\n<p>Regional\u00fcbergreifende Fachverantwortung f\u00fcr:<\/p>\n<ul>\n<li>Psychologische Beratung von Eltern, Kindern und Jugendlichen<\/li>\n<li>Einzeltherapie f\u00fcr Kinder und Jugendliche<\/li>\n<li>Familientherapie<\/li>\n<li>Familienbildungskurse<\/li>\n<li>Paarberatung<\/li>\n<li>Psychologisch-diagnostische Untersuchungen,<\/li>\n<li>Erstellung von Gutachten, fachdiagnostische Stellungnahmen<\/li>\n<li>Beratung f\u00fcr Einrichtungen<\/li>\n<li>Supervision<\/li>\n<li>Gruppenangebote f\u00fcr Kinder und Jugendliche<\/li>\n<li>Fachliche Gestaltung von Elternabenden f\u00fcr Kita und Schule<\/li>\n<\/ul>\n<p>Fachreferat Kindschaftsrechtliche Beratung und Unterst\u00fctzung:<\/p>\n<p>Regional\u00fcbergreifende Fachverantwortung f\u00fcr:<\/p>\n<ul>\n<li>Rechtliche Vertetung von Kindern und Jugendlichen<\/li>\n<li>Amtspflegschaften, Amtsvormundschaften und Amtsbeistandschaften f\u00fcr Minderj\u00e4hrige<\/li>\n<li>Amtsvormundschaften f\u00fcr unbegleitete minderj\u00e4hrige Fl\u00fcchtlinge<\/li>\n<li>Geltendmachung von Unterhalts- und Unterhaltsersatzanspr\u00fcchen<\/li>\n<li>Beurkundung von Vaterschafts- und Mutterschaftsanerkennungen<\/li>\n<li>Sorgeerkl\u00e4rungen und Unterhaltsverpflichtungen<\/li>\n<li>Feststellung der Vaterschaft bei au\u00dferehelich geborenen Kindern<\/li>\n<\/ul>\n<p>Der Regionale Dienst gliedert sich in wie bereits erw\u00e4hnt in drei Regionen, Nord (Steglitz, Dahlem), S\u00fcd-Ost (Lankwitz, Lichterfelde &#8211; Ost und Lichterfelde -S\u00fcd), S\u00fcd &#8211; West (Lichterfelde-West, Zehlendorf, Schlachtensee, Nikolassee, Wannsee) mit den gleichen zust\u00e4ndigkeiten:<\/p>\n<p>Regionaler Sozialp\u00e4dagogischer Dienst<\/p>\n<ul>\n<li>Sozialp\u00e4dagogische Beratung f\u00fcr Kinder, Jugendliche, junge Erwachsene und<br \/>\nihre Familien<\/li>\n<li>Kinderschutz<\/li>\n<li>Leistungen der Hilfen zur Erziehung<\/li>\n<li>Mitwirkung und Beteiligung in Familiengerichtsverfahren<\/li>\n<li>Mitwirkung der Jugendhilfe in Verfahren nach dem Jugendgerichtsgesetz (Regionaler<br \/>\nDienst S\u00fcd-Ost)<\/li>\n<li>Beratungs- und Leistungszentrum f\u00fcr junge Menschen mit Behinderung und<br \/>\nderen Familien (Regionaler Dienst S\u00fcd-West)<\/li>\n<li>Koordination von Hochschulpraktikanten\/innen (Regionaler Dienst Nord)<\/li>\n<\/ul>\n<p>Jugendf\u00f6rderung<\/p>\n<ul>\n<li>Jugendfreizeiteinrichtungen<\/li>\n<li>Schulstationen<\/li>\n<li>Projekte<\/li>\n<\/ul>\n<p>Wirtschaftliche Jugendhilfe<\/p>\n<ul>\n<li>Wirtschaftliche Jugendhilfe<\/li>\n<li>Leistungen nach dem Bildungs- und Teilhabepaket<\/li>\n<li>Abrechnung und Kostenbeitragsrechnung bei Hilfen zur Erziehung<\/li>\n<\/ul>\n<p>Zu Guter Letzt geh\u00f6rt zum Jugendamt noch das Jugendzentrum \u201eLissabonallee 6\u201c:<\/p>\n<ul>\n<li>Jugendausbildungszentrum\n<ul>\n<li>Theoretische und praktische Ausbildung in acht Berufsfeldern f\u00fcr benachteiligte junge Menschen<\/li>\n<\/ul>\n<\/li>\n<li>Jugendg\u00e4stehaus<\/li>\n<li>Jugendfreizeiteinrichtung D\u00fcppel<\/li>\n<li>Jugendberufsagentur<\/li>\n<\/ul>\n<p><a href=\"http:\/\/www.zukunft-lankwitz.de\/wp-content\/uploads\/2019\/03\/strboe2.jpg\"><img loading=\"lazy\" decoding=\"async\" class=\"alignright size-full wp-image-1098\" src=\"http:\/\/www.zukunft-lankwitz.de\/wp-content\/uploads\/2019\/03\/strboe2.jpg\" alt=\"\" width=\"1189\" height=\"735\" srcset=\"https:\/\/www.zukunft-lankwitz.de\/wp-content\/uploads\/2019\/03\/strboe2.jpg 1189w, https:\/\/www.zukunft-lankwitz.de\/wp-content\/uploads\/2019\/03\/strboe2-300x185.jpg 300w, https:\/\/www.zukunft-lankwitz.de\/wp-content\/uploads\/2019\/03\/strboe2-768x475.jpg 768w, https:\/\/www.zukunft-lankwitz.de\/wp-content\/uploads\/2019\/03\/strboe2-1024x633.jpg 1024w, https:\/\/www.zukunft-lankwitz.de\/wp-content\/uploads\/2019\/03\/strboe2-624x386.jpg 624w\" sizes=\"auto, (max-width: 1189px) 100vw, 1189px\" \/><\/a><\/p>\n<p>&nbsp;<\/p>\n<p>&nbsp;<\/p>\n<p>&nbsp;<\/p>\n<p>&nbsp;<\/p>\n<p>&nbsp;<\/p>\n<p>&nbsp;<\/p>\n<p>&nbsp;<\/p>\n<p>&nbsp;<\/p>\n<p>&nbsp;<\/p>\n<p>Das Gesundheitsamt gliedert sich in die Fachbereiche Fachbereich Gesundheitshilfe und -f\u00f6rderung f\u00fcr Kinder und Jugendliche, Gesundheitshilfe und -f\u00f6rderung f\u00fcr Erwachsene, Gesundheitsschutz und -aufsicht und Regionalisierte Dienste.<\/p>\n<p>Zu den Aufgabengebieten des\u00a0 Fachbereich Gesundheitshilfe und -f\u00f6rderung f\u00fcr Kinder und Jugendliche\u00a0 geh\u00f6ren:<\/p>\n<ul>\n<li>Kinder- und Jugendgesundheitsdienst<\/li>\n<li>Pr\u00e4ventive Beratung von der Geburt bis zur Schulentlassung zu medizinischen und sozialp\u00e4dagogischen Fragestellungen; Ersthausbesuch bei Familien mit S\u00e4uglingen; sozialp\u00e4dagogische Langzeitbetreuung und Kinderschutz<\/li>\n<li>Untersuchungen von S\u00e4uglingen, Kindern und Jugendlichen zur Fr\u00fcherkennung von Krankheiten, Entwicklungsst\u00f6rungen und Behinderungen; gutachterliche Stellungnahmen und Einleitung von Hilfen; Untersuchungen nach dem KitaF\u00f6G, Schuleingangs- und Schulentlassungsuntersuchungen nach dem SchulG bzw. dem JArbSchG; Impfberatung und Durchf\u00fchrung von Impfungen<\/li>\n<li>Gesundheitserziehung, Informationsangebote f\u00fcr Institutionen, Eltern und Fachpersonal; Kinderschutzkoordination<\/li>\n<\/ul>\n<p>Therapeutischer Bereich<\/p>\n<ul>\n<li>Individuelle, fachspezifische Diagnostik bei gef\u00e4hrdeten, entwicklungsauff\u00e4lligen und behinderten S\u00e4uglingen und Kindern unter anderem mit standardisierten Testverfahren; sensomotorische Fr\u00fchf\u00f6rderung einzeln und in Gruppen<\/li>\n<li>Physio- und ergotherapeutische Behandlung an Schulen von Kindern und Jugendlichen mit zentralen Koordinations- sowie cerebral und peripher bedingten Bewegungs- und\/oder anderen Entwicklungsst\u00f6rungen<\/li>\n<li>Anleitung und Beratung der Eltern\/Bezugspersonen auff\u00e4lliger Kinder sowie Beratung von Fachpersonal in Schulen und anderen Institutionen zu gesundheitlichen Fragen; Hilfe und Beratung zur Versorgung mit orthop\u00e4dischen Hilfsmitteln<\/li>\n<li>Fachspezifische Anpassungsaufgaben im Sinne der Verwirklichung von Integration Behinderter<\/li>\n<\/ul>\n<p>Kinder- und Jugendpsychiatrischer Dienst<\/p>\n<ul>\n<li>\u00c4rztliche, psychologische und sozialp\u00e4dagogische Aufgaben auf Grundlage des GDG und anderer Rechtsvorschriften<\/li>\n<li>Kinder- und jugendpsychiatrische, psychologische sowie sozialp\u00e4dagogische Diagnostik und Beratung<\/li>\n<\/ul>\n<p>Zahn\u00e4rztlicher Dienst<\/p>\n<ul>\n<li>F\u00f6rderung der Zahngesundheit durch Vorsorgeuntersuchungen und prophylaktische Ma\u00dfnahmen in Kitas und Schulen sowie Beratung und Schulung von Multiplikatoren<\/li>\n<li>B\u00fcrgerberatung zu allen zahnmedizinischen Fragen<\/li>\n<\/ul>\n<p>Zum Fachbereich Fachbereich Gesundheitshilfe und -f\u00f6rderung f\u00fcr Erwachsene geh\u00f6ren:<\/p>\n<ul>\n<li>Sozialpsychiatrischer Dienst \/ Beratungsstelle f\u00fcr Menschen mit Behinderung, Krebs- und AIDS-Kranke<\/li>\n<li>\u00c4rztliche, psychologische und sozialp\u00e4dagogische Aufgaben auf Grundlage des GDG und anderer Rechtsvorschriften<\/li>\n<li>Psychosoziale Beratung und Betreuung von psychisch und suchtkranken, krebs-, AIDS- und anderen chronisch kranken Menschen, Menschen mit Behinderung sowie deren Angeh\u00f6rigen<\/li>\n<li>Einleitung und Beratung zu Ma\u00dfnahmen nach dem Sozialgesetzb\u00fcchern II, XI und XII, dem SchwerbG und dem PsychKG<\/li>\n<li>Fachgutachterliche Stellungnahmen f\u00fcr Sozial\u00e4mter, Jobcenter und Gerichte<\/li>\n<\/ul>\n<p>&nbsp;<\/p>\n<p>Der Fachbereich Gesundheitsschutz und -aufsicht hat die Aufgaben:<\/p>\n<ul>\n<li>Hygiene und Umweltmedizin<\/li>\n<li>Hygieneaufsicht \u00fcber Einrichtungen des Gesundheitswesens und Gemeinschaftseinrichtungen; Stellungnahmen zu baulichen Vorhaben im \u00f6ffentlichen und gesundheitlichen Bereich<\/li>\n<li>Ermittlungen bei meldepflichtigen Krankheiten; seuchenhygienische Ma\u00dfnahmen<\/li>\n<li>Trinkwasserschutz; Badewesen<\/li>\n<li>Katastrophenschutz<\/li>\n<li>Wohnungs-, Orts- und Umwelthygiene; Beratung in Bezug auf Sch\u00e4dlinge und Ma\u00dfnahmen bei Rattenbefall<\/li>\n<\/ul>\n<p>&nbsp;<\/p>\n<p>Der Regionalisierte Dienste ist zust\u00e4ndig f\u00fcr:<\/p>\n<p>Zentrum f\u00fcr Familienplanung<\/p>\n<ul>\n<li>Multiprofessionelle Beratung (\u00e4rztlich, psychologisch und sozialp\u00e4dagogisch) in allen die Schwangerschaft, Familienplanung, Partnerschaft und Sexualit\u00e4t betreffenden Fragen<\/li>\n<li>Gyn\u00e4kologische und geburtsmedizinische Untersuchung von nicht krankenversicherten Frauen (speziell bei Risikoschwangerschaften)<\/li>\n<li>Schwangerschaftskonfliktberatung nach \u00a7\u00a7 218 ff. StGB<\/li>\n<li>Kosten\u00fcbernahme f\u00fcr empf\u00e4ngnisverh\u00fctende Mittel f\u00fcr Menschen mit geringem Einkommen<\/li>\n<\/ul>\n<p>&nbsp;<\/p>\n<p>Bezirksstadtr\u00e4tin Carolina B\u00f6hm wird beim Marktplatz der Ideen wie folgt f\u00fcr Ihre Ideen und W\u00fcnsche zum Gespr\u00e4ch da sein:<\/p>\n<p>Samstag, den 1. Juni<br \/>\n15.30 bis 16.30 Uhr<\/p>\n<p>Kommen Sie vorbei und gestalten Sie mit beim Marktplatz der Ideen 2019!<\/p>\n<p>&nbsp;<\/p>\n<p>&nbsp;<\/p>\n<p>&nbsp;<\/p>\n<p>&nbsp;<\/p>\n<p>&nbsp;<\/p>\n<p>&nbsp;<\/p>\n<div style=\"padding-bottom:10px; padding-top:5px;\" class=\"hupso-share-buttons\"><!-- Hupso Share Buttons - https:\/\/www.hupso.com\/share\/ --><a class=\"hupso_toolbar\" href=\"https:\/\/www.hupso.com\/share\/\"><img decoding=\"async\" src=\"https:\/\/static.hupso.com\/share\/buttons\/lang\/de\/share-medium.png\" style=\"border:0px; padding-top: 5px; float:left;\" alt=\"Share Button\"\/><\/a><script type=\"text\/javascript\">var hupso_services_t=new Array(\"Twitter\",\"Facebook\",\"Google Plus\");var hupso_background_t=\"#EAF4FF\";var hupso_border_t=\"#66CCFF\";var hupso_toolbar_size_t=\"medium\";var hupso_image_folder_url = \"\";var hupso_url_t=\"\";var hupso_title_t=\"G%C3%A4ste%20des%20Marktplatz%20der%20Ideen%20stellen%20sich%20vor%3A%20Politik%20-%20Die%20Stadtr%C3%A4tinnen%20und%20Stadtr%C3%A4te%20Teil%203\";<\/script><script type=\"text\/javascript\" src=\"https:\/\/static.hupso.com\/share\/js\/share_toolbar.js\"><\/script><!-- Hupso Share Buttons --><\/div>","protected":false},"excerpt":{"rendered":"<p>In unserem letzten Artikel der Reihe Politik &#8211; Die Stadtr\u00e4tinnen und Stadtr\u00e4te haben wir uns Bezirksstadtr\u00e4tin Carolina B\u00f6hm aufgehoben. Sie ist zust\u00e4ndig f\u00fcr die Abteilungen Jugend und Gesundheit. Zu der Abteilung Jugend geh\u00f6ren das Jugendamt was sich in die Fachreferate Jugend-(sozial-) Arbeit und Hilfen zur Erziehung, Familienf\u00f6rderung und fr\u00fche Bildung, Psychosoziale Dienste, Kindschaftsrechtliche Beratung und [&hellip;]<\/p>\n<div style=\"padding-bottom:10px; padding-top:5px;\" class=\"hupso-share-buttons\"><!-- Hupso Share Buttons - https:\/\/www.hupso.com\/share\/ --><a class=\"hupso_toolbar\" href=\"https:\/\/www.hupso.com\/share\/\"><img src=\"https:\/\/static.hupso.com\/share\/buttons\/lang\/de\/share-medium.png\" style=\"border:0px; padding-top: 5px; float:left;\" alt=\"Share Button\"\/><\/a><script type=\"text\/javascript\">var hupso_services_t=new Array(\"Twitter\",\"Facebook\",\"Google Plus\");var hupso_background_t=\"#EAF4FF\";var hupso_border_t=\"#66CCFF\";var hupso_toolbar_size_t=\"medium\";var hupso_image_folder_url = \"\";var hupso_url_t=\"\";var hupso_title_t=\"G%C3%A4ste%20des%20Marktplatz%20der%20Ideen%20stellen%20sich%20vor%3A%20Politik%20-%20Die%20Stadtr%C3%A4tinnen%20und%20Stadtr%C3%A4te%20Teil%203\";<\/script><script type=\"text\/javascript\" src=\"https:\/\/static.hupso.com\/share\/js\/share_toolbar.js\"><\/script><!-- Hupso Share Buttons --><\/div>","protected":false},"author":2,"featured_media":0,"comment_status":"open","ping_status":"open","sticky":false,"template":"","format":"standard","meta":{"footnotes":""},"categories":[213,5,117,52],"tags":[215,9,8,237],"class_list":["post-1096","post","type-post","status-publish","format-standard","hentry","category-kiezfest","category-kinder-und-jugendliche","category-marktplatz-der-ideen","category-veranstaltungen","tag-bezirksstadtraetin-carolina-boehm","tag-gaeste","tag-marktplatz-der-ideen","tag-politik"],"_links":{"self":[{"href":"https:\/\/www.zukunft-lankwitz.de\/index.php?rest_route=\/wp\/v2\/posts\/1096","targetHints":{"allow":["GET"]}}],"collection":[{"href":"https:\/\/www.zukunft-lankwitz.de\/index.php?rest_route=\/wp\/v2\/posts"}],"about":[{"href":"https:\/\/www.zukunft-lankwitz.de\/index.php?rest_route=\/wp\/v2\/types\/post"}],"author":[{"embeddable":true,"href":"https:\/\/www.zukunft-lankwitz.de\/index.php?rest_route=\/wp\/v2\/users\/2"}],"replies":[{"embeddable":true,"href":"https:\/\/www.zukunft-lankwitz.de\/index.php?rest_route=%2Fwp%2Fv2%2Fcomments&post=1096"}],"version-history":[{"count":2,"href":"https:\/\/www.zukunft-lankwitz.de\/index.php?rest_route=\/wp\/v2\/posts\/1096\/revisions"}],"predecessor-version":[{"id":1101,"href":"https:\/\/www.zukunft-lankwitz.de\/index.php?rest_route=\/wp\/v2\/posts\/1096\/revisions\/1101"}],"wp:attachment":[{"href":"https:\/\/www.zukunft-lankwitz.de\/index.php?rest_route=%2Fwp%2Fv2%2Fmedia&parent=1096"}],"wp:term":[{"taxonomy":"category","embeddable":true,"href":"https:\/\/www.zukunft-lankwitz.de\/index.php?rest_route=%2Fwp%2Fv2%2Fcategories&post=1096"},{"taxonomy":"post_tag","embeddable":true,"href":"https:\/\/www.zukunft-lankwitz.de\/index.php?rest_route=%2Fwp%2Fv2%2Ftags&post=1096"}],"curies":[{"name":"wp","href":"https:\/\/api.w.org\/{rel}","templated":true}]}}