{"id":1100,"date":"2019-04-14T12:00:48","date_gmt":"2019-04-14T10:00:48","guid":{"rendered":"http:\/\/www.zukunft-lankwitz.de\/?p=1100"},"modified":"2019-04-18T09:25:42","modified_gmt":"2019-04-18T07:25:42","slug":"gaeste-des-marktplatz-der-ideen-stellen-sich-vor-politik-abschluss","status":"publish","type":"post","link":"https:\/\/www.zukunft-lankwitz.de\/?p=1100","title":{"rendered":"G\u00e4ste des Marktplatz der Ideen stellen sich vor: Politik &#8211; Abschluss"},"content":{"rendered":"<p>In den letzten Tagen haben wir Ihnen die Aufgabengebiete der Bezirksb\u00fcrgermeisterin und der Bezirksstadtr\u00e4tinnen und Bezirksstadtr\u00e4te vorgestellt. Hier m\u00f6chten wir alles noch einmal in einer \u00dcbersicht zusammenfassen incl. der Zeiten wo Sie mit ihnen ins Gespr\u00e4ch kommen k\u00f6nnen beim Marktplatz der Ideen.<\/p>\n<ul>\n<li><a href=\"http:\/\/www.zukunft-lankwitz.de\/?p=1056\">Bezirksb\u00fcrgermeisterin Cerstin Richter-Kotowski (CDU) Abteilung Finanzen, Personal, Stadtentwicklung und Wirtschaftsf\u00f6rderung<\/a>\n<ul>\n<li>Uhrzeit: 16.30 &#8211; 17.30 Uhr<\/li>\n<\/ul>\n<\/li>\n<li><a href=\"http:\/\/www.zukunft-lankwitz.de\/?p=1066\">Bezirksstadtrat und stellv. Bezirksb\u00fcrgermeister Michael Karnetzki (SPD) Abteilung Ordnung, Nahverkehr und B\u00fcrgerdienste<\/a>\n<ul>\n<li>Uhrzeit: 17.30 &#8211; 18.30 Uhr<\/li>\n<\/ul>\n<\/li>\n<li><a href=\"http:\/\/www.zukunft-lankwitz.de\/?p=1080\">Bezirksstadtr\u00e4tin Maren Schellenberg (Gr\u00fcne) Abteilung Immobilien, Umwelt und Tiefbau<\/a>\n<ul>\n<li>Uhrzeit: 14.30 &#8211; 15.30 Uhr<\/li>\n<\/ul>\n<\/li>\n<li><a href=\"http:\/\/www.zukunft-lankwitz.de\/?p=1096\">Bezirksstadtr\u00e4tin Carolia B\u00f6hm (SPD) Abteilung Jugend und Gesundheit<\/a>\n<ul>\n<li>Uhrzeit: 15.30 &#8211; 16.30 Uhr<\/li>\n<\/ul>\n<\/li>\n<li><a href=\"http:\/\/www.zukunft-lankwitz.de\/?p=1086\">\u00a0Bezirksstadtrat Frank M\u00fckisch Abteilung Bildung, Kultur, Sport und Soziales<\/a>\n<ul>\n<li>er ist leider nicht beim Marktplatz der Ideen dabei<\/li>\n<\/ul>\n<\/li>\n<\/ul>\n<p>&nbsp;<\/p>\n<p>Wenn sie alle in den Beitr\u00e4gen <a href=\"http:\/\/www.zukunft-lankwitz.de\/wp-content\/uploads\/2019\/04\/ba-sz-organigramm_detail_2019-02-01.pdf\" target=\"_blank\" rel=\"noopener noreferrer\"><img loading=\"lazy\" decoding=\"async\" class=\"alignright wp-image-1107\" src=\"http:\/\/www.zukunft-lankwitz.de\/wp-content\/uploads\/2019\/04\/orgaplanba.jpg\" alt=\"\" width=\"361\" height=\"224\" srcset=\"https:\/\/www.zukunft-lankwitz.de\/wp-content\/uploads\/2019\/04\/orgaplanba.jpg 1242w, https:\/\/www.zukunft-lankwitz.de\/wp-content\/uploads\/2019\/04\/orgaplanba-300x186.jpg 300w, https:\/\/www.zukunft-lankwitz.de\/wp-content\/uploads\/2019\/04\/orgaplanba-768x476.jpg 768w, https:\/\/www.zukunft-lankwitz.de\/wp-content\/uploads\/2019\/04\/orgaplanba-1024x635.jpg 1024w, https:\/\/www.zukunft-lankwitz.de\/wp-content\/uploads\/2019\/04\/orgaplanba-624x387.jpg 624w\" sizes=\"auto, (max-width: 361px) 100vw, 361px\" \/><\/a>gezeigten Organigramme noch einmal anschauen m\u00f6chten, haben wir Ihnen <a href=\"http:\/\/www.zukunft-lankwitz.de\/wp-content\/uploads\/2019\/04\/ba-sz-organigramm_detail_2019-02-01.pdf\" target=\"_blank\" rel=\"noopener noreferrer\">hier<\/a> den <a href=\"http:\/\/www.zukunft-lankwitz.de\/wp-content\/uploads\/2019\/04\/ba-sz-organigramm_detail_2019-02-01.pdf\" target=\"_blank\" rel=\"noopener noreferrer\">Organisationsplan des Bezirksamts Steglitz-Zehlendorf von Berlin<\/a> als PDF hinterlegt.<\/p>\n<p>Nutzen Sie ihre Chance, bringen Sie ihre Themen, W\u00fcnsche und Ideen ein. Kommen Sie vorbei und gehen sie mit der B\u00fcrgermeisterin und den Stadtr\u00e4tinnen und Stadtr\u00e4ten ins Gespr\u00e4ch.<\/p>\n<p>In den n\u00e4chsten Tagen stellen wir Ihnen die Thementische vor. Bleiben sie dran.<\/p>\n<div style=\"padding-bottom:10px; padding-top:5px;\" class=\"hupso-share-buttons\"><!-- Hupso Share Buttons - https:\/\/www.hupso.com\/share\/ --><a class=\"hupso_toolbar\" href=\"https:\/\/www.hupso.com\/share\/\"><img decoding=\"async\" src=\"https:\/\/static.hupso.com\/share\/buttons\/lang\/de\/share-medium.png\" style=\"border:0px; padding-top: 5px; float:left;\" alt=\"Share Button\"\/><\/a><script type=\"text\/javascript\">var hupso_services_t=new Array(\"Twitter\",\"Facebook\",\"Google Plus\");var hupso_background_t=\"#EAF4FF\";var hupso_border_t=\"#66CCFF\";var hupso_toolbar_size_t=\"medium\";var hupso_image_folder_url = \"\";var hupso_url_t=\"\";var hupso_title_t=\"G%C3%A4ste%20des%20Marktplatz%20der%20Ideen%20stellen%20sich%20vor%3A%20Politik%20-%20Abschluss\";<\/script><script type=\"text\/javascript\" src=\"https:\/\/static.hupso.com\/share\/js\/share_toolbar.js\"><\/script><!-- Hupso Share Buttons --><\/div>","protected":false},"excerpt":{"rendered":"<p>In den letzten Tagen haben wir Ihnen die Aufgabengebiete der Bezirksb\u00fcrgermeisterin und der Bezirksstadtr\u00e4tinnen und Bezirksstadtr\u00e4te vorgestellt. Hier m\u00f6chten wir alles noch einmal in einer \u00dcbersicht zusammenfassen incl. der Zeiten wo Sie mit ihnen ins Gespr\u00e4ch kommen k\u00f6nnen beim Marktplatz der Ideen. Bezirksb\u00fcrgermeisterin Cerstin Richter-Kotowski (CDU) Abteilung Finanzen, Personal, Stadtentwicklung und Wirtschaftsf\u00f6rderung Uhrzeit: 16.30 &#8211; [&hellip;]<\/p>\n<div style=\"padding-bottom:10px; padding-top:5px;\" class=\"hupso-share-buttons\"><!-- Hupso Share Buttons - https:\/\/www.hupso.com\/share\/ --><a class=\"hupso_toolbar\" href=\"https:\/\/www.hupso.com\/share\/\"><img src=\"https:\/\/static.hupso.com\/share\/buttons\/lang\/de\/share-medium.png\" style=\"border:0px; padding-top: 5px; float:left;\" alt=\"Share Button\"\/><\/a><script type=\"text\/javascript\">var hupso_services_t=new Array(\"Twitter\",\"Facebook\",\"Google Plus\");var hupso_background_t=\"#EAF4FF\";var hupso_border_t=\"#66CCFF\";var hupso_toolbar_size_t=\"medium\";var hupso_image_folder_url = \"\";var hupso_url_t=\"\";var hupso_title_t=\"G%C3%A4ste%20des%20Marktplatz%20der%20Ideen%20stellen%20sich%20vor%3A%20Politik%20-%20Abschluss\";<\/script><script type=\"text\/javascript\" src=\"https:\/\/static.hupso.com\/share\/js\/share_toolbar.js\"><\/script><!-- Hupso Share Buttons --><\/div>","protected":false},"author":2,"featured_media":0,"comment_status":"open","ping_status":"open","sticky":false,"template":"","format":"standard","meta":{"footnotes":""},"categories":[213,117,52],"tags":[243,244,167,215,214,8],"class_list":["post-1100","post","type-post","status-publish","format-standard","hentry","category-kiezfest","category-marktplatz-der-ideen","category-veranstaltungen","tag-bezirksbuergermeisterin-cerstin-richter-kotowski","tag-bezirksstadtrat-frank-muekisch","tag-bezirksstadtrat-michael-karnetzki","tag-bezirksstadtraetin-carolina-boehm","tag-bezirksstadtraetin-maren-schellenberg","tag-marktplatz-der-ideen"],"_links":{"self":[{"href":"https:\/\/www.zukunft-lankwitz.de\/index.php?rest_route=\/wp\/v2\/posts\/1100","targetHints":{"allow":["GET"]}}],"collection":[{"href":"https:\/\/www.zukunft-lankwitz.de\/index.php?rest_route=\/wp\/v2\/posts"}],"about":[{"href":"https:\/\/www.zukunft-lankwitz.de\/index.php?rest_route=\/wp\/v2\/types\/post"}],"author":[{"embeddable":true,"href":"https:\/\/www.zukunft-lankwitz.de\/index.php?rest_route=\/wp\/v2\/users\/2"}],"replies":[{"embeddable":true,"href":"https:\/\/www.zukunft-lankwitz.de\/index.php?rest_route=%2Fwp%2Fv2%2Fcomments&post=1100"}],"version-history":[{"count":5,"href":"https:\/\/www.zukunft-lankwitz.de\/index.php?rest_route=\/wp\/v2\/posts\/1100\/revisions"}],"predecessor-version":[{"id":1218,"href":"https:\/\/www.zukunft-lankwitz.de\/index.php?rest_route=\/wp\/v2\/posts\/1100\/revisions\/1218"}],"wp:attachment":[{"href":"https:\/\/www.zukunft-lankwitz.de\/index.php?rest_route=%2Fwp%2Fv2%2Fmedia&parent=1100"}],"wp:term":[{"taxonomy":"category","embeddable":true,"href":"https:\/\/www.zukunft-lankwitz.de\/index.php?rest_route=%2Fwp%2Fv2%2Fcategories&post=1100"},{"taxonomy":"post_tag","embeddable":true,"href":"https:\/\/www.zukunft-lankwitz.de\/index.php?rest_route=%2Fwp%2Fv2%2Ftags&post=1100"}],"curies":[{"name":"wp","href":"https:\/\/api.w.org\/{rel}","templated":true}]}}