{"id":1109,"date":"2019-04-15T12:00:14","date_gmt":"2019-04-15T10:00:14","guid":{"rendered":"http:\/\/www.zukunft-lankwitz.de\/?p=1109"},"modified":"2019-03-10T17:48:44","modified_gmt":"2019-03-10T16:48:44","slug":"gaeste-des-marktplatz-der-ideen-stellen-sich-vor-thementische-im-ueberblick","status":"publish","type":"post","link":"https:\/\/www.zukunft-lankwitz.de\/?p=1109","title":{"rendered":"G\u00e4ste des Marktplatz der Ideen stellen sich vor: Thementische im \u00dcberblick"},"content":{"rendered":"<p>In der vergangenen Woche haben wir die G\u00e4ste aus dem Bereich Politik vorgestellt. In den n\u00e4chsten Tagen m\u00f6chten wir Ihnen die G\u00e4ste an den Thementischen und ihre Themen vorstellen. Wir haben im Vorfeld bei Treffen des Runden Tisch Lankwitz-S\u00fcdende, hier in diesem Blog im Artikel: <a href=\"http:\/\/www.zukunft-lankwitz.de\/?p=937\">Marktplatz der Ideen \u2013 Themen gesucht<\/a> \u00a0und auch durch Gespr\u00e4che Themen gesucht. Im n\u00e4chsten Schritt haben wir interessante Gespr\u00e4chspartner gesucht die Experten in dem Thema sind, ein Interesse am Thema haben oder daf\u00fcr zust\u00e4ndig sind. Das ganze in einen Ablaufplan gepackt mit Uhrzeiten und allem drum und dran ergab das was wir ihnen in den n\u00e4chsten Tagen vorstellen wollen.<\/p>\n<p><a href=\"http:\/\/www.zukunft-lankwitz.de\/wp-content\/uploads\/2019\/03\/mpdileit1.jpg\"><img loading=\"lazy\" decoding=\"async\" class=\"alignright wp-image-1041\" src=\"http:\/\/www.zukunft-lankwitz.de\/wp-content\/uploads\/2019\/03\/mpdileit1.jpg\" alt=\"\" width=\"348\" height=\"363\" srcset=\"https:\/\/www.zukunft-lankwitz.de\/wp-content\/uploads\/2019\/03\/mpdileit1.jpg 456w, https:\/\/www.zukunft-lankwitz.de\/wp-content\/uploads\/2019\/03\/mpdileit1-288x300.jpg 288w\" sizes=\"auto, (max-width: 348px) 100vw, 348px\" \/><\/a>Die Themen f\u00fcr den Marktplatz der Ideen 2019 sind:<\/p>\n<ul>\n<li>Jugendliche im \u00f6ffentlichen Raum &#8211; Begleitet von Outreach Mobile Jugendarbeit &#8211; Beitrag: Dienstag 16.04.2019 um 12.00 Uhr<\/li>\n<li>Barrierefreier Kiez &#8211; Begleitet durch ??? &#8211; Beitrag: Mittwoch 17.04.2019 um 12.00 Uhr<\/li>\n<li>Sicherheit im Kiez &amp; Jugendschutzkontrollen &#8211; Begleitet durch Pr\u00e4ventionsbeauftragte der Berliner Polizei Abschnitt 46 und Jugendschutzkontrollen Ordnungsamt Bezirksamt Steglitz-Zehlendorf Beitrag: Donnerstag 18.04.2019 um 12.00 Uhr<\/li>\n<li>Bienen im Kiez &#8211; Was k\u00f6nnen wir tun? Wie k\u00f6nnen wir helfen? &#8211; Begleitet durch Spiel und Action e.V. &#8211; Beitrag: Freitag 19.04.2019 um 12.00 Uhr<\/li>\n<li>Mein Kiez &#8211; Erstellen eines Kiezplan f\u00fcr Senioren &#8211; Begleitet durch Hr. Feddersen &#8211; Beitrag: Samstag 20.04.2019 um 12.00 Uhr<\/li>\n<\/ul>\n<p><a href=\"http:\/\/www.zukunft-lankwitz.de\/wp-content\/uploads\/2019\/03\/mpdileit2.jpg\"><img loading=\"lazy\" decoding=\"async\" class=\" wp-image-1042 alignleft\" src=\"http:\/\/www.zukunft-lankwitz.de\/wp-content\/uploads\/2019\/03\/mpdileit2.jpg\" alt=\"\" width=\"290\" height=\"298\" srcset=\"https:\/\/www.zukunft-lankwitz.de\/wp-content\/uploads\/2019\/03\/mpdileit2.jpg 472w, https:\/\/www.zukunft-lankwitz.de\/wp-content\/uploads\/2019\/03\/mpdileit2-292x300.jpg 292w\" sizes=\"auto, (max-width: 290px) 100vw, 290px\" \/><\/a><\/p>\n<ul>\n<li>Muff Leonorenstr. Kennenlernen, Nachfragen, Unterst\u00fctzen &#8211; Begleitet durch das Stadtteilzentrum Steglitz e.V.\u00a0 &#8211; Beitrag: Sonntag 21.04.2019 um 12.00 Uhr<\/li>\n<li>Mobilit\u00e4tsgesetz &#8211; Was bedeutet das f\u00fcr unseren Kiez? &#8211; Begleitet durch den ADFC &#8211; Beitrag: Montag 22.04.2019 um 12.00 Uhr<\/li>\n<li>Einzelhandel vs Online &#8211; Shopping &#8211; Begleitet durch Mein LiLa &#8211; Beitrag: Dienstag 23.04.2019 um 12.00 Uhr<\/li>\n<li>Wochenmarkt Lankwitz &#8211; Ideen, W\u00fcnsche, Vorhaben &#8211; Begleitet durch das Bezirksamt Steglitz-Zehlendorf\u00a0 &#8211; Beitrag: Mittwoch 24.04.2019 um 12.00 Uhr<\/li>\n<li>Frauen und Beruf &#8211; Chancen und M\u00f6glichkeiten &#8211; Begleitet durch Goldnetz gGmbH &#8211; Beitrag: Donnerstag 25.04.2019 um 12.00 Uhr<\/li>\n<\/ul>\n<p>Es ist ein buntes Programm mit interessanten G\u00e4sten aus den verschiedenen Bereichen. Wir k\u00f6nnen Sie nur immer wieder einladen, mitzureden, ihre Ideen einzubringen und den Kiez mit uns gemeinsam zu gestalten.<\/p>\n<p><strong>Kiezfest und Marktplatz der Ideen 2019<\/strong><br \/>\n<strong>1. Juni 2019<\/strong><br \/>\n<strong>14.00 bis 19.00 Uhr<\/strong><br \/>\nim Rosengarten hinter dem KiJuFam K\u00e4seglocke<br \/>\nLeonorenstr. 65<br \/>\n12247 Berlin<br \/>\n(am S-Bahnhof Lankwitz)<\/p>\n<p>&nbsp;<\/p>\n<p>&nbsp;<\/p>\n<p>&nbsp;<\/p>\n<p>&nbsp;<\/p>\n<div style=\"padding-bottom:10px; padding-top:5px;\" class=\"hupso-share-buttons\"><!-- Hupso Share Buttons - https:\/\/www.hupso.com\/share\/ --><a class=\"hupso_toolbar\" href=\"https:\/\/www.hupso.com\/share\/\"><img decoding=\"async\" src=\"https:\/\/static.hupso.com\/share\/buttons\/lang\/de\/share-medium.png\" style=\"border:0px; padding-top: 5px; float:left;\" alt=\"Share Button\"\/><\/a><script type=\"text\/javascript\">var hupso_services_t=new Array(\"Twitter\",\"Facebook\",\"Google Plus\");var hupso_background_t=\"#EAF4FF\";var hupso_border_t=\"#66CCFF\";var hupso_toolbar_size_t=\"medium\";var hupso_image_folder_url = \"\";var hupso_url_t=\"\";var hupso_title_t=\"G%C3%A4ste%20des%20Marktplatz%20der%20Ideen%20stellen%20sich%20vor%3A%20Thementische%20im%20%C3%9Cberblick\";<\/script><script type=\"text\/javascript\" src=\"https:\/\/static.hupso.com\/share\/js\/share_toolbar.js\"><\/script><!-- Hupso Share Buttons --><\/div>","protected":false},"excerpt":{"rendered":"<p>In der vergangenen Woche haben wir die G\u00e4ste aus dem Bereich Politik vorgestellt. In den n\u00e4chsten Tagen m\u00f6chten wir Ihnen die G\u00e4ste an den Thementischen und ihre Themen vorstellen. Wir haben im Vorfeld bei Treffen des Runden Tisch Lankwitz-S\u00fcdende, hier in diesem Blog im Artikel: Marktplatz der Ideen \u2013 Themen gesucht \u00a0und auch durch Gespr\u00e4che [&hellip;]<\/p>\n<div style=\"padding-bottom:10px; padding-top:5px;\" class=\"hupso-share-buttons\"><!-- Hupso Share Buttons - https:\/\/www.hupso.com\/share\/ --><a class=\"hupso_toolbar\" href=\"https:\/\/www.hupso.com\/share\/\"><img src=\"https:\/\/static.hupso.com\/share\/buttons\/lang\/de\/share-medium.png\" style=\"border:0px; padding-top: 5px; float:left;\" alt=\"Share Button\"\/><\/a><script type=\"text\/javascript\">var hupso_services_t=new Array(\"Twitter\",\"Facebook\",\"Google Plus\");var hupso_background_t=\"#EAF4FF\";var hupso_border_t=\"#66CCFF\";var hupso_toolbar_size_t=\"medium\";var hupso_image_folder_url = \"\";var hupso_url_t=\"\";var hupso_title_t=\"G%C3%A4ste%20des%20Marktplatz%20der%20Ideen%20stellen%20sich%20vor%3A%20Thementische%20im%20%C3%9Cberblick\";<\/script><script type=\"text\/javascript\" src=\"https:\/\/static.hupso.com\/share\/js\/share_toolbar.js\"><\/script><!-- Hupso Share Buttons --><\/div>","protected":false},"author":2,"featured_media":0,"comment_status":"open","ping_status":"open","sticky":false,"template":"","format":"standard","meta":{"footnotes":""},"categories":[213,117,52],"tags":[9,8,223],"class_list":["post-1109","post","type-post","status-publish","format-standard","hentry","category-kiezfest","category-marktplatz-der-ideen","category-veranstaltungen","tag-gaeste","tag-marktplatz-der-ideen","tag-themen-2019"],"_links":{"self":[{"href":"https:\/\/www.zukunft-lankwitz.de\/index.php?rest_route=\/wp\/v2\/posts\/1109","targetHints":{"allow":["GET"]}}],"collection":[{"href":"https:\/\/www.zukunft-lankwitz.de\/index.php?rest_route=\/wp\/v2\/posts"}],"about":[{"href":"https:\/\/www.zukunft-lankwitz.de\/index.php?rest_route=\/wp\/v2\/types\/post"}],"author":[{"embeddable":true,"href":"https:\/\/www.zukunft-lankwitz.de\/index.php?rest_route=\/wp\/v2\/users\/2"}],"replies":[{"embeddable":true,"href":"https:\/\/www.zukunft-lankwitz.de\/index.php?rest_route=%2Fwp%2Fv2%2Fcomments&post=1109"}],"version-history":[{"count":2,"href":"https:\/\/www.zukunft-lankwitz.de\/index.php?rest_route=\/wp\/v2\/posts\/1109\/revisions"}],"predecessor-version":[{"id":1149,"href":"https:\/\/www.zukunft-lankwitz.de\/index.php?rest_route=\/wp\/v2\/posts\/1109\/revisions\/1149"}],"wp:attachment":[{"href":"https:\/\/www.zukunft-lankwitz.de\/index.php?rest_route=%2Fwp%2Fv2%2Fmedia&parent=1109"}],"wp:term":[{"taxonomy":"category","embeddable":true,"href":"https:\/\/www.zukunft-lankwitz.de\/index.php?rest_route=%2Fwp%2Fv2%2Fcategories&post=1109"},{"taxonomy":"post_tag","embeddable":true,"href":"https:\/\/www.zukunft-lankwitz.de\/index.php?rest_route=%2Fwp%2Fv2%2Ftags&post=1109"}],"curies":[{"name":"wp","href":"https:\/\/api.w.org\/{rel}","templated":true}]}}