{"id":1119,"date":"2019-04-19T12:00:14","date_gmt":"2019-04-19T10:00:14","guid":{"rendered":"http:\/\/www.zukunft-lankwitz.de\/?p=1119"},"modified":"2019-05-13T10:42:43","modified_gmt":"2019-05-13T08:42:43","slug":"gaeste-des-marktplatz-der-ideen-stellen-sich-vor-thementisch-4-bienen-im-kiez","status":"publish","type":"post","link":"https:\/\/www.zukunft-lankwitz.de\/?p=1119","title":{"rendered":"G\u00e4ste des Marktplatz der Ideen stellen sich vor: Thementisch 4 &#8211; Bienen im Kiez"},"content":{"rendered":"<p><a href=\"http:\/\/www.zukunft-lankwitz.de\/wp-content\/uploads\/2019\/03\/044.jpg\"><img loading=\"lazy\" decoding=\"async\" class=\"alignright wp-image-1120\" src=\"http:\/\/www.zukunft-lankwitz.de\/wp-content\/uploads\/2019\/03\/044.jpg\" alt=\"\" width=\"313\" height=\"209\" srcset=\"https:\/\/www.zukunft-lankwitz.de\/wp-content\/uploads\/2019\/03\/044.jpg 4752w, https:\/\/www.zukunft-lankwitz.de\/wp-content\/uploads\/2019\/03\/044-300x200.jpg 300w, https:\/\/www.zukunft-lankwitz.de\/wp-content\/uploads\/2019\/03\/044-768x512.jpg 768w, https:\/\/www.zukunft-lankwitz.de\/wp-content\/uploads\/2019\/03\/044-1024x683.jpg 1024w, https:\/\/www.zukunft-lankwitz.de\/wp-content\/uploads\/2019\/03\/044-624x416.jpg 624w\" sizes=\"auto, (max-width: 313px) 100vw, 313px\" \/><\/a>Jeden Tag\u00a0 fliegen Bienen flei\u00dfig von Bl\u00fcte zu Bl\u00fcte, um Pollen und Nektar f\u00fcr ihren Nachwuchs zu sammeln. Wie k\u00f6nnen wir den gef\u00e4hrtdeten Bienen bei ihrer f\u00fcr uns so wichtigen Best\u00e4ubungsarbeit helfen? In dem KiJuFam K\u00e4seglocke leben seit 2018 Wild- und Honigbienen. Sie werden betreut von unserem ehrenamtlichen Experten f\u00fcr Bienen, Dr. Stephan H\u00e4rtel. Er leitet das Bienen-Projekt in der K\u00e4seglocke, um den Kindern und Jugendlichen das Leben der Bienen n\u00e4her zu bringen und sie f\u00fcr das Thema zu sensibilisieren. Wir konnten ihn gewinnen am Marktplatz der Ideen einen Thementisch zu begleiten, und bei Interesse stellt er kleinen Gruppen gerne die neuen Bewohner der K\u00e4seglocke vor.<\/p>\n<p>Die Fragestellung f\u00fcr den Thementisch ist, was k\u00f6nnen wir tun, um Bienen und andere Best\u00e4uber im Kiez zu unterst\u00fctzen. Die Bienen in der K\u00e4seglocke sind nicht die einzigen Bienen in Lankwitz. Neben den nat\u00fcrlich vorkommenden Wildbienen gibt es auch noch mehrere Imker und ihre Honigbienen im Kiez.<\/p>\n<p>Zur Vorbereitung zu diesem Thema haben wir Ihnen ein paar Links zusammengesucht die sich mit dem Thema auseinandersetzen:<\/p>\n<p><a href=\"http:\/\/www.zukunft-lankwitz.de\/wp-content\/uploads\/2019\/03\/botanischer-garten-0809_022.jpg\"><img loading=\"lazy\" decoding=\"async\" class=\"wp-image-1121 alignleft\" src=\"http:\/\/www.zukunft-lankwitz.de\/wp-content\/uploads\/2019\/03\/botanischer-garten-0809_022.jpg\" alt=\"\" width=\"308\" height=\"205\" srcset=\"https:\/\/www.zukunft-lankwitz.de\/wp-content\/uploads\/2019\/03\/botanischer-garten-0809_022.jpg 4752w, https:\/\/www.zukunft-lankwitz.de\/wp-content\/uploads\/2019\/03\/botanischer-garten-0809_022-300x200.jpg 300w, https:\/\/www.zukunft-lankwitz.de\/wp-content\/uploads\/2019\/03\/botanischer-garten-0809_022-768x512.jpg 768w, https:\/\/www.zukunft-lankwitz.de\/wp-content\/uploads\/2019\/03\/botanischer-garten-0809_022-1024x683.jpg 1024w, https:\/\/www.zukunft-lankwitz.de\/wp-content\/uploads\/2019\/03\/botanischer-garten-0809_022-624x416.jpg 624w\" sizes=\"auto, (max-width: 308px) 100vw, 308px\" \/><\/a>Bienen &amp; Co:<br \/>\n<em>&#8222;Die Bienen sind eine Insektenfamilie, die weltweit mit 12.000 verschiedenen Arten vertreten ist. Im Zusammenhang mit der Imkerei denken wir freilich nur an unsere Honigbienen (Apis mellifera). Sie ist eine der wenigen staatenbildenden Insekten und gerade wegen dieser Eigent\u00fcmlichkeit f\u00fcr uns so nutzbringend. Durch das \u00dcberwintern als ganzes Volk (im Winter 5.000 bis 10.000 Einzeltiere), steht im zeitigen Fr\u00fchjahr eine gro\u00dfe Anzahl Bienen zur Best\u00e4ubung der Obstb\u00e4ume, Beerenstr\u00e4ucher und anderer Fr\u00fchjahrsbl\u00fcher zur Verf\u00fcgung. Dieser Nutzen der Bienen ist um ein Vielfaches h\u00f6her als der, der dem Imker durch den Honigertrag erbracht wird&#8230;.&#8220; <\/em><a href=\"https:\/\/imkerverein-lichtenrade.de\/bienen-co\/\" target=\"_blank\" rel=\"noopener noreferrer\">Hier<\/a> geht\u00b4s zur Webseite vom <a href=\"https:\/\/imkerverein-lichtenrade.de\/bienen-co\/\" target=\"_blank\" rel=\"noopener noreferrer\">Imkerverein Lichtenrade e.V.<\/a><\/p>\n<p><a href=\"http:\/\/www.zukunft-lankwitz.de\/wp-content\/uploads\/2019\/03\/002.jpg\"><img loading=\"lazy\" decoding=\"async\" class=\"alignright wp-image-1122\" src=\"http:\/\/www.zukunft-lankwitz.de\/wp-content\/uploads\/2019\/03\/002.jpg\" alt=\"\" width=\"372\" height=\"248\" srcset=\"https:\/\/www.zukunft-lankwitz.de\/wp-content\/uploads\/2019\/03\/002.jpg 4752w, https:\/\/www.zukunft-lankwitz.de\/wp-content\/uploads\/2019\/03\/002-300x200.jpg 300w, https:\/\/www.zukunft-lankwitz.de\/wp-content\/uploads\/2019\/03\/002-768x512.jpg 768w, https:\/\/www.zukunft-lankwitz.de\/wp-content\/uploads\/2019\/03\/002-1024x683.jpg 1024w, https:\/\/www.zukunft-lankwitz.de\/wp-content\/uploads\/2019\/03\/002-624x416.jpg 624w\" sizes=\"auto, (max-width: 372px) 100vw, 372px\" \/><\/a>Wenn das Summen verstummt:<br \/>\n<em>&#8222;Seit Jahren warnen Forscher, dass es den Bienen schlecht geht. Das Ausma\u00df des Bienensterbens und seine Ursachen werden kontrovers debattiert. Sicher ist: Ihre Best\u00e4ubungsleistung hat eine immense \u00f6konomische Bedeutung f\u00fcr die Landwirtschaft&#8230;.&#8220; <\/em><a href=\"https:\/\/www.deutschlandfunkkultur.de\/bedrohte-bienen-welt-wenn-das-summen-verstummt.976.de.html?dram:article_id=335034\" target=\"_blank\" rel=\"noopener noreferrer\">Hier<\/a> geht\u00b4s zu einem sehr ausf\u00fchrlichen Beitrag vom <a href=\"https:\/\/www.deutschlandfunkkultur.de\/bedrohte-bienen-welt-wenn-das-summen-verstummt.976.de.html?dram:article_id=335034\" target=\"_blank\" rel=\"noopener noreferrer\">Deutschlandfunk Kultur<\/a> geschrieben von Susanne Billig und Petra Geist.<\/p>\n<p>Wenn sie mehr \u00fcber Bienen erfahren wollen, und auch wie wir sie unterst\u00fctzen k\u00f6nnen, dann kommen Sie beim Marktplatz der Ideen 2019 vorbei. Das Thema &#8222;Bienen im Kiez&#8220; wird wie folgt besprochen:<\/p>\n<p>Marktplatz der Ideen 2019<br \/>\nam 1. Juni 2019<br \/>\nZeit: 18.00 bis 19.00 Uhr<\/p>\n<p>Kommen Sie vorbei und gehen Sie mit\u00a0 Herrn Dr. H\u00e4rtel\u00a0 ins Gespr\u00e4ch.<\/p>\n<p>&nbsp;<\/p>\n<div style=\"padding-bottom:10px; padding-top:5px;\" class=\"hupso-share-buttons\"><!-- Hupso Share Buttons - https:\/\/www.hupso.com\/share\/ --><a class=\"hupso_toolbar\" href=\"https:\/\/www.hupso.com\/share\/\"><img decoding=\"async\" src=\"https:\/\/static.hupso.com\/share\/buttons\/lang\/de\/share-medium.png\" style=\"border:0px; padding-top: 5px; float:left;\" alt=\"Share Button\"\/><\/a><script type=\"text\/javascript\">var hupso_services_t=new Array(\"Twitter\",\"Facebook\",\"Google Plus\");var hupso_background_t=\"#EAF4FF\";var hupso_border_t=\"#66CCFF\";var hupso_toolbar_size_t=\"medium\";var hupso_image_folder_url = \"\";var hupso_url_t=\"\";var hupso_title_t=\"G%C3%A4ste%20des%20Marktplatz%20der%20Ideen%20stellen%20sich%20vor%3A%20Thementisch%204%20-%20Bienen%20im%20Kiez\";<\/script><script type=\"text\/javascript\" src=\"https:\/\/static.hupso.com\/share\/js\/share_toolbar.js\"><\/script><!-- Hupso Share Buttons --><\/div>","protected":false},"excerpt":{"rendered":"<p>Jeden Tag\u00a0 fliegen Bienen flei\u00dfig von Bl\u00fcte zu Bl\u00fcte, um Pollen und Nektar f\u00fcr ihren Nachwuchs zu sammeln. Wie k\u00f6nnen wir den gef\u00e4hrtdeten Bienen bei ihrer f\u00fcr uns so wichtigen Best\u00e4ubungsarbeit helfen? In dem KiJuFam K\u00e4seglocke leben seit 2018 Wild- und Honigbienen. Sie werden betreut von unserem ehrenamtlichen Experten f\u00fcr Bienen, Dr. Stephan H\u00e4rtel. Er [&hellip;]<\/p>\n<div style=\"padding-bottom:10px; padding-top:5px;\" class=\"hupso-share-buttons\"><!-- Hupso Share Buttons - https:\/\/www.hupso.com\/share\/ --><a class=\"hupso_toolbar\" href=\"https:\/\/www.hupso.com\/share\/\"><img src=\"https:\/\/static.hupso.com\/share\/buttons\/lang\/de\/share-medium.png\" style=\"border:0px; padding-top: 5px; float:left;\" alt=\"Share Button\"\/><\/a><script type=\"text\/javascript\">var hupso_services_t=new Array(\"Twitter\",\"Facebook\",\"Google Plus\");var hupso_background_t=\"#EAF4FF\";var hupso_border_t=\"#66CCFF\";var hupso_toolbar_size_t=\"medium\";var hupso_image_folder_url = \"\";var hupso_url_t=\"\";var hupso_title_t=\"G%C3%A4ste%20des%20Marktplatz%20der%20Ideen%20stellen%20sich%20vor%3A%20Thementisch%204%20-%20Bienen%20im%20Kiez\";<\/script><script type=\"text\/javascript\" src=\"https:\/\/static.hupso.com\/share\/js\/share_toolbar.js\"><\/script><!-- Hupso Share Buttons --><\/div>","protected":false},"author":2,"featured_media":0,"comment_status":"open","ping_status":"open","sticky":false,"template":"","format":"standard","meta":{"footnotes":""},"categories":[213,2,117,249],"tags":[250,77,251],"class_list":["post-1119","post","type-post","status-publish","format-standard","hentry","category-kiezfest","category-lankwitz","category-marktplatz-der-ideen","category-umweltschutz","tag-bienen","tag-kiez","tag-wildbienen"],"_links":{"self":[{"href":"https:\/\/www.zukunft-lankwitz.de\/index.php?rest_route=\/wp\/v2\/posts\/1119","targetHints":{"allow":["GET"]}}],"collection":[{"href":"https:\/\/www.zukunft-lankwitz.de\/index.php?rest_route=\/wp\/v2\/posts"}],"about":[{"href":"https:\/\/www.zukunft-lankwitz.de\/index.php?rest_route=\/wp\/v2\/types\/post"}],"author":[{"embeddable":true,"href":"https:\/\/www.zukunft-lankwitz.de\/index.php?rest_route=\/wp\/v2\/users\/2"}],"replies":[{"embeddable":true,"href":"https:\/\/www.zukunft-lankwitz.de\/index.php?rest_route=%2Fwp%2Fv2%2Fcomments&post=1119"}],"version-history":[{"count":11,"href":"https:\/\/www.zukunft-lankwitz.de\/index.php?rest_route=\/wp\/v2\/posts\/1119\/revisions"}],"predecessor-version":[{"id":1261,"href":"https:\/\/www.zukunft-lankwitz.de\/index.php?rest_route=\/wp\/v2\/posts\/1119\/revisions\/1261"}],"wp:attachment":[{"href":"https:\/\/www.zukunft-lankwitz.de\/index.php?rest_route=%2Fwp%2Fv2%2Fmedia&parent=1119"}],"wp:term":[{"taxonomy":"category","embeddable":true,"href":"https:\/\/www.zukunft-lankwitz.de\/index.php?rest_route=%2Fwp%2Fv2%2Fcategories&post=1119"},{"taxonomy":"post_tag","embeddable":true,"href":"https:\/\/www.zukunft-lankwitz.de\/index.php?rest_route=%2Fwp%2Fv2%2Ftags&post=1119"}],"curies":[{"name":"wp","href":"https:\/\/api.w.org\/{rel}","templated":true}]}}