{"id":1124,"date":"2019-04-20T12:00:09","date_gmt":"2019-04-20T10:00:09","guid":{"rendered":"http:\/\/www.zukunft-lankwitz.de\/?p=1124"},"modified":"2019-04-18T10:39:55","modified_gmt":"2019-04-18T08:39:55","slug":"gaeste-des-marktplatz-der-ideen-stellen-sich-vor-thementisch-5-mein-kiez-erstellen-eines-kiezplan-fuer-senioren","status":"publish","type":"post","link":"https:\/\/www.zukunft-lankwitz.de\/?p=1124","title":{"rendered":"G\u00e4ste des Marktplatz der Ideen stellen sich vor: Thementisch 5 &#8211; Mein Kiez &#8211; Erstellen eines Kiezplan f\u00fcr Senioren"},"content":{"rendered":"<p>Wir m\u00f6chten Ihnen in diesem Beitrag die Idee des KIez-Atlas f\u00fcr Senioren vorstellen und als Einf\u00fchrung aus dem Expose von Hr. Feddersen, Gr\u00fcnder des Projekts und Gast f\u00fcr den Thementisch beim Marktplatz der Ideen:<\/p>\n<p><em><a href=\"http:\/\/www.zukunft-lankwitz.de\/wp-content\/uploads\/2015\/04\/026.jpg\"><img loading=\"lazy\" decoding=\"async\" class=\"alignright wp-image-460\" src=\"http:\/\/www.zukunft-lankwitz.de\/wp-content\/uploads\/2015\/04\/026.jpg\" alt=\"\" width=\"340\" height=\"227\" srcset=\"https:\/\/www.zukunft-lankwitz.de\/wp-content\/uploads\/2015\/04\/026.jpg 1000w, https:\/\/www.zukunft-lankwitz.de\/wp-content\/uploads\/2015\/04\/026-300x200.jpg 300w, https:\/\/www.zukunft-lankwitz.de\/wp-content\/uploads\/2015\/04\/026-624x416.jpg 624w, https:\/\/www.zukunft-lankwitz.de\/wp-content\/uploads\/2015\/04\/026-800x534.jpg 800w\" sizes=\"auto, (max-width: 340px) 100vw, 340px\" \/><\/a>&#8222;Was ist ein Kiez? Allein diese Frage kann die Arbeit von Seniorenbeir\u00e4ten bereits \u00fcber Monate besch\u00e4ftigen, wollte man sie wissenschaftlich untersuchen. Meine Vorstellung eines Kiezes ist ganz einfach die Eingrenzung des Raumes, den ich f\u00fcr mein pers\u00f6nliches t\u00e4gliches Leben langsam erobert habe und st\u00e4ndig benutze. Der Ort, wo ich mich Zuhause f\u00fchle und wo meine t\u00e4glichen Erfordernisse Ihre Pl\u00e4tze genauso haben wie meine \u00c4ngste.<\/em><br \/>\n<em>Im Verst\u00e4ndnis eines Menschen von seiner Umgebung scheint es drei Ebenen zu geben, in denen sich im Wesentlichen dieses Verh\u00e4ltnis zu meiner Umgebung beschreiben l\u00e4sst:<\/em><br \/>\n<em>Das eine ist die Erinnerung der \u201eMonumente&#8220;, also der Geb\u00e4ude, die sich mir als typisch f\u00fcr meinen Kiez eingepr\u00e4gt haben. Die bildhafte Ebene.<\/em><br \/>\n<em>Eine zweite Ebene ist die der funktionalen Benutzbarkeit, also das, was ich alles t\u00e4glich brauche habe ich in meinem Ged\u00e4chtnis verortet und wei\u00df auf Anhieb, wo ich hingehen muss, wenn ich Geld abheben, meinen Pass emeuern oder meine Hochdruckpillen kaufen muss. Die Stadt ist sozusagen eine Maschine f\u00fcr Dienstleistungen.<\/em><br \/>\n<em>Die dritte Ebene ist die der menschlichen Beziehungen. Ich wei\u00df, wo in der Stadt meine Schwester lebt, meine Freundinnen Ihren Kaffee trinken und wo ich zuletzt mit meiner Tochter zusammengetroffen bin.<\/em><br \/>\n<em>Aus der \u00dcberlagerung der drei verschiedenen Aufnahmeebenen bildet sich dann die Gesamtheit des Raumes in dem ich zuhause bin.<\/em><br \/>\n<em>Es sind Bilder wie Inseln, die in einem gr\u00f6\u00dferen Meer schwimmen und die sich voneinander trennen durch Stra\u00dfen, Parks oder andere Hindernisse, als w\u00e4ren sie ein Inselarchipel in dem die Trennungen aus Wasser oder Meeresfl\u00e4chen bestehen.<\/em><br \/>\n<em>Die Gr\u00f6\u00dfe der Inseln variiert von Mensch zu Mensch und nimmt mit zunehmendem Alter ab.&#8220; <\/em>(Zitat aus dem Expos\u00e9 von Eckhard Feddersen &#8211; Architekt)<\/p>\n<p><a href=\"http:\/\/www.zukunft-lankwitz.de\/wp-content\/uploads\/2019\/03\/botanischer-garten-0809_010.jpg\"><img loading=\"lazy\" decoding=\"async\" class=\"wp-image-1125 alignleft\" src=\"http:\/\/www.zukunft-lankwitz.de\/wp-content\/uploads\/2019\/03\/botanischer-garten-0809_010.jpg\" alt=\"\" width=\"365\" height=\"243\" srcset=\"https:\/\/www.zukunft-lankwitz.de\/wp-content\/uploads\/2019\/03\/botanischer-garten-0809_010.jpg 4752w, https:\/\/www.zukunft-lankwitz.de\/wp-content\/uploads\/2019\/03\/botanischer-garten-0809_010-300x200.jpg 300w, https:\/\/www.zukunft-lankwitz.de\/wp-content\/uploads\/2019\/03\/botanischer-garten-0809_010-768x512.jpg 768w, https:\/\/www.zukunft-lankwitz.de\/wp-content\/uploads\/2019\/03\/botanischer-garten-0809_010-1024x683.jpg 1024w, https:\/\/www.zukunft-lankwitz.de\/wp-content\/uploads\/2019\/03\/botanischer-garten-0809_010-624x416.jpg 624w\" sizes=\"auto, (max-width: 365px) 100vw, 365px\" \/><\/a>Die Idee ist einen solchen Kiezplan f\u00fcr Steglitz-Zehlendorf zu erstellen. Er kann den Menschen helfen die im Kiez wohnen, aber und vor allem f\u00fcr Entscheider sinnvoll sein, wo bauliche Ma\u00dfnahmen notwendig sein k\u00f6nnten, wo ggf. Gespr\u00e4che gef\u00fchrt werden sollten, um Ver\u00e4nderungen zu erwirken. Es gibt viele M\u00f6glichkeiten wie so ein Kiezplan helfen kann, den Kiez sch\u00f6ner zu machen. Wenn Sie Lust haben daran mitzuwirken sind Sie herzlich eingeladen mit Hr. Feddersen ins Gespr\u00e4ch zu gehen und mit ihm gemeisam einen Teil f\u00fcr den Kiezplan f\u00fcr Senioren mitzuerstellen.<\/p>\n<p>Hr. Feddersen wird beim Marktplatz der Ideen wie folgt f\u00fcr eine Themenstunde da sein:<\/p>\n<p>Marktplatz der Ideen<br \/>\nAm 1. Juni 2019<br \/>\nZeit: 15.30 &#8211; 16.30 Uhr<\/p>\n<p>Kommen Sie vorbei und gehen Sie mit Hr. Feddersen ins Gespr\u00e4ch.<\/p>\n<p>&nbsp;<\/p>\n<p>&nbsp;<\/p>\n<div style=\"padding-bottom:10px; padding-top:5px;\" class=\"hupso-share-buttons\"><!-- Hupso Share Buttons - https:\/\/www.hupso.com\/share\/ --><a class=\"hupso_toolbar\" href=\"https:\/\/www.hupso.com\/share\/\"><img decoding=\"async\" src=\"https:\/\/static.hupso.com\/share\/buttons\/lang\/de\/share-medium.png\" style=\"border:0px; padding-top: 5px; float:left;\" alt=\"Share Button\"\/><\/a><script type=\"text\/javascript\">var hupso_services_t=new Array(\"Twitter\",\"Facebook\",\"Google Plus\");var hupso_background_t=\"#EAF4FF\";var hupso_border_t=\"#66CCFF\";var hupso_toolbar_size_t=\"medium\";var hupso_image_folder_url = \"\";var hupso_url_t=\"\";var hupso_title_t=\"G%C3%A4ste%20des%20Marktplatz%20der%20Ideen%20stellen%20sich%20vor%3A%20Thementisch%205%20-%20Mein%20Kiez%20-%20Erstellen%20eines%20Kiezplan%20f%C3%BCr%20Senioren\";<\/script><script type=\"text\/javascript\" src=\"https:\/\/static.hupso.com\/share\/js\/share_toolbar.js\"><\/script><!-- Hupso Share Buttons --><\/div>","protected":false},"excerpt":{"rendered":"<p>Wir m\u00f6chten Ihnen in diesem Beitrag die Idee des KIez-Atlas f\u00fcr Senioren vorstellen und als Einf\u00fchrung aus dem Expose von Hr. Feddersen, Gr\u00fcnder des Projekts und Gast f\u00fcr den Thementisch beim Marktplatz der Ideen: &#8222;Was ist ein Kiez? Allein diese Frage kann die Arbeit von Seniorenbeir\u00e4ten bereits \u00fcber Monate besch\u00e4ftigen, wollte man sie wissenschaftlich untersuchen. [&hellip;]<\/p>\n<div style=\"padding-bottom:10px; padding-top:5px;\" class=\"hupso-share-buttons\"><!-- Hupso Share Buttons - https:\/\/www.hupso.com\/share\/ --><a class=\"hupso_toolbar\" href=\"https:\/\/www.hupso.com\/share\/\"><img src=\"https:\/\/static.hupso.com\/share\/buttons\/lang\/de\/share-medium.png\" style=\"border:0px; padding-top: 5px; float:left;\" alt=\"Share Button\"\/><\/a><script type=\"text\/javascript\">var hupso_services_t=new Array(\"Twitter\",\"Facebook\",\"Google Plus\");var hupso_background_t=\"#EAF4FF\";var hupso_border_t=\"#66CCFF\";var hupso_toolbar_size_t=\"medium\";var hupso_image_folder_url = \"\";var hupso_url_t=\"\";var hupso_title_t=\"G%C3%A4ste%20des%20Marktplatz%20der%20Ideen%20stellen%20sich%20vor%3A%20Thementisch%205%20-%20Mein%20Kiez%20-%20Erstellen%20eines%20Kiezplan%20f%C3%BCr%20Senioren\";<\/script><script type=\"text\/javascript\" src=\"https:\/\/static.hupso.com\/share\/js\/share_toolbar.js\"><\/script><!-- Hupso Share Buttons --><\/div>","protected":false},"author":2,"featured_media":0,"comment_status":"open","ping_status":"open","sticky":false,"template":"","format":"standard","meta":{"footnotes":""},"categories":[213,117,185,52],"tags":[254,253,252],"class_list":["post-1124","post","type-post","status-publish","format-standard","hentry","category-kiezfest","category-marktplatz-der-ideen","category-senioren","category-veranstaltungen","tag-feddersen","tag-kiezplan","tag-kiezplan-fuer-senioren"],"_links":{"self":[{"href":"https:\/\/www.zukunft-lankwitz.de\/index.php?rest_route=\/wp\/v2\/posts\/1124","targetHints":{"allow":["GET"]}}],"collection":[{"href":"https:\/\/www.zukunft-lankwitz.de\/index.php?rest_route=\/wp\/v2\/posts"}],"about":[{"href":"https:\/\/www.zukunft-lankwitz.de\/index.php?rest_route=\/wp\/v2\/types\/post"}],"author":[{"embeddable":true,"href":"https:\/\/www.zukunft-lankwitz.de\/index.php?rest_route=\/wp\/v2\/users\/2"}],"replies":[{"embeddable":true,"href":"https:\/\/www.zukunft-lankwitz.de\/index.php?rest_route=%2Fwp%2Fv2%2Fcomments&post=1124"}],"version-history":[{"count":3,"href":"https:\/\/www.zukunft-lankwitz.de\/index.php?rest_route=\/wp\/v2\/posts\/1124\/revisions"}],"predecessor-version":[{"id":1228,"href":"https:\/\/www.zukunft-lankwitz.de\/index.php?rest_route=\/wp\/v2\/posts\/1124\/revisions\/1228"}],"wp:attachment":[{"href":"https:\/\/www.zukunft-lankwitz.de\/index.php?rest_route=%2Fwp%2Fv2%2Fmedia&parent=1124"}],"wp:term":[{"taxonomy":"category","embeddable":true,"href":"https:\/\/www.zukunft-lankwitz.de\/index.php?rest_route=%2Fwp%2Fv2%2Fcategories&post=1124"},{"taxonomy":"post_tag","embeddable":true,"href":"https:\/\/www.zukunft-lankwitz.de\/index.php?rest_route=%2Fwp%2Fv2%2Ftags&post=1124"}],"curies":[{"name":"wp","href":"https:\/\/api.w.org\/{rel}","templated":true}]}}