{"id":1128,"date":"2019-04-21T12:00:41","date_gmt":"2019-04-21T10:00:41","guid":{"rendered":"http:\/\/www.zukunft-lankwitz.de\/?p=1128"},"modified":"2019-04-21T07:51:02","modified_gmt":"2019-04-21T05:51:02","slug":"gaeste-des-marktplatz-der-ideen-stellen-sich-vor-thementisch-6-muff-leonorenstr-kennenlernen-nachfragen-und-unterstuetzen","status":"publish","type":"post","link":"https:\/\/www.zukunft-lankwitz.de\/?p=1128","title":{"rendered":"G\u00e4ste des Marktplatz der Ideen stellen sich vor: Thementisch 6 &#8211; Muff Leonorenstr. &#8211; Kennenlernen, Nachfragen und Unterst\u00fctzen"},"content":{"rendered":"<p><a href=\"http:\/\/www.zukunft-lankwitz.de\/wp-content\/uploads\/2019\/04\/IMG-20190420-WA0010.jpg\"><img loading=\"lazy\" decoding=\"async\" class=\"alignright wp-image-1240\" src=\"http:\/\/www.zukunft-lankwitz.de\/wp-content\/uploads\/2019\/04\/IMG-20190420-WA0010.jpg\" alt=\"\" width=\"296\" height=\"527\" srcset=\"https:\/\/www.zukunft-lankwitz.de\/wp-content\/uploads\/2019\/04\/IMG-20190420-WA0010.jpg 900w, https:\/\/www.zukunft-lankwitz.de\/wp-content\/uploads\/2019\/04\/IMG-20190420-WA0010-169x300.jpg 169w, https:\/\/www.zukunft-lankwitz.de\/wp-content\/uploads\/2019\/04\/IMG-20190420-WA0010-768x1365.jpg 768w, https:\/\/www.zukunft-lankwitz.de\/wp-content\/uploads\/2019\/04\/IMG-20190420-WA0010-576x1024.jpg 576w, https:\/\/www.zukunft-lankwitz.de\/wp-content\/uploads\/2019\/04\/IMG-20190420-WA0010-624x1109.jpg 624w\" sizes=\"auto, (max-width: 296px) 100vw, 296px\" \/><\/a>Muff &#8211; Was hei\u00dft das? <strong>M<\/strong>odulare <strong>U<\/strong>nterbringung <strong>f<\/strong>\u00fcr <strong>F<\/strong>l\u00fcchtlinge = MUFF.\u00a0 Was hei\u00dft den Modulare Unterbringung schon wieder? Es ist eigentlich ganz einfach. Ein Muff wird aus vorfabrizierten Beton-Modulen errichtet. Der Vorteil ist, das durch diese Bauweise es im Verh\u00e4ltnis schnell gebaut werden kann und es gibt eine Herstellergarantie von 80 Jahren.\u00a0 Herum um das Muff gibt es einen gestalteten Au\u00dfenbereich mit Rasenfl\u00e4chen, Spiel- und Sportanlagen, sowie ein Treffpunkt der Bewohnerinnen und Bewohner mit Sitzgelegenheiten und Tischen. Die modulare Bauweise erm\u00f6glicht es, wenn die Wohnheime nicht mehr als reine Fl\u00fcchtlingsunterkunft gebraucht werden, es einfach in regul\u00e4re Wohnungen umzubauen. Das Nachnutzungskonzept sieht Wohnraum f\u00fcr z.B. Studenten oder einkommensschwache Familien vor.<\/p>\n<p>Die Ausstattung eines Muff ist wie folgt:<\/p>\n<ul>\n<li>Fu\u00dfbodenheizung (nicht teurer als Heizk\u00f6rper)<\/li>\n<li>Linoleum Fu\u00dfbodenbel\u00e4ge<\/li>\n<li>Transponder Schlie\u00dfsystem mit entsprechenden Berechtigungen f\u00fcr die jeweiligen Wohnetagen, Waschmaschinenraum<\/li>\n<\/ul>\n<p><!--more--><\/p>\n<p>Es gibt pro Wohnmodul und Etage:<\/p>\n<ul>\n<li>jeweils einen Gemeinschafts-Sanit\u00e4rbereich f\u00fcr Damen und f\u00fcr Herren mit kompletter Sanit\u00e4rausstattung.<\/li>\n<li>eine Gemeinschaftsk\u00fcche mit zwei Herden und ein gemeinschaftlicher Essraum<\/li>\n<li>Ein Wohnmodul bietet Platz f\u00fcr 15 Bewohner*innen<\/li>\n<li>zwei Schulungsr\u00e4ume in der ersten Etage<\/li>\n<li>im EG Kinderspielraum und ein Beratungsraum f\u00fcr Betreiber<\/li>\n<\/ul>\n<p>Im Erdgeschoss:<\/p>\n<ul>\n<li>jeweils vier f\u00fcr Familien geeignete barrierearme Wohnungen u.a. mit behindertengerechten B\u00e4dern<\/li>\n<\/ul>\n<p>Im Funktionsgeb\u00e4ude:<\/p>\n<ul>\n<li>einen gro\u00dfen Gemeinschaftsraum mit kleiner Einbauk\u00fcche<\/li>\n<li>einen Waschmaschinenraum<\/li>\n<\/ul>\n<p><a href=\"http:\/\/www.zukunft-lankwitz.de\/wp-content\/uploads\/2019\/04\/IMG-20190420-WA0007.jpg\"><img loading=\"lazy\" decoding=\"async\" class=\"alignright size-full wp-image-1239\" src=\"http:\/\/www.zukunft-lankwitz.de\/wp-content\/uploads\/2019\/04\/IMG-20190420-WA0007.jpg\" alt=\"\" width=\"1600\" height=\"900\" srcset=\"https:\/\/www.zukunft-lankwitz.de\/wp-content\/uploads\/2019\/04\/IMG-20190420-WA0007.jpg 1600w, https:\/\/www.zukunft-lankwitz.de\/wp-content\/uploads\/2019\/04\/IMG-20190420-WA0007-300x169.jpg 300w, https:\/\/www.zukunft-lankwitz.de\/wp-content\/uploads\/2019\/04\/IMG-20190420-WA0007-768x432.jpg 768w, https:\/\/www.zukunft-lankwitz.de\/wp-content\/uploads\/2019\/04\/IMG-20190420-WA0007-1024x576.jpg 1024w, https:\/\/www.zukunft-lankwitz.de\/wp-content\/uploads\/2019\/04\/IMG-20190420-WA0007-624x351.jpg 624w\" sizes=\"auto, (max-width: 1600px) 100vw, 1600px\" \/><\/a><\/p>\n<p>Der Betreiber f\u00fcr das Muff in der Leonorenstra\u00dfe wurde nach einem langen Auswahlverfahren das Stadtteilzentrum Steglitz e.V. Wir konnten den Gesch\u00e4ftsf\u00fchrer Thomas Mampel dazu begeistern, beim Marktplatz der Ideen einen Thementisch zum Muff Leonorenstra\u00dfe zu begleiten unter dem Thema: Muff Leonorenstra\u00dfe &#8211; Kennenlernen, nachfragen und unterst\u00fczen. Nutzen Sie die Gelegenheit mehr zu erfahren und auch zu h\u00f6ren, wie Sie ggf. helfen und unterst\u00fctzen k\u00f6nnen;<\/p>\n<p>Marktplatz der Ideen<br \/>\nAm 1. Juni 2019<br \/>\nZeit: 16.00 &#8211; 17.00 Uhr<\/p>\n<p>Kommen Sie vorbei und gehen Sie mit Hr. Mampel vom Stadtteilzentrum Steglitz e.V.\u00a0 ins Gespr\u00e4ch.<\/p>\n<div style=\"padding-bottom:10px; padding-top:5px;\" class=\"hupso-share-buttons\"><!-- Hupso Share Buttons - https:\/\/www.hupso.com\/share\/ --><a class=\"hupso_toolbar\" href=\"https:\/\/www.hupso.com\/share\/\"><img decoding=\"async\" src=\"https:\/\/static.hupso.com\/share\/buttons\/lang\/de\/share-medium.png\" style=\"border:0px; padding-top: 5px; float:left;\" alt=\"Share Button\"\/><\/a><script type=\"text\/javascript\">var hupso_services_t=new Array(\"Twitter\",\"Facebook\",\"Google Plus\");var hupso_background_t=\"#EAF4FF\";var hupso_border_t=\"#66CCFF\";var hupso_toolbar_size_t=\"medium\";var hupso_image_folder_url = \"\";var hupso_url_t=\"\";var hupso_title_t=\"G%C3%A4ste%20des%20Marktplatz%20der%20Ideen%20stellen%20sich%20vor%3A%20Thementisch%206%20-%20Muff%20Leonorenstr.%20-%20Kennenlernen%2C%20Nachfragen%20und%20Unterst%C3%BCtzen\";<\/script><script type=\"text\/javascript\" src=\"https:\/\/static.hupso.com\/share\/js\/share_toolbar.js\"><\/script><!-- Hupso Share Buttons --><\/div>","protected":false},"excerpt":{"rendered":"<p>Muff &#8211; Was hei\u00dft das? Modulare Unterbringung f\u00fcr Fl\u00fcchtlinge = MUFF.\u00a0 Was hei\u00dft den Modulare Unterbringung schon wieder? Es ist eigentlich ganz einfach. Ein Muff wird aus vorfabrizierten Beton-Modulen errichtet. Der Vorteil ist, das durch diese Bauweise es im Verh\u00e4ltnis schnell gebaut werden kann und es gibt eine Herstellergarantie von 80 Jahren.\u00a0 Herum um das [&hellip;]<\/p>\n<div style=\"padding-bottom:10px; padding-top:5px;\" class=\"hupso-share-buttons\"><!-- Hupso Share Buttons - https:\/\/www.hupso.com\/share\/ --><a class=\"hupso_toolbar\" href=\"https:\/\/www.hupso.com\/share\/\"><img src=\"https:\/\/static.hupso.com\/share\/buttons\/lang\/de\/share-medium.png\" style=\"border:0px; padding-top: 5px; float:left;\" alt=\"Share Button\"\/><\/a><script type=\"text\/javascript\">var hupso_services_t=new Array(\"Twitter\",\"Facebook\",\"Google Plus\");var hupso_background_t=\"#EAF4FF\";var hupso_border_t=\"#66CCFF\";var hupso_toolbar_size_t=\"medium\";var hupso_image_folder_url = \"\";var hupso_url_t=\"\";var hupso_title_t=\"G%C3%A4ste%20des%20Marktplatz%20der%20Ideen%20stellen%20sich%20vor%3A%20Thementisch%206%20-%20Muff%20Leonorenstr.%20-%20Kennenlernen%2C%20Nachfragen%20und%20Unterst%C3%BCtzen\";<\/script><script type=\"text\/javascript\" src=\"https:\/\/static.hupso.com\/share\/js\/share_toolbar.js\"><\/script><!-- Hupso Share Buttons --><\/div>","protected":false},"author":2,"featured_media":0,"comment_status":"open","ping_status":"open","sticky":false,"template":"","format":"standard","meta":{"footnotes":""},"categories":[211,117,52,4],"tags":[141,209,65,255,265],"class_list":["post-1128","post","type-post","status-publish","format-standard","hentry","category-fluechtlinge","category-marktplatz-der-ideen","category-veranstaltungen","category-wohnen","tag-fluechtlinge","tag-fluechtlingsunterkunft","tag-leonorenstrasse","tag-muff-leonorenstrasse","tag-stadtteilzentrum-steglitz-e-v"],"_links":{"self":[{"href":"https:\/\/www.zukunft-lankwitz.de\/index.php?rest_route=\/wp\/v2\/posts\/1128","targetHints":{"allow":["GET"]}}],"collection":[{"href":"https:\/\/www.zukunft-lankwitz.de\/index.php?rest_route=\/wp\/v2\/posts"}],"about":[{"href":"https:\/\/www.zukunft-lankwitz.de\/index.php?rest_route=\/wp\/v2\/types\/post"}],"author":[{"embeddable":true,"href":"https:\/\/www.zukunft-lankwitz.de\/index.php?rest_route=\/wp\/v2\/users\/2"}],"replies":[{"embeddable":true,"href":"https:\/\/www.zukunft-lankwitz.de\/index.php?rest_route=%2Fwp%2Fv2%2Fcomments&post=1128"}],"version-history":[{"count":6,"href":"https:\/\/www.zukunft-lankwitz.de\/index.php?rest_route=\/wp\/v2\/posts\/1128\/revisions"}],"predecessor-version":[{"id":1242,"href":"https:\/\/www.zukunft-lankwitz.de\/index.php?rest_route=\/wp\/v2\/posts\/1128\/revisions\/1242"}],"wp:attachment":[{"href":"https:\/\/www.zukunft-lankwitz.de\/index.php?rest_route=%2Fwp%2Fv2%2Fmedia&parent=1128"}],"wp:term":[{"taxonomy":"category","embeddable":true,"href":"https:\/\/www.zukunft-lankwitz.de\/index.php?rest_route=%2Fwp%2Fv2%2Fcategories&post=1128"},{"taxonomy":"post_tag","embeddable":true,"href":"https:\/\/www.zukunft-lankwitz.de\/index.php?rest_route=%2Fwp%2Fv2%2Ftags&post=1128"}],"curies":[{"name":"wp","href":"https:\/\/api.w.org\/{rel}","templated":true}]}}