{"id":1134,"date":"2019-04-22T12:00:06","date_gmt":"2019-04-22T10:00:06","guid":{"rendered":"http:\/\/www.zukunft-lankwitz.de\/?p=1134"},"modified":"2019-04-18T10:40:52","modified_gmt":"2019-04-18T08:40:52","slug":"gaeste-des-marktplatz-der-ideen-stellen-sich-vor-thementisch-7-mobilitaetsgesetz-was-bedeutet-das-fuer-unseren-kiez","status":"publish","type":"post","link":"https:\/\/www.zukunft-lankwitz.de\/?p=1134","title":{"rendered":"G\u00e4ste des Marktplatz der Ideen stellen sich vor: Thementisch 7 &#8211; Mobilit\u00e4tsgesetz! Was bedeutet das f\u00fcr unseren Kiez?"},"content":{"rendered":"<p>Wir haben bereits in dem Beitrag\u00a0<a href=\"http:\/\/www.zukunft-lankwitz.de\/?p=911\">Mobilit\u00e4tsgesetz<\/a> \u00fcber das Mobilit\u00e4tsgesetz berichtet. Was bedeutet dies aber nun f\u00fcr unseren Kiez? Was ist mit den schlechten Radwegen z.B. in der Leonorenstr.? Wir konnten f\u00fcr den Thementisch zum Mobilit\u00e4tsgesetz den Allgemeine Deutsche Fahrrad-Club e. V. (ADFC) begeistern.<\/p>\n<p>&#8222;<em>Der <span class=\"caps\">ADFC<\/span>\u00a0Berlin e.V. ist ein gemeinn\u00fctziger Verein mit mehr als 15.000 Mitgliedern. Der\u00a0<span class=\"caps\">ADFC<\/span>versteht sich als Umweltverband, da das Fahrradfahren aufgrund der Emissionsfreiheit \u2013 neben dem Zufu\u00dfgehen \u2013 die umweltfreundlichste Mobilit\u00e4tsform darstellt. Der Landesverband Berlin wirkt im Sinne dieser Ziele in die Berliner Politik, Gesellschaft und Medien, um die allt\u00e4gliche Situation der Berliner beim Fahrradfahren substanziell zu verbessern und den Radverkehrsanteil zu erh\u00f6hen.<\/em>&#8220; (Zitat aus der Webseite des ADFC www.adfc-berlin.de\/) Der ADFC ist Berlinweit mit 13 Stadtteilgruppen, und als Berater des Senats und der Bezirks\u00e4mter aktiv.<\/p>\n<p>Am Marktplatz der Ideen haben Sie die M\u00f6glichkeit ihre Anliegen, W\u00fcnsche und Fragen rund um das Mobilit\u00e4tsgesetz, die Radwege, Abstellm\u00f6glichkeiten f\u00fcr Fahrr\u00e4der und und und alles rund um das Thema Fahrradfahren. Nutzen sie Ihre Chance und kommen Sie vorbei:<\/p>\n<p>Marktplatz der Ideen<br \/>\nAm 1. Juni 2019<br \/>\nZeit: 17.00 &#8211; 18.00 Uhr<\/p>\n<p>Kommen Sie vorbei und gehen Sie mit dem ADFC ins Gespr\u00e4ch und gestalten Sie unseren Kiez mit.<\/p>\n<p>&nbsp;<\/p>\n<div style=\"padding-bottom:10px; padding-top:5px;\" class=\"hupso-share-buttons\"><!-- Hupso Share Buttons - https:\/\/www.hupso.com\/share\/ --><a class=\"hupso_toolbar\" href=\"https:\/\/www.hupso.com\/share\/\"><img decoding=\"async\" src=\"https:\/\/static.hupso.com\/share\/buttons\/lang\/de\/share-medium.png\" style=\"border:0px; padding-top: 5px; float:left;\" alt=\"Share Button\"\/><\/a><script type=\"text\/javascript\">var hupso_services_t=new Array(\"Twitter\",\"Facebook\",\"Google Plus\");var hupso_background_t=\"#EAF4FF\";var hupso_border_t=\"#66CCFF\";var hupso_toolbar_size_t=\"medium\";var hupso_image_folder_url = \"\";var hupso_url_t=\"\";var hupso_title_t=\"G%C3%A4ste%20des%20Marktplatz%20der%20Ideen%20stellen%20sich%20vor%3A%20Thementisch%207%20-%20Mobilit%C3%A4tsgesetz%21%20Was%20bedeutet%20das%20f%C3%BCr%20unseren%20Kiez%3F\";<\/script><script type=\"text\/javascript\" src=\"https:\/\/static.hupso.com\/share\/js\/share_toolbar.js\"><\/script><!-- Hupso Share Buttons --><\/div>","protected":false},"excerpt":{"rendered":"<p>Wir haben bereits in dem Beitrag\u00a0Mobilit\u00e4tsgesetz \u00fcber das Mobilit\u00e4tsgesetz berichtet. Was bedeutet dies aber nun f\u00fcr unseren Kiez? Was ist mit den schlechten Radwegen z.B. in der Leonorenstr.? Wir konnten f\u00fcr den Thementisch zum Mobilit\u00e4tsgesetz den Allgemeine Deutsche Fahrrad-Club e. V. (ADFC) begeistern. &#8222;Der ADFC\u00a0Berlin e.V. ist ein gemeinn\u00fctziger Verein mit mehr als 15.000 Mitgliedern. [&hellip;]<\/p>\n<div style=\"padding-bottom:10px; padding-top:5px;\" class=\"hupso-share-buttons\"><!-- Hupso Share Buttons - https:\/\/www.hupso.com\/share\/ --><a class=\"hupso_toolbar\" href=\"https:\/\/www.hupso.com\/share\/\"><img src=\"https:\/\/static.hupso.com\/share\/buttons\/lang\/de\/share-medium.png\" style=\"border:0px; padding-top: 5px; float:left;\" alt=\"Share Button\"\/><\/a><script type=\"text\/javascript\">var hupso_services_t=new Array(\"Twitter\",\"Facebook\",\"Google Plus\");var hupso_background_t=\"#EAF4FF\";var hupso_border_t=\"#66CCFF\";var hupso_toolbar_size_t=\"medium\";var hupso_image_folder_url = \"\";var hupso_url_t=\"\";var hupso_title_t=\"G%C3%A4ste%20des%20Marktplatz%20der%20Ideen%20stellen%20sich%20vor%3A%20Thementisch%207%20-%20Mobilit%C3%A4tsgesetz%21%20Was%20bedeutet%20das%20f%C3%BCr%20unseren%20Kiez%3F\";<\/script><script type=\"text\/javascript\" src=\"https:\/\/static.hupso.com\/share\/js\/share_toolbar.js\"><\/script><!-- Hupso Share Buttons --><\/div>","protected":false},"author":2,"featured_media":0,"comment_status":"open","ping_status":"open","sticky":false,"template":"","format":"standard","meta":{"footnotes":""},"categories":[213,117,64,52],"tags":[256,8,206,217],"class_list":["post-1134","post","type-post","status-publish","format-standard","hentry","category-kiezfest","category-marktplatz-der-ideen","category-strassen-und-verkehr","category-veranstaltungen","tag-adfc","tag-marktplatz-der-ideen","tag-mobilitaet-im-kiez","tag-mobilitaetsgesetz"],"_links":{"self":[{"href":"https:\/\/www.zukunft-lankwitz.de\/index.php?rest_route=\/wp\/v2\/posts\/1134","targetHints":{"allow":["GET"]}}],"collection":[{"href":"https:\/\/www.zukunft-lankwitz.de\/index.php?rest_route=\/wp\/v2\/posts"}],"about":[{"href":"https:\/\/www.zukunft-lankwitz.de\/index.php?rest_route=\/wp\/v2\/types\/post"}],"author":[{"embeddable":true,"href":"https:\/\/www.zukunft-lankwitz.de\/index.php?rest_route=\/wp\/v2\/users\/2"}],"replies":[{"embeddable":true,"href":"https:\/\/www.zukunft-lankwitz.de\/index.php?rest_route=%2Fwp%2Fv2%2Fcomments&post=1134"}],"version-history":[{"count":2,"href":"https:\/\/www.zukunft-lankwitz.de\/index.php?rest_route=\/wp\/v2\/posts\/1134\/revisions"}],"predecessor-version":[{"id":1229,"href":"https:\/\/www.zukunft-lankwitz.de\/index.php?rest_route=\/wp\/v2\/posts\/1134\/revisions\/1229"}],"wp:attachment":[{"href":"https:\/\/www.zukunft-lankwitz.de\/index.php?rest_route=%2Fwp%2Fv2%2Fmedia&parent=1134"}],"wp:term":[{"taxonomy":"category","embeddable":true,"href":"https:\/\/www.zukunft-lankwitz.de\/index.php?rest_route=%2Fwp%2Fv2%2Fcategories&post=1134"},{"taxonomy":"post_tag","embeddable":true,"href":"https:\/\/www.zukunft-lankwitz.de\/index.php?rest_route=%2Fwp%2Fv2%2Ftags&post=1134"}],"curies":[{"name":"wp","href":"https:\/\/api.w.org\/{rel}","templated":true}]}}