{"id":1154,"date":"2019-04-24T12:00:58","date_gmt":"2019-04-24T10:00:58","guid":{"rendered":"http:\/\/www.zukunft-lankwitz.de\/?p=1154"},"modified":"2019-04-18T10:47:53","modified_gmt":"2019-04-18T08:47:53","slug":"gaeste-des-marktplatz-der-ideen-stellen-sich-vor-thementisch-9-markt-lankwitz-ideen-wuensche-und-vorhaben","status":"publish","type":"post","link":"https:\/\/www.zukunft-lankwitz.de\/?p=1154","title":{"rendered":"G\u00e4ste des Marktplatz der Ideen stellen sich vor: Thementisch 9 &#8211; Markt Lankwitz &#8211; Ideen, W\u00fcnsche und Vorhaben"},"content":{"rendered":"<p>&#8222;Der Markt am Rathaus Lankwitz wird immer kleiner!&#8220; &#8211; Das sind sinngem\u00e4\u00df Aussagen von B\u00fcrgerinnen und B\u00fcrgern aus dem Kiez. Ist es nur eine Wahrnehmung? Ist da was dran? Wie hat sich der Markt in den letzten Jahren ver\u00e4ndert? Was braucht der Markt um attraktiver zu sein?<\/p>\n<p>Wir m\u00f6chten Sie einladen, mit uns zusammen zu \u00fcberlegen was wir uns w\u00fcnschen? Welches Angebot fehlt? Stimmen die Markttage und Zeiten mit unseren Bed\u00fcrfnissen \u00fcberein? Was braucht der Markt?<\/p>\n<p>Diese und noch viel mehr Fragen m\u00f6chten wir mit ihnen sammeln und diskutieren und zu den Stellen transportieren die an entscheidender Stelle sitzen und mit ihnen die M\u00f6glichkeiten ausloten, um es anzusto\u00dfen das es eine Ver\u00e4nderung gibt. Gemeinsam f\u00fcr unseren Kiez! Bringen Sie sich und Ihre Ideen ein. Der Thementisch wird im Rahmen des Marktplatz der Ideen wie folgt stattfinden:<\/p>\n<p>Marktplatz der Ideen<\/p>\n<p>Thema: Markt Lankwitz &#8211; Ideen, W\u00fcnsche und Vorhaben<br \/>\nAm 1. Juni 2019<br \/>\nZeit: 16.00 &#8211; 17.00 Uhr<\/p>\n<p>Kommen Sie vorbei und gestalten Sie mit uns gemeinsam unseren Kiez.<\/p>\n<p>&nbsp;<\/p>\n<div style=\"padding-bottom:10px; padding-top:5px;\" class=\"hupso-share-buttons\"><!-- Hupso Share Buttons - https:\/\/www.hupso.com\/share\/ --><a class=\"hupso_toolbar\" href=\"https:\/\/www.hupso.com\/share\/\"><img decoding=\"async\" src=\"https:\/\/static.hupso.com\/share\/buttons\/lang\/de\/share-medium.png\" style=\"border:0px; padding-top: 5px; float:left;\" alt=\"Share Button\"\/><\/a><script type=\"text\/javascript\">var hupso_services_t=new Array(\"Twitter\",\"Facebook\",\"Google Plus\");var hupso_background_t=\"#EAF4FF\";var hupso_border_t=\"#66CCFF\";var hupso_toolbar_size_t=\"medium\";var hupso_image_folder_url = \"\";var hupso_url_t=\"\";var hupso_title_t=\"G%C3%A4ste%20des%20Marktplatz%20der%20Ideen%20stellen%20sich%20vor%3A%20Thementisch%209%20-%20Markt%20Lankwitz%20-%20Ideen%2C%20W%C3%BCnsche%20und%20Vorhaben\";<\/script><script type=\"text\/javascript\" src=\"https:\/\/static.hupso.com\/share\/js\/share_toolbar.js\"><\/script><!-- Hupso Share Buttons --><\/div>","protected":false},"excerpt":{"rendered":"<p>&#8222;Der Markt am Rathaus Lankwitz wird immer kleiner!&#8220; &#8211; Das sind sinngem\u00e4\u00df Aussagen von B\u00fcrgerinnen und B\u00fcrgern aus dem Kiez. Ist es nur eine Wahrnehmung? Ist da was dran? Wie hat sich der Markt in den letzten Jahren ver\u00e4ndert? Was braucht der Markt um attraktiver zu sein? Wir m\u00f6chten Sie einladen, mit uns zusammen zu [&hellip;]<\/p>\n<div style=\"padding-bottom:10px; padding-top:5px;\" class=\"hupso-share-buttons\"><!-- Hupso Share Buttons - https:\/\/www.hupso.com\/share\/ --><a class=\"hupso_toolbar\" href=\"https:\/\/www.hupso.com\/share\/\"><img src=\"https:\/\/static.hupso.com\/share\/buttons\/lang\/de\/share-medium.png\" style=\"border:0px; padding-top: 5px; float:left;\" alt=\"Share Button\"\/><\/a><script type=\"text\/javascript\">var hupso_services_t=new Array(\"Twitter\",\"Facebook\",\"Google Plus\");var hupso_background_t=\"#EAF4FF\";var hupso_border_t=\"#66CCFF\";var hupso_toolbar_size_t=\"medium\";var hupso_image_folder_url = \"\";var hupso_url_t=\"\";var hupso_title_t=\"G%C3%A4ste%20des%20Marktplatz%20der%20Ideen%20stellen%20sich%20vor%3A%20Thementisch%209%20-%20Markt%20Lankwitz%20-%20Ideen%2C%20W%C3%BCnsche%20und%20Vorhaben\";<\/script><script type=\"text\/javascript\" src=\"https:\/\/static.hupso.com\/share\/js\/share_toolbar.js\"><\/script><!-- Hupso Share Buttons --><\/div>","protected":false},"author":2,"featured_media":0,"comment_status":"open","ping_status":"open","sticky":false,"template":"","format":"standard","meta":{"footnotes":""},"categories":[2,117,3,52],"tags":[262,8,261],"class_list":["post-1154","post","type-post","status-publish","format-standard","hentry","category-lankwitz","category-marktplatz-der-ideen","category-runder-tisch","category-veranstaltungen","tag-markt","tag-marktplatz-der-ideen","tag-wochenmarkt-lankwitz"],"_links":{"self":[{"href":"https:\/\/www.zukunft-lankwitz.de\/index.php?rest_route=\/wp\/v2\/posts\/1154","targetHints":{"allow":["GET"]}}],"collection":[{"href":"https:\/\/www.zukunft-lankwitz.de\/index.php?rest_route=\/wp\/v2\/posts"}],"about":[{"href":"https:\/\/www.zukunft-lankwitz.de\/index.php?rest_route=\/wp\/v2\/types\/post"}],"author":[{"embeddable":true,"href":"https:\/\/www.zukunft-lankwitz.de\/index.php?rest_route=\/wp\/v2\/users\/2"}],"replies":[{"embeddable":true,"href":"https:\/\/www.zukunft-lankwitz.de\/index.php?rest_route=%2Fwp%2Fv2%2Fcomments&post=1154"}],"version-history":[{"count":3,"href":"https:\/\/www.zukunft-lankwitz.de\/index.php?rest_route=\/wp\/v2\/posts\/1154\/revisions"}],"predecessor-version":[{"id":1232,"href":"https:\/\/www.zukunft-lankwitz.de\/index.php?rest_route=\/wp\/v2\/posts\/1154\/revisions\/1232"}],"wp:attachment":[{"href":"https:\/\/www.zukunft-lankwitz.de\/index.php?rest_route=%2Fwp%2Fv2%2Fmedia&parent=1154"}],"wp:term":[{"taxonomy":"category","embeddable":true,"href":"https:\/\/www.zukunft-lankwitz.de\/index.php?rest_route=%2Fwp%2Fv2%2Fcategories&post=1154"},{"taxonomy":"post_tag","embeddable":true,"href":"https:\/\/www.zukunft-lankwitz.de\/index.php?rest_route=%2Fwp%2Fv2%2Ftags&post=1154"}],"curies":[{"name":"wp","href":"https:\/\/api.w.org\/{rel}","templated":true}]}}