{"id":1167,"date":"2019-03-20T12:00:53","date_gmt":"2019-03-20T11:00:53","guid":{"rendered":"http:\/\/www.zukunft-lankwitz.de\/?p=1167"},"modified":"2022-01-08T02:04:10","modified_gmt":"2022-01-08T01:04:10","slug":"einladung-zum-runden-tisch-lankwitz-suedende-maerz-2019","status":"publish","type":"post","link":"https:\/\/www.zukunft-lankwitz.de\/?p=1167","title":{"rendered":"Einladung zum Runden Tisch Lankwitz-S\u00fcdende M\u00e4rz 2019"},"content":{"rendered":"<p><a href=\"http:\/\/www.zukunft-lankwitz.de\/wp-content\/uploads\/2019\/03\/kiezplan.jpg\"><img loading=\"lazy\" decoding=\"async\" class=\"alignright wp-image-1175\" src=\"http:\/\/www.zukunft-lankwitz.de\/wp-content\/uploads\/2019\/03\/kiezplan.jpg\" alt=\"\" width=\"414\" height=\"308\" srcset=\"https:\/\/www.zukunft-lankwitz.de\/wp-content\/uploads\/2019\/03\/kiezplan.jpg 923w, https:\/\/www.zukunft-lankwitz.de\/wp-content\/uploads\/2019\/03\/kiezplan-300x223.jpg 300w, https:\/\/www.zukunft-lankwitz.de\/wp-content\/uploads\/2019\/03\/kiezplan-768x572.jpg 768w, https:\/\/www.zukunft-lankwitz.de\/wp-content\/uploads\/2019\/03\/kiezplan-624x464.jpg 624w\" sizes=\"auto, (max-width: 414px) 100vw, 414px\" \/><\/a>Schwupp schon wieder ist ein Monat um und der letzte Mittwoch im Monat ist da, und so auch der Termin f\u00fcr den Runden Tisch Lankwitz-S\u00fcdende. Das Schwerpunktthema bei diesem Runden Tisch ist &#8222;Kiez-Plan f\u00fcr Senioren Teil 2&#8220;. Gemeinsam wollen wir alle sch\u00f6nen, wichtigen, weniger sch\u00f6ne und interessante Orte im Kiez aufzeigen in einem Kiezplan f\u00fcr Senioren. Er soll auch aufzeigen wo z.B. eine Bank oder eine \u00f6ffentliche Toilette fehlt, oder ein Bordstein eine un\u00fcberwindbare H\u00fcrde darstellt. Sie haben die M\u00f6glichkeit daran mitzuwirken um diesen Plan f\u00fcr unseren Kiez zu erstellen.<\/p>\n<p>Sie haben zwei M\u00f6glichkeiten:<br \/>\n1. Sie f\u00fcllen den Plan in Ruhe zu Hause aus und bringen ihn zum n\u00e4chsten Treffen mit. Die <a href=\"http:\/\/www.zukunft-lankwitz.de\/wp-content\/uploads\/2019\/03\/KarteLankwitz_2_kl.pdf\" target=\"_blank\" rel=\"noopener noreferrer\">Karte <\/a>und die <a href=\"http:\/\/www.zukunft-lankwitz.de\/wp-content\/uploads\/2019\/03\/Kiez-Plan-Anleitung.pdf\" target=\"_blank\" rel=\"noopener noreferrer\">Anleitung<\/a> finden sie <a href=\"http:\/\/www.zukunft-lankwitz.de\/wp-content\/uploads\/2019\/03\/Kiez-Plan-Anleitung.pdf\" target=\"_blank\" rel=\"noopener noreferrer\">hier<\/a> (komplett).<\/p>\n<p>2. Sie kommen zum Runden Tisch schon ein wenig fr\u00fcher und haben die M\u00f6glichkeit mit anderen zusammen ihre Orte in einen gro\u00dfen Plan einzutragen.<\/p>\n<p><a href=\"http:\/\/www.zukunft-lankwitz.de\/wp-content\/uploads\/2019\/03\/einmaerz.jpg\"><img loading=\"lazy\" decoding=\"async\" class=\"wp-image-1174 alignleft\" src=\"http:\/\/www.zukunft-lankwitz.de\/wp-content\/uploads\/2019\/03\/einmaerz.jpg\" alt=\"\" width=\"324\" height=\"455\" srcset=\"https:\/\/www.zukunft-lankwitz.de\/wp-content\/uploads\/2019\/03\/einmaerz.jpg 453w, https:\/\/www.zukunft-lankwitz.de\/wp-content\/uploads\/2019\/03\/einmaerz-214x300.jpg 214w\" sizes=\"auto, (max-width: 324px) 100vw, 324px\" \/><\/a>Weitere Punkte sind wie bei jedem Runden Tisch &#8222;Aktuelles aus dem Kiez&#8220; und der Aktuelle Stand von den Vorbereitungen des Kiez-Festes und dem Marktplatz der Ideen. Es ist ein voll gepackter Runder Tisch der spannend werden kann. Kommen sie vorbei und gestalten sie mit uns gemeinsam unseren Kiez.<\/p>\n<p>Datum: 27.03.2019<br \/>\nZeit: 18.30 Uhr (f\u00fcr das Eintragen in den Plan ist schon ab 18.00 Uhr Zeit)<br \/>\nOrt: KiJuFam K\u00e4seglocke<br \/>\nLeonorenstr. 65<br \/>\n12247 Berlin<\/p>\n<p>Die <a href=\"http:\/\/www.zukunft-lankwitz.de\/wp-content\/uploads\/2019\/03\/einl270319.pdf\" target=\"_blank\" rel=\"noopener noreferrer\">Einladung,<\/a>\u00a0das <a href=\"http:\/\/www.zukunft-lankwitz.de\/wp-content\/uploads\/2019\/03\/prot0219.pdf\" target=\"_blank\" rel=\"noopener noreferrer\">Protokoll<\/a> und die <a href=\"http:\/\/www.zukunft-lankwitz.de\/wp-content\/uploads\/2019\/03\/kiezplankomplett.pdf\" target=\"_blank\" rel=\"noopener noreferrer\">Karte<\/a> haben wir f\u00fcr Sie hier als PDF hinterlegt.<\/p>\n<div style=\"padding-bottom:10px; padding-top:5px;\" class=\"hupso-share-buttons\"><!-- Hupso Share Buttons - https:\/\/www.hupso.com\/share\/ --><a class=\"hupso_toolbar\" href=\"https:\/\/www.hupso.com\/share\/\"><img decoding=\"async\" src=\"https:\/\/static.hupso.com\/share\/buttons\/lang\/de\/share-medium.png\" style=\"border:0px; padding-top: 5px; float:left;\" alt=\"Share Button\"\/><\/a><script type=\"text\/javascript\">var hupso_services_t=new Array(\"Twitter\",\"Facebook\",\"Google Plus\");var hupso_background_t=\"#EAF4FF\";var hupso_border_t=\"#66CCFF\";var hupso_toolbar_size_t=\"medium\";var hupso_image_folder_url = \"\";var hupso_url_t=\"\";var hupso_title_t=\"Einladung%20zum%20Runden%20Tisch%20Lankwitz-S%C3%BCdende%20M%C3%A4rz%202019\";<\/script><script type=\"text\/javascript\" src=\"https:\/\/static.hupso.com\/share\/js\/share_toolbar.js\"><\/script><!-- Hupso Share Buttons --><\/div>","protected":false},"excerpt":{"rendered":"<p>Schwupp schon wieder ist ein Monat um und der letzte Mittwoch im Monat ist da, und so auch der Termin f\u00fcr den Runden Tisch Lankwitz-S\u00fcdende. Das Schwerpunktthema bei diesem Runden Tisch ist &#8222;Kiez-Plan f\u00fcr Senioren Teil 2&#8220;. Gemeinsam wollen wir alle sch\u00f6nen, wichtigen, weniger sch\u00f6ne und interessante Orte im Kiez aufzeigen in einem Kiezplan f\u00fcr [&hellip;]<\/p>\n<div style=\"padding-bottom:10px; padding-top:5px;\" class=\"hupso-share-buttons\"><!-- Hupso Share Buttons - https:\/\/www.hupso.com\/share\/ --><a class=\"hupso_toolbar\" href=\"https:\/\/www.hupso.com\/share\/\"><img src=\"https:\/\/static.hupso.com\/share\/buttons\/lang\/de\/share-medium.png\" style=\"border:0px; padding-top: 5px; float:left;\" alt=\"Share Button\"\/><\/a><script type=\"text\/javascript\">var hupso_services_t=new Array(\"Twitter\",\"Facebook\",\"Google Plus\");var hupso_background_t=\"#EAF4FF\";var hupso_border_t=\"#66CCFF\";var hupso_toolbar_size_t=\"medium\";var hupso_image_folder_url = \"\";var hupso_url_t=\"\";var hupso_title_t=\"Einladung%20zum%20Runden%20Tisch%20Lankwitz-S%C3%BCdende%20M%C3%A4rz%202019\";<\/script><script type=\"text\/javascript\" src=\"https:\/\/static.hupso.com\/share\/js\/share_toolbar.js\"><\/script><!-- Hupso Share Buttons --><\/div>","protected":false},"author":2,"featured_media":0,"comment_status":"open","ping_status":"open","sticky":false,"template":"","format":"standard","meta":{"footnotes":""},"categories":[1,2,3,185],"tags":[252,25],"class_list":["post-1167","post","type-post","status-publish","format-standard","hentry","category-allgemein","category-lankwitz","category-runder-tisch","category-senioren","tag-kiezplan-fuer-senioren","tag-runder-tisch-lankwitz-suedende"],"_links":{"self":[{"href":"https:\/\/www.zukunft-lankwitz.de\/index.php?rest_route=\/wp\/v2\/posts\/1167","targetHints":{"allow":["GET"]}}],"collection":[{"href":"https:\/\/www.zukunft-lankwitz.de\/index.php?rest_route=\/wp\/v2\/posts"}],"about":[{"href":"https:\/\/www.zukunft-lankwitz.de\/index.php?rest_route=\/wp\/v2\/types\/post"}],"author":[{"embeddable":true,"href":"https:\/\/www.zukunft-lankwitz.de\/index.php?rest_route=\/wp\/v2\/users\/2"}],"replies":[{"embeddable":true,"href":"https:\/\/www.zukunft-lankwitz.de\/index.php?rest_route=%2Fwp%2Fv2%2Fcomments&post=1167"}],"version-history":[{"count":5,"href":"https:\/\/www.zukunft-lankwitz.de\/index.php?rest_route=\/wp\/v2\/posts\/1167\/revisions"}],"predecessor-version":[{"id":1189,"href":"https:\/\/www.zukunft-lankwitz.de\/index.php?rest_route=\/wp\/v2\/posts\/1167\/revisions\/1189"}],"wp:attachment":[{"href":"https:\/\/www.zukunft-lankwitz.de\/index.php?rest_route=%2Fwp%2Fv2%2Fmedia&parent=1167"}],"wp:term":[{"taxonomy":"category","embeddable":true,"href":"https:\/\/www.zukunft-lankwitz.de\/index.php?rest_route=%2Fwp%2Fv2%2Fcategories&post=1167"},{"taxonomy":"post_tag","embeddable":true,"href":"https:\/\/www.zukunft-lankwitz.de\/index.php?rest_route=%2Fwp%2Fv2%2Ftags&post=1167"}],"curies":[{"name":"wp","href":"https:\/\/api.w.org\/{rel}","templated":true}]}}