{"id":1184,"date":"2019-04-26T12:00:52","date_gmt":"2019-04-26T10:00:52","guid":{"rendered":"http:\/\/www.zukunft-lankwitz.de\/?p=1184"},"modified":"2019-04-18T10:51:32","modified_gmt":"2019-04-18T08:51:32","slug":"gaeste-des-marktplatz-der-ideen-stellen-sich-vor-thementisch-11-alt-und-jung-jung-und-alt-start-einer-projektidee","status":"publish","type":"post","link":"https:\/\/www.zukunft-lankwitz.de\/?p=1184","title":{"rendered":"G\u00e4ste des Marktplatz der Ideen stellen sich vor: Thementisch 11 &#8211; Alt und Jung <-> Jung und Alt &#8211; Start einer Projektidee!"},"content":{"rendered":"<p><a href=\"http:\/\/www.zukunft-lankwitz.de\/wp-content\/uploads\/2019\/03\/spieletische.jpg\"><img loading=\"lazy\" decoding=\"async\" class=\"wp-image-1190 alignleft\" src=\"http:\/\/www.zukunft-lankwitz.de\/wp-content\/uploads\/2019\/03\/spieletische.jpg\" alt=\"\" width=\"280\" height=\"252\" srcset=\"https:\/\/www.zukunft-lankwitz.de\/wp-content\/uploads\/2019\/03\/spieletische.jpg 396w, https:\/\/www.zukunft-lankwitz.de\/wp-content\/uploads\/2019\/03\/spieletische-300x270.jpg 300w\" sizes=\"auto, (max-width: 280px) 100vw, 280px\" \/><\/a>Man ist so alt wie man sich f\u00fchlt! Das sagt ein Sprichwort. Aber nun die Frage ab welchem Alter ist man &#8222;Alt&#8220; und mit welchem Alter &#8222;Jung&#8220;. Die Weltgesundheitsorganisation (WHO) sagt wer das 65 Lebensjahr vollendet hat ist alt. Aus der Sicht der Sozialp\u00e4dagogen beginnt das &#8222;Alter&#8220; mit dem Eintritt in die Rente, d.h. aktuell f\u00fcr nach 1967 geborene w\u00e4re das 67 Jahre. Aus wirtschaftlicher Sicht werden Arbeitnehmer bereits ab 40 Jahren als alt eingestuft. Wir denken es kommt auf die Perspektive an. Menschen in meinem Alter finde ich nicht alt, frage ich aber Menschen die 20 oder 30 Jahre j\u00fcnger sind, werden sie mich f\u00fcr alt halten, ebenso wie ich Menschen &#8220; alt&#8220; finde die 30 Jahre \u00e4lter sind als ich. Von daher w\u00fcrde ich es mit dem Sprichwort halten &#8222;Man ist so alt wie man sich f\u00fchlt&#8220;.<\/p>\n<p>Worum soll es den nun hier bei diesem Thementisch beim Marktplatz der Ideen gehen? Eine Stunde philosophieren \u00fcber das Alter? &#8211; Nein. Die Idee entstand durch eine B\u00fcrgerin vom Runden Tisch Lankwitz-S\u00fcdende. Der Gedanke war das z.B. ein junger Mensch mit einem \u00e4lteren Menschen eine Partie Schach spielt oder man sich gemeinsam einen Film anschaut oder mit einander redet und so gemeinsam Zeit verbringt. Diese Idee birgt viele M\u00f6glichkeiten und genau darum soll es bei dem Thementisch gehen.<\/p>\n<p><a href=\"http:\/\/www.zukunft-lankwitz.de\/wp-content\/uploads\/2019\/03\/idee.jpg\"><img loading=\"lazy\" decoding=\"async\" class=\"alignright wp-image-1192\" src=\"http:\/\/www.zukunft-lankwitz.de\/wp-content\/uploads\/2019\/03\/idee.jpg\" alt=\"\" width=\"407\" height=\"273\" srcset=\"https:\/\/www.zukunft-lankwitz.de\/wp-content\/uploads\/2019\/03\/idee.jpg 555w, https:\/\/www.zukunft-lankwitz.de\/wp-content\/uploads\/2019\/03\/idee-300x201.jpg 300w\" sizes=\"auto, (max-width: 407px) 100vw, 407px\" \/><\/a>Wir starten ein Projekt! An dem Thementisch soll es um die Sammlung von Ideen gehen, wie es gelingen kann und was es braucht, damit Menschen verschiedenen Alters sich treffen k\u00f6nnen und gemeinsam Zeit verbringen.<\/p>\n<p>Wie kann es gehen? Haben Sie eine Idee? Dann kommen Sie vorbei!<\/p>\n<p>Marktplatz der Ideen<\/p>\n<p>Thema: Alt und Jung &lt;-&gt; Jung und Alt &#8211; Start einer Projektidee<br \/>\nAm 1. Juni 2019<br \/>\nZeit: 17.30 &#8211; 18.30 Uhr<\/p>\n<p>Kommen Sie vorbei und gestalten Sie mit uns gemeinsam unseren Kiez.<\/p>\n<p>&nbsp;<\/p>\n<div style=\"padding-bottom:10px; padding-top:5px;\" class=\"hupso-share-buttons\"><!-- Hupso Share Buttons - https:\/\/www.hupso.com\/share\/ --><a class=\"hupso_toolbar\" href=\"https:\/\/www.hupso.com\/share\/\"><img decoding=\"async\" src=\"https:\/\/static.hupso.com\/share\/buttons\/lang\/de\/share-medium.png\" style=\"border:0px; padding-top: 5px; float:left;\" alt=\"Share Button\"\/><\/a><script type=\"text\/javascript\">var hupso_services_t=new Array(\"Twitter\",\"Facebook\",\"Google Plus\");var hupso_background_t=\"#EAF4FF\";var hupso_border_t=\"#66CCFF\";var hupso_toolbar_size_t=\"medium\";var hupso_image_folder_url = \"\";var hupso_url_t=\"\";var hupso_title_t=\"G%C3%A4ste%20des%20Marktplatz%20der%20Ideen%20stellen%20sich%20vor%3A%20Thementisch%2011%20-%20Alt%20und%20Jung%20%20Jung%20und%20Alt%20-%20Start%20einer%20Projektidee%21\";<\/script><script type=\"text\/javascript\" src=\"https:\/\/static.hupso.com\/share\/js\/share_toolbar.js\"><\/script><!-- Hupso Share Buttons --><\/div>","protected":false},"excerpt":{"rendered":"<p>Man ist so alt wie man sich f\u00fchlt! Das sagt ein Sprichwort. Aber nun die Frage ab welchem Alter ist man &#8222;Alt&#8220; und mit welchem Alter &#8222;Jung&#8220;. Die Weltgesundheitsorganisation (WHO) sagt wer das 65 Lebensjahr vollendet hat ist alt. Aus der Sicht der Sozialp\u00e4dagogen beginnt das &#8222;Alter&#8220; mit dem Eintritt in die Rente, d.h. aktuell [&hellip;]<\/p>\n<div style=\"padding-bottom:10px; padding-top:5px;\" class=\"hupso-share-buttons\"><!-- Hupso Share Buttons - https:\/\/www.hupso.com\/share\/ --><a class=\"hupso_toolbar\" href=\"https:\/\/www.hupso.com\/share\/\"><img src=\"https:\/\/static.hupso.com\/share\/buttons\/lang\/de\/share-medium.png\" style=\"border:0px; padding-top: 5px; float:left;\" alt=\"Share Button\"\/><\/a><script type=\"text\/javascript\">var hupso_services_t=new Array(\"Twitter\",\"Facebook\",\"Google Plus\");var hupso_background_t=\"#EAF4FF\";var hupso_border_t=\"#66CCFF\";var hupso_toolbar_size_t=\"medium\";var hupso_image_folder_url = \"\";var hupso_url_t=\"\";var hupso_title_t=\"G%C3%A4ste%20des%20Marktplatz%20der%20Ideen%20stellen%20sich%20vor%3A%20Thementisch%2011%20-%20Alt%20und%20Jung%20%20Jung%20und%20Alt%20-%20Start%20einer%20Projektidee%21\";<\/script><script type=\"text\/javascript\" src=\"https:\/\/static.hupso.com\/share\/js\/share_toolbar.js\"><\/script><!-- Hupso Share Buttons --><\/div>","protected":false},"author":2,"featured_media":0,"comment_status":"open","ping_status":"open","sticky":false,"template":"","format":"standard","meta":{"footnotes":""},"categories":[178,1,213,117,3,52],"tags":[268,266,8,267],"class_list":["post-1184","post","type-post","status-publish","format-standard","hentry","category-spielplatz-der-generationen","category-allgemein","category-kiezfest","category-marktplatz-der-ideen","category-runder-tisch","category-veranstaltungen","tag-alt-und-jung","tag-jung-und-alt","tag-marktplatz-der-ideen","tag-projekt"],"_links":{"self":[{"href":"https:\/\/www.zukunft-lankwitz.de\/index.php?rest_route=\/wp\/v2\/posts\/1184","targetHints":{"allow":["GET"]}}],"collection":[{"href":"https:\/\/www.zukunft-lankwitz.de\/index.php?rest_route=\/wp\/v2\/posts"}],"about":[{"href":"https:\/\/www.zukunft-lankwitz.de\/index.php?rest_route=\/wp\/v2\/types\/post"}],"author":[{"embeddable":true,"href":"https:\/\/www.zukunft-lankwitz.de\/index.php?rest_route=\/wp\/v2\/users\/2"}],"replies":[{"embeddable":true,"href":"https:\/\/www.zukunft-lankwitz.de\/index.php?rest_route=%2Fwp%2Fv2%2Fcomments&post=1184"}],"version-history":[{"count":5,"href":"https:\/\/www.zukunft-lankwitz.de\/index.php?rest_route=\/wp\/v2\/posts\/1184\/revisions"}],"predecessor-version":[{"id":1236,"href":"https:\/\/www.zukunft-lankwitz.de\/index.php?rest_route=\/wp\/v2\/posts\/1184\/revisions\/1236"}],"wp:attachment":[{"href":"https:\/\/www.zukunft-lankwitz.de\/index.php?rest_route=%2Fwp%2Fv2%2Fmedia&parent=1184"}],"wp:term":[{"taxonomy":"category","embeddable":true,"href":"https:\/\/www.zukunft-lankwitz.de\/index.php?rest_route=%2Fwp%2Fv2%2Fcategories&post=1184"},{"taxonomy":"post_tag","embeddable":true,"href":"https:\/\/www.zukunft-lankwitz.de\/index.php?rest_route=%2Fwp%2Fv2%2Ftags&post=1184"}],"curies":[{"name":"wp","href":"https:\/\/api.w.org\/{rel}","templated":true}]}}