{"id":1198,"date":"2019-04-01T07:44:14","date_gmt":"2019-04-01T05:44:14","guid":{"rendered":"http:\/\/www.zukunft-lankwitz.de\/?p=1198"},"modified":"2022-01-08T01:58:22","modified_gmt":"2022-01-08T00:58:22","slug":"bericht-vom-runden-tisch-lankwitz-suedende-maerz-2019","status":"publish","type":"post","link":"https:\/\/www.zukunft-lankwitz.de\/?p=1198","title":{"rendered":"Bericht vom Runden Tisch Lankwitz-S\u00fcdende M\u00e4rz 2019"},"content":{"rendered":"<p><a href=\"http:\/\/www.zukunft-lankwitz.de\/wp-content\/uploads\/2019\/02\/mpdcomic8.jpg\"><img loading=\"lazy\" decoding=\"async\" class=\"alignright wp-image-974\" src=\"http:\/\/www.zukunft-lankwitz.de\/wp-content\/uploads\/2019\/02\/mpdcomic8.jpg\" alt=\"\" width=\"346\" height=\"368\" srcset=\"https:\/\/www.zukunft-lankwitz.de\/wp-content\/uploads\/2019\/02\/mpdcomic8.jpg 466w, https:\/\/www.zukunft-lankwitz.de\/wp-content\/uploads\/2019\/02\/mpdcomic8-282x300.jpg 282w\" sizes=\"auto, (max-width: 346px) 100vw, 346px\" \/><\/a>Am 27. M\u00e4rz tagte der Runde Tisch Lankwitz S\u00fcdende mit dem Schwerpunktthema Kiezplan f\u00fcr Senioren Teil 2. Es waren viele B\u00fcrgerinnen und B\u00fcrger, Institutionen und Vertreter_innen von Politik, Verwaltung, Polizei und Ordnungsamt. Leider konnte das Schwerpunktthema nicht behandelt werden, da der Referent kurzfristig absagen musste. So wurde die Zeit genutzt \u00fcber den aktuellen Stand der G\u00e4ste f\u00fcr den Marktplatz der Ideen und der Vorbereitungen f\u00fcr das Kiez-Fest. In der Nachlese der letzten Runden Tische gab es einige spannende Antworten die sie alle im Protokoll nachlesen k\u00f6nnen.<\/p>\n<p>F\u00fcr den Marktplatz der Ideen ist es gelungen viele Interessante G\u00e4ste zu begeistern sodass es ein buntes Programm mit vielen spannenden Themen geben wird. Ab dem 1. April werden wir hier in einer besonderen Reihe ihnen alle G\u00e4ste, Themen und Aufgabenbereiche vorstellen. Bleiben Sie also dran.<\/p>\n<p><a href=\"http:\/\/www.zukunft-lankwitz.de\/wp-content\/uploads\/2019\/04\/prot0319bild.jpg\"><img loading=\"lazy\" decoding=\"async\" class=\"wp-image-1202 alignleft\" src=\"http:\/\/www.zukunft-lankwitz.de\/wp-content\/uploads\/2019\/04\/prot0319bild.jpg\" alt=\"\" width=\"311\" height=\"435\" srcset=\"https:\/\/www.zukunft-lankwitz.de\/wp-content\/uploads\/2019\/04\/prot0319bild.jpg 535w, https:\/\/www.zukunft-lankwitz.de\/wp-content\/uploads\/2019\/04\/prot0319bild-215x300.jpg 215w\" sizes=\"auto, (max-width: 311px) 100vw, 311px\" \/><\/a>Unter dem Punkt &#8222;Aktuelles aus dem Kiez&#8220; wurden verschiedene Themen angesprochen. Zum einen wurde \u00fcber die Situation in dem Wendekreis und der Unterf\u00fchrung an der Lankwitz Kirche berichtet, wo sich immer wieder gr\u00f6\u00dfere Gruppen von Jugendlichen und junge Erwachse treffen. Aus der Vergangenheit ist bekannt das dies sowie der Platz vor der Lankwitz-Kirche ein beliebter Treffpunkt ist. Es entstand an dieser Stelle der Gedanke das wir dieses Thema beim n\u00e4chsten mal als Schwerpunktthema machen um ein gemeinsames Bild zu bekommen und Ideen zu entwickeln f\u00fcr eventuelle L\u00f6sungen.<\/p>\n<p>An dieser Stelle gab es den Hinweis das man auch \u00fcber die <a href=\"http:\/\/www.zukunft-lankwitz.de\/?p=1030\">Ordungsamts App<\/a> (wir haben hier einen <a href=\"http:\/\/www.zukunft-lankwitz.de\/?p=1030\">Erkl\u00e4rung der App<\/a> bereits ver\u00f6ffentlicht) z.B. Alkoholisierte Jugendliche melden kann.<\/p>\n<p>Weitere Hinweise und Themen waren z.B. :<\/p>\n<ul>\n<li>Er\u00f6ffnung des MUF Leonorenstr. und damit verbunden ein Tag der offenen T\u00fcr am 4.4.2019 ab 17.30 Uhr. Die <a href=\"http:\/\/www.zukunft-lankwitz.de\/wp-content\/uploads\/2019\/04\/prot0319.pdf\" target=\"_blank\" rel=\"noopener noreferrer\">offizielle Einladung finden Sie hier<\/a><\/li>\n<li>Die Verkehrsbelastung in den Nebenstra\u00dfen durch die Bauarbeiten in der Kaiser-Wilhelm-Stra\u00dfe<\/li>\n<li>die Verkehrssituation am Steglitzer Damm H\u00f6he S-Bahnhof S\u00fcdende<\/li>\n<li>Wildwuchs Bruchwitz \/ Schulstra\u00dfe<\/li>\n<li>\u00a0<a href=\"http:\/\/www.zukunft-lankwitz.de\/?p=915\" target=\"_blank\" rel=\"noopener noreferrer\">Seniorenforum 2019<\/a> am 11. Juni von 15 bis 17 Uhr im Rathaus Zehlendorf<\/li>\n<\/ul>\n<p>Alles weitere und an der einen oder anderen Stelle ausf\u00fchrlicher k\u00f6nnen Sie im <a href=\"http:\/\/www.zukunft-lankwitz.de\/wp-content\/uploads\/2019\/04\/prot0319.pdf\" target=\"_blank\" rel=\"noopener noreferrer\">Protokoll<\/a> nachlesen.<\/p>\n<div style=\"padding-bottom:10px; padding-top:5px;\" class=\"hupso-share-buttons\"><!-- Hupso Share Buttons - https:\/\/www.hupso.com\/share\/ --><a class=\"hupso_toolbar\" href=\"https:\/\/www.hupso.com\/share\/\"><img decoding=\"async\" src=\"https:\/\/static.hupso.com\/share\/buttons\/lang\/de\/share-medium.png\" style=\"border:0px; padding-top: 5px; float:left;\" alt=\"Share Button\"\/><\/a><script type=\"text\/javascript\">var hupso_services_t=new Array(\"Twitter\",\"Facebook\",\"Google Plus\");var hupso_background_t=\"#EAF4FF\";var hupso_border_t=\"#66CCFF\";var hupso_toolbar_size_t=\"medium\";var hupso_image_folder_url = \"\";var hupso_url_t=\"\";var hupso_title_t=\"Bericht%20vom%20Runden%20Tisch%20Lankwitz-S%C3%BCdende%20M%C3%A4rz%202019\";<\/script><script type=\"text\/javascript\" src=\"https:\/\/static.hupso.com\/share\/js\/share_toolbar.js\"><\/script><!-- Hupso Share Buttons --><\/div>","protected":false},"excerpt":{"rendered":"<p>Am 27. M\u00e4rz tagte der Runde Tisch Lankwitz S\u00fcdende mit dem Schwerpunktthema Kiezplan f\u00fcr Senioren Teil 2. Es waren viele B\u00fcrgerinnen und B\u00fcrger, Institutionen und Vertreter_innen von Politik, Verwaltung, Polizei und Ordnungsamt. Leider konnte das Schwerpunktthema nicht behandelt werden, da der Referent kurzfristig absagen musste. So wurde die Zeit genutzt \u00fcber den aktuellen Stand der [&hellip;]<\/p>\n<div style=\"padding-bottom:10px; padding-top:5px;\" class=\"hupso-share-buttons\"><!-- Hupso Share Buttons - https:\/\/www.hupso.com\/share\/ --><a class=\"hupso_toolbar\" href=\"https:\/\/www.hupso.com\/share\/\"><img src=\"https:\/\/static.hupso.com\/share\/buttons\/lang\/de\/share-medium.png\" style=\"border:0px; padding-top: 5px; float:left;\" alt=\"Share Button\"\/><\/a><script type=\"text\/javascript\">var hupso_services_t=new Array(\"Twitter\",\"Facebook\",\"Google Plus\");var hupso_background_t=\"#EAF4FF\";var hupso_border_t=\"#66CCFF\";var hupso_toolbar_size_t=\"medium\";var hupso_image_folder_url = \"\";var hupso_url_t=\"\";var hupso_title_t=\"Bericht%20vom%20Runden%20Tisch%20Lankwitz-S%C3%BCdende%20M%C3%A4rz%202019\";<\/script><script type=\"text\/javascript\" src=\"https:\/\/static.hupso.com\/share\/js\/share_toolbar.js\"><\/script><!-- Hupso Share Buttons --><\/div>","protected":false},"author":2,"featured_media":0,"comment_status":"open","ping_status":"open","sticky":false,"template":"","format":"standard","meta":{"footnotes":""},"categories":[1,211,2,117,3,185],"tags":[270,25,188],"class_list":["post-1198","post","type-post","status-publish","format-standard","hentry","category-allgemein","category-fluechtlinge","category-lankwitz","category-marktplatz-der-ideen","category-runder-tisch","category-senioren","tag-protokoll","tag-runder-tisch-lankwitz-suedende","tag-seniorenforum"],"_links":{"self":[{"href":"https:\/\/www.zukunft-lankwitz.de\/index.php?rest_route=\/wp\/v2\/posts\/1198","targetHints":{"allow":["GET"]}}],"collection":[{"href":"https:\/\/www.zukunft-lankwitz.de\/index.php?rest_route=\/wp\/v2\/posts"}],"about":[{"href":"https:\/\/www.zukunft-lankwitz.de\/index.php?rest_route=\/wp\/v2\/types\/post"}],"author":[{"embeddable":true,"href":"https:\/\/www.zukunft-lankwitz.de\/index.php?rest_route=\/wp\/v2\/users\/2"}],"replies":[{"embeddable":true,"href":"https:\/\/www.zukunft-lankwitz.de\/index.php?rest_route=%2Fwp%2Fv2%2Fcomments&post=1198"}],"version-history":[{"count":2,"href":"https:\/\/www.zukunft-lankwitz.de\/index.php?rest_route=\/wp\/v2\/posts\/1198\/revisions"}],"predecessor-version":[{"id":1204,"href":"https:\/\/www.zukunft-lankwitz.de\/index.php?rest_route=\/wp\/v2\/posts\/1198\/revisions\/1204"}],"wp:attachment":[{"href":"https:\/\/www.zukunft-lankwitz.de\/index.php?rest_route=%2Fwp%2Fv2%2Fmedia&parent=1198"}],"wp:term":[{"taxonomy":"category","embeddable":true,"href":"https:\/\/www.zukunft-lankwitz.de\/index.php?rest_route=%2Fwp%2Fv2%2Fcategories&post=1198"},{"taxonomy":"post_tag","embeddable":true,"href":"https:\/\/www.zukunft-lankwitz.de\/index.php?rest_route=%2Fwp%2Fv2%2Ftags&post=1198"}],"curies":[{"name":"wp","href":"https:\/\/api.w.org\/{rel}","templated":true}]}}