{"id":1244,"date":"2019-04-29T12:00:49","date_gmt":"2019-04-29T10:00:49","guid":{"rendered":"http:\/\/www.zukunft-lankwitz.de\/?p=1244"},"modified":"2019-04-28T18:43:30","modified_gmt":"2019-04-28T16:43:30","slug":"marktplatz-der-ideen-abschluss","status":"publish","type":"post","link":"https:\/\/www.zukunft-lankwitz.de\/?p=1244","title":{"rendered":"Marktplatz der Ideen &#8211; Abschluss"},"content":{"rendered":"<p>In den letzten Wochen haben wir Ihnen alle G\u00e4ste f\u00fcr den Marktplatz der Ideen vorgestellt. Es ist ein buntes und interessantes Programm. Nutzen Sie Ihre Chance und kommen Sie vorbei zum Marktplatz der Ideen und dem Kiez-Fest. Gestalten Sie unseren Kiez mit uns gemeinsam, mischen Sie sich ein und bringen Sie die Themen auf den Tisch die sie bewegen. Hier nochmal alles im \u00dcberblick.<\/p>\n<p><a href=\"http:\/\/www.zukunft-lankwitz.de\/wp-content\/uploads\/2019\/04\/plakatA2.jpg\" target=\"_blank\" rel=\"noopener noreferrer\"><img loading=\"lazy\" decoding=\"async\" class=\"wp-image-1245 aligncenter\" src=\"http:\/\/www.zukunft-lankwitz.de\/wp-content\/uploads\/2019\/04\/plakatA2.jpg\" alt=\"\" width=\"450\" height=\"634\" srcset=\"https:\/\/www.zukunft-lankwitz.de\/wp-content\/uploads\/2019\/04\/plakatA2.jpg 2515w, https:\/\/www.zukunft-lankwitz.de\/wp-content\/uploads\/2019\/04\/plakatA2-213x300.jpg 213w, https:\/\/www.zukunft-lankwitz.de\/wp-content\/uploads\/2019\/04\/plakatA2-768x1082.jpg 768w, https:\/\/www.zukunft-lankwitz.de\/wp-content\/uploads\/2019\/04\/plakatA2-727x1024.jpg 727w, https:\/\/www.zukunft-lankwitz.de\/wp-content\/uploads\/2019\/04\/plakatA2-624x879.jpg 624w\" sizes=\"auto, (max-width: 450px) 100vw, 450px\" \/><\/a><\/p>\n<p>Wir haben das Plakat als <a href=\"http:\/\/www.zukunft-lankwitz.de\/wp-content\/uploads\/2019\/04\/mpdiundkfplakat.pdf\" target=\"_blank\" rel=\"noopener noreferrer\">PDF hier<\/a> f\u00fcr Sie hinterlegt.<\/p>\n<p>Hier finden Sie die \u00dcbersicht f\u00fcr die G\u00e4ste aus mit den Links zu den jeweiligen Artikel:<\/p>\n<p>Politik =&gt; <a href=\"http:\/\/www.zukunft-lankwitz.de\/?p=1100\">G\u00e4ste des Marktplatz der Ideen stellen sich vor: Politik \u2013 Abschluss<\/a><\/p>\n<p>Thementische =&gt;\u00a0<a href=\"http:\/\/www.zukunft-lankwitz.de\/?p=1160\">G\u00e4ste des Marktplatz der Ideen stellen sich vor: Thementisch \u00dcbersicht<\/a><\/p>\n<p>Wir w\u00fcrden uns freuen Sie als Gast am 1. Juni begr\u00fc\u00dfen zu d\u00fcrfen<\/p>\n<div style=\"padding-bottom:10px; padding-top:5px;\" class=\"hupso-share-buttons\"><!-- Hupso Share Buttons - https:\/\/www.hupso.com\/share\/ --><a class=\"hupso_toolbar\" href=\"https:\/\/www.hupso.com\/share\/\"><img decoding=\"async\" src=\"https:\/\/static.hupso.com\/share\/buttons\/lang\/de\/share-medium.png\" style=\"border:0px; padding-top: 5px; float:left;\" alt=\"Share Button\"\/><\/a><script type=\"text\/javascript\">var hupso_services_t=new Array(\"Twitter\",\"Facebook\",\"Google Plus\");var hupso_background_t=\"#EAF4FF\";var hupso_border_t=\"#66CCFF\";var hupso_toolbar_size_t=\"medium\";var hupso_image_folder_url = \"\";var hupso_url_t=\"\";var hupso_title_t=\"Marktplatz%20der%20Ideen%20-%20Abschluss\";<\/script><script type=\"text\/javascript\" src=\"https:\/\/static.hupso.com\/share\/js\/share_toolbar.js\"><\/script><!-- Hupso Share Buttons --><\/div>","protected":false},"excerpt":{"rendered":"<p>In den letzten Wochen haben wir Ihnen alle G\u00e4ste f\u00fcr den Marktplatz der Ideen vorgestellt. Es ist ein buntes und interessantes Programm. Nutzen Sie Ihre Chance und kommen Sie vorbei zum Marktplatz der Ideen und dem Kiez-Fest. Gestalten Sie unseren Kiez mit uns gemeinsam, mischen Sie sich ein und bringen Sie die Themen auf den [&hellip;]<\/p>\n<div style=\"padding-bottom:10px; padding-top:5px;\" class=\"hupso-share-buttons\"><!-- Hupso Share Buttons - https:\/\/www.hupso.com\/share\/ --><a class=\"hupso_toolbar\" href=\"https:\/\/www.hupso.com\/share\/\"><img src=\"https:\/\/static.hupso.com\/share\/buttons\/lang\/de\/share-medium.png\" style=\"border:0px; padding-top: 5px; float:left;\" alt=\"Share Button\"\/><\/a><script type=\"text\/javascript\">var hupso_services_t=new Array(\"Twitter\",\"Facebook\",\"Google Plus\");var hupso_background_t=\"#EAF4FF\";var hupso_border_t=\"#66CCFF\";var hupso_toolbar_size_t=\"medium\";var hupso_image_folder_url = \"\";var hupso_url_t=\"\";var hupso_title_t=\"Marktplatz%20der%20Ideen%20-%20Abschluss\";<\/script><script type=\"text\/javascript\" src=\"https:\/\/static.hupso.com\/share\/js\/share_toolbar.js\"><\/script><!-- Hupso Share Buttons --><\/div>","protected":false},"author":2,"featured_media":0,"comment_status":"open","ping_status":"open","sticky":false,"template":"","format":"standard","meta":{"footnotes":""},"categories":[213,117],"tags":[9,8,237,272,271],"class_list":["post-1244","post","type-post","status-publish","format-standard","hentry","category-kiezfest","category-marktplatz-der-ideen","tag-gaeste","tag-marktplatz-der-ideen","tag-politik","tag-thementische","tag-uebersicht"],"_links":{"self":[{"href":"https:\/\/www.zukunft-lankwitz.de\/index.php?rest_route=\/wp\/v2\/posts\/1244","targetHints":{"allow":["GET"]}}],"collection":[{"href":"https:\/\/www.zukunft-lankwitz.de\/index.php?rest_route=\/wp\/v2\/posts"}],"about":[{"href":"https:\/\/www.zukunft-lankwitz.de\/index.php?rest_route=\/wp\/v2\/types\/post"}],"author":[{"embeddable":true,"href":"https:\/\/www.zukunft-lankwitz.de\/index.php?rest_route=\/wp\/v2\/users\/2"}],"replies":[{"embeddable":true,"href":"https:\/\/www.zukunft-lankwitz.de\/index.php?rest_route=%2Fwp%2Fv2%2Fcomments&post=1244"}],"version-history":[{"count":1,"href":"https:\/\/www.zukunft-lankwitz.de\/index.php?rest_route=\/wp\/v2\/posts\/1244\/revisions"}],"predecessor-version":[{"id":1248,"href":"https:\/\/www.zukunft-lankwitz.de\/index.php?rest_route=\/wp\/v2\/posts\/1244\/revisions\/1248"}],"wp:attachment":[{"href":"https:\/\/www.zukunft-lankwitz.de\/index.php?rest_route=%2Fwp%2Fv2%2Fmedia&parent=1244"}],"wp:term":[{"taxonomy":"category","embeddable":true,"href":"https:\/\/www.zukunft-lankwitz.de\/index.php?rest_route=%2Fwp%2Fv2%2Fcategories&post=1244"},{"taxonomy":"post_tag","embeddable":true,"href":"https:\/\/www.zukunft-lankwitz.de\/index.php?rest_route=%2Fwp%2Fv2%2Ftags&post=1244"}],"curies":[{"name":"wp","href":"https:\/\/api.w.org\/{rel}","templated":true}]}}