{"id":1250,"date":"2019-05-06T12:00:24","date_gmt":"2019-05-06T10:00:24","guid":{"rendered":"http:\/\/www.zukunft-lankwitz.de\/?p=1250"},"modified":"2022-01-08T02:03:50","modified_gmt":"2022-01-08T01:03:50","slug":"einladung-runder-tisch-april-mai","status":"publish","type":"post","link":"https:\/\/www.zukunft-lankwitz.de\/?p=1250","title":{"rendered":"Einladung Runder Tisch April \/ Mai"},"content":{"rendered":"<p>Es ist nicht der letzte Mittwoch in Monat und auch nicht der erste, genau genommen ist es der zweite. Warum das? Zum einen ist es Ostern gewesen und zum anderen die Ferien die zu dieser schon lange angek\u00fcndigten Verschiebung f\u00fchrten. Nun aber genug Geschwafelt. Der n\u00e4chste Runde Tisch findet wie angek\u00fcndigt und besprochen am 8. Mai statt.<\/p>\n<p>Als Schwerpunktthema ist <a href=\"http:\/\/www.zukunft-lankwitz.de\/wp-content\/uploads\/2015\/02\/kirche.jpg\"><img loading=\"lazy\" decoding=\"async\" class=\"wp-image-376 alignleft\" src=\"http:\/\/www.zukunft-lankwitz.de\/wp-content\/uploads\/2015\/02\/kirche.jpg\" alt=\"\" width=\"341\" height=\"435\" srcset=\"https:\/\/www.zukunft-lankwitz.de\/wp-content\/uploads\/2015\/02\/kirche.jpg 735w, https:\/\/www.zukunft-lankwitz.de\/wp-content\/uploads\/2015\/02\/kirche-235x300.jpg 235w, https:\/\/www.zukunft-lankwitz.de\/wp-content\/uploads\/2015\/02\/kirche-624x795.jpg 624w, https:\/\/www.zukunft-lankwitz.de\/wp-content\/uploads\/2015\/02\/kirche-628x800.jpg 628w\" sizes=\"auto, (max-width: 341px) 100vw, 341px\" \/><\/a>gew\u00e4hlt wie besprochen eine Wahrnehmungs-aufnahme verschiedener Menschen mit Blick auf den Platz vor der Lankwitz-Kirche und Umgebung. Warum? Der Platz ist mit all seinen Facetten immer wieder Thema am Runden Tisch aus den unterschiedlichsten Perspektiven, aus diesem Grund wurde verabredet das als Schwerpunktthema f\u00fcr den n\u00e4chsten Runden Tisch zu machen. Es soll nicht darum gehen \u00fcber Benutzergruppen zu hetzen, oder zu \u00fcberlegen was f\u00fcr Sanktionen etc. noch gemacht werden k\u00f6nnen oder gemacht werden sollten. Es soll nur darum gehen zu schauen was ist auf dem Platz los, wer und wieviele Menschen treffen sich dort und und und.<\/p>\n<p><a href=\"http:\/\/www.zukunft-lankwitz.de\/wp-content\/uploads\/2019\/05\/einlundprotAprilMai.pdf\" target=\"_blank\" rel=\"noopener noreferrer\"><img loading=\"lazy\" decoding=\"async\" class=\"alignright wp-image-1253\" src=\"http:\/\/www.zukunft-lankwitz.de\/wp-content\/uploads\/2019\/05\/einlmai1.jpg\" alt=\"\" width=\"207\" height=\"304\" srcset=\"https:\/\/www.zukunft-lankwitz.de\/wp-content\/uploads\/2019\/05\/einlmai1.jpg 519w, https:\/\/www.zukunft-lankwitz.de\/wp-content\/uploads\/2019\/05\/einlmai1-205x300.jpg 205w\" sizes=\"auto, (max-width: 207px) 100vw, 207px\" \/><\/a>Es w\u00e4re sch\u00f6n wenn m\u00f6glichst viele Menschen die einen Blick auf den Platz haben zum Runden Tisch kommen w\u00fcrden. Aus diesem Grund findet das Treffen auch sozusagen Vorort statt in der Dreifaltigkeitsgemeinde.<\/p>\n<p>Datum: 08. Mai 2019<br \/>\nZeit: 18.30 bis ca. 20.30 Uhr<br \/>\nOrt: Dreifaltigkeitsgemeinde Lankwitz &#8211; Gemeindehaus<\/p>\n<p><a href=\"http:\/\/www.zukunft-lankwitz.de\/wp-content\/uploads\/2019\/05\/einlundprotAprilMai.pdf\" target=\"_blank\" rel=\"noopener noreferrer\">Hier<\/a> gehts zur <a href=\"http:\/\/www.zukunft-lankwitz.de\/wp-content\/uploads\/2019\/05\/einlundprotAprilMai.pdf\" target=\"_blank\" rel=\"noopener noreferrer\">Einladung<\/a> und auch zum <a href=\"http:\/\/www.zukunft-lankwitz.de\/wp-content\/uploads\/2019\/05\/einlundprotAprilMai.pdf\" target=\"_blank\" rel=\"noopener noreferrer\">Protokoll<\/a> des letzten Treffen.<\/p>\n<p>&nbsp;<\/p>\n<div style=\"padding-bottom:10px; padding-top:5px;\" class=\"hupso-share-buttons\"><!-- Hupso Share Buttons - https:\/\/www.hupso.com\/share\/ --><a class=\"hupso_toolbar\" href=\"https:\/\/www.hupso.com\/share\/\"><img decoding=\"async\" src=\"https:\/\/static.hupso.com\/share\/buttons\/lang\/de\/share-medium.png\" style=\"border:0px; padding-top: 5px; float:left;\" alt=\"Share Button\"\/><\/a><script type=\"text\/javascript\">var hupso_services_t=new Array(\"Twitter\",\"Facebook\",\"Google Plus\");var hupso_background_t=\"#EAF4FF\";var hupso_border_t=\"#66CCFF\";var hupso_toolbar_size_t=\"medium\";var hupso_image_folder_url = \"\";var hupso_url_t=\"\";var hupso_title_t=\"Einladung%20Runder%20Tisch%20April%20%2F%20Mai\";<\/script><script type=\"text\/javascript\" src=\"https:\/\/static.hupso.com\/share\/js\/share_toolbar.js\"><\/script><!-- Hupso Share Buttons --><\/div>","protected":false},"excerpt":{"rendered":"<p>Es ist nicht der letzte Mittwoch in Monat und auch nicht der erste, genau genommen ist es der zweite. Warum das? Zum einen ist es Ostern gewesen und zum anderen die Ferien die zu dieser schon lange angek\u00fcndigten Verschiebung f\u00fchrten. Nun aber genug Geschwafelt. Der n\u00e4chste Runde Tisch findet wie angek\u00fcndigt und besprochen am 8. [&hellip;]<\/p>\n<div style=\"padding-bottom:10px; padding-top:5px;\" class=\"hupso-share-buttons\"><!-- Hupso Share Buttons - https:\/\/www.hupso.com\/share\/ --><a class=\"hupso_toolbar\" href=\"https:\/\/www.hupso.com\/share\/\"><img src=\"https:\/\/static.hupso.com\/share\/buttons\/lang\/de\/share-medium.png\" style=\"border:0px; padding-top: 5px; float:left;\" alt=\"Share Button\"\/><\/a><script type=\"text\/javascript\">var hupso_services_t=new Array(\"Twitter\",\"Facebook\",\"Google Plus\");var hupso_background_t=\"#EAF4FF\";var hupso_border_t=\"#66CCFF\";var hupso_toolbar_size_t=\"medium\";var hupso_image_folder_url = \"\";var hupso_url_t=\"\";var hupso_title_t=\"Einladung%20Runder%20Tisch%20April%20%2F%20Mai\";<\/script><script type=\"text\/javascript\" src=\"https:\/\/static.hupso.com\/share\/js\/share_toolbar.js\"><\/script><!-- Hupso Share Buttons --><\/div>","protected":false},"author":2,"featured_media":0,"comment_status":"open","ping_status":"open","sticky":false,"template":"","format":"standard","meta":{"footnotes":""},"categories":[1,2,3],"tags":[25,33],"class_list":["post-1250","post","type-post","status-publish","format-standard","hentry","category-allgemein","category-lankwitz","category-runder-tisch","tag-runder-tisch-lankwitz-suedende","tag-treffen"],"_links":{"self":[{"href":"https:\/\/www.zukunft-lankwitz.de\/index.php?rest_route=\/wp\/v2\/posts\/1250","targetHints":{"allow":["GET"]}}],"collection":[{"href":"https:\/\/www.zukunft-lankwitz.de\/index.php?rest_route=\/wp\/v2\/posts"}],"about":[{"href":"https:\/\/www.zukunft-lankwitz.de\/index.php?rest_route=\/wp\/v2\/types\/post"}],"author":[{"embeddable":true,"href":"https:\/\/www.zukunft-lankwitz.de\/index.php?rest_route=\/wp\/v2\/users\/2"}],"replies":[{"embeddable":true,"href":"https:\/\/www.zukunft-lankwitz.de\/index.php?rest_route=%2Fwp%2Fv2%2Fcomments&post=1250"}],"version-history":[{"count":2,"href":"https:\/\/www.zukunft-lankwitz.de\/index.php?rest_route=\/wp\/v2\/posts\/1250\/revisions"}],"predecessor-version":[{"id":1254,"href":"https:\/\/www.zukunft-lankwitz.de\/index.php?rest_route=\/wp\/v2\/posts\/1250\/revisions\/1254"}],"wp:attachment":[{"href":"https:\/\/www.zukunft-lankwitz.de\/index.php?rest_route=%2Fwp%2Fv2%2Fmedia&parent=1250"}],"wp:term":[{"taxonomy":"category","embeddable":true,"href":"https:\/\/www.zukunft-lankwitz.de\/index.php?rest_route=%2Fwp%2Fv2%2Fcategories&post=1250"},{"taxonomy":"post_tag","embeddable":true,"href":"https:\/\/www.zukunft-lankwitz.de\/index.php?rest_route=%2Fwp%2Fv2%2Ftags&post=1250"}],"curies":[{"name":"wp","href":"https:\/\/api.w.org\/{rel}","templated":true}]}}