{"id":1266,"date":"2019-05-14T21:52:14","date_gmt":"2019-05-14T19:52:14","guid":{"rendered":"http:\/\/www.zukunft-lankwitz.de\/?p=1266"},"modified":"2019-05-14T21:52:14","modified_gmt":"2019-05-14T19:52:14","slug":"u18-europa-wahl-17-mai-2019","status":"publish","type":"post","link":"https:\/\/www.zukunft-lankwitz.de\/?p=1266","title":{"rendered":"U18 &#8211; Europa Wahl 17. Mai 2019"},"content":{"rendered":"<p>Es ist wieder soweit. Die Europawahl am 26. Mai steht vor der T\u00fcr. Neun Tage zuvor sind die Kinder und Jugendlichen dran bei der U18 Wahl. Was bei der U18 Wahl passiert haben die Kinder und Jugendlichen aus dem KiJuFam K\u00e4seglocke gemeinsam mit dem Kinder und Jugendb\u00fcro Steglitz-Zehlendorf anl\u00e4sslich der Bundestagswahl in einen Legofilm zusammengestellt. Er ist genauso aktuell, weil die Wahlen haben ja immer den gleichen Ablauf. Schauen sie selbst:<\/p>\n<p><iframe loading=\"lazy\" title=\"U18   Du hast die Wahl - Legotrickfilm\" width=\"625\" height=\"352\" src=\"https:\/\/www.youtube.com\/embed\/eg9njYWMMTQ?feature=oembed\" frameborder=\"0\" allow=\"accelerometer; autoplay; clipboard-write; encrypted-media; gyroscope; picture-in-picture; web-share\" referrerpolicy=\"strict-origin-when-cross-origin\" allowfullscreen><\/iframe><\/p>\n<p>Weitere Informationen zur U18 Wahl und auch die Wahllokale in Ihrer N\u00e4he finden sie unter:<\/p>\n<p>www.u18.org<\/p>\n<p>Viel Spa\u00df beim anschauen!<\/p>\n<div style=\"padding-bottom:10px; padding-top:5px;\" class=\"hupso-share-buttons\"><!-- Hupso Share Buttons - https:\/\/www.hupso.com\/share\/ --><a class=\"hupso_toolbar\" href=\"https:\/\/www.hupso.com\/share\/\"><img decoding=\"async\" src=\"https:\/\/static.hupso.com\/share\/buttons\/lang\/de\/share-medium.png\" style=\"border:0px; padding-top: 5px; float:left;\" alt=\"Share Button\"\/><\/a><script type=\"text\/javascript\">var hupso_services_t=new Array(\"Twitter\",\"Facebook\",\"Google Plus\");var hupso_background_t=\"#EAF4FF\";var hupso_border_t=\"#66CCFF\";var hupso_toolbar_size_t=\"medium\";var hupso_image_folder_url = \"\";var hupso_url_t=\"\";var hupso_title_t=\"U18%20-%20Europa%20Wahl%2017.%20Mai%202019\";<\/script><script type=\"text\/javascript\" src=\"https:\/\/static.hupso.com\/share\/js\/share_toolbar.js\"><\/script><!-- Hupso Share Buttons --><\/div>","protected":false},"excerpt":{"rendered":"<p>Es ist wieder soweit. Die Europawahl am 26. Mai steht vor der T\u00fcr. Neun Tage zuvor sind die Kinder und Jugendlichen dran bei der U18 Wahl. Was bei der U18 Wahl passiert haben die Kinder und Jugendlichen aus dem KiJuFam K\u00e4seglocke gemeinsam mit dem Kinder und Jugendb\u00fcro Steglitz-Zehlendorf anl\u00e4sslich der Bundestagswahl in einen Legofilm zusammengestellt. [&hellip;]<\/p>\n<div style=\"padding-bottom:10px; padding-top:5px;\" class=\"hupso-share-buttons\"><!-- Hupso Share Buttons - https:\/\/www.hupso.com\/share\/ --><a class=\"hupso_toolbar\" href=\"https:\/\/www.hupso.com\/share\/\"><img src=\"https:\/\/static.hupso.com\/share\/buttons\/lang\/de\/share-medium.png\" style=\"border:0px; padding-top: 5px; float:left;\" alt=\"Share Button\"\/><\/a><script type=\"text\/javascript\">var hupso_services_t=new Array(\"Twitter\",\"Facebook\",\"Google Plus\");var hupso_background_t=\"#EAF4FF\";var hupso_border_t=\"#66CCFF\";var hupso_toolbar_size_t=\"medium\";var hupso_image_folder_url = \"\";var hupso_url_t=\"\";var hupso_title_t=\"U18%20-%20Europa%20Wahl%2017.%20Mai%202019\";<\/script><script type=\"text\/javascript\" src=\"https:\/\/static.hupso.com\/share\/js\/share_toolbar.js\"><\/script><!-- Hupso Share Buttons --><\/div>","protected":false},"author":2,"featured_media":0,"comment_status":"open","ping_status":"open","sticky":false,"template":"","format":"standard","meta":{"footnotes":""},"categories":[1,5],"tags":[274,275,273],"class_list":["post-1266","post","type-post","status-publish","format-standard","hentry","category-allgemein","category-kinder-und-jugendliche","tag-europa","tag-u18-lego-film","tag-u18-wahl"],"_links":{"self":[{"href":"https:\/\/www.zukunft-lankwitz.de\/index.php?rest_route=\/wp\/v2\/posts\/1266","targetHints":{"allow":["GET"]}}],"collection":[{"href":"https:\/\/www.zukunft-lankwitz.de\/index.php?rest_route=\/wp\/v2\/posts"}],"about":[{"href":"https:\/\/www.zukunft-lankwitz.de\/index.php?rest_route=\/wp\/v2\/types\/post"}],"author":[{"embeddable":true,"href":"https:\/\/www.zukunft-lankwitz.de\/index.php?rest_route=\/wp\/v2\/users\/2"}],"replies":[{"embeddable":true,"href":"https:\/\/www.zukunft-lankwitz.de\/index.php?rest_route=%2Fwp%2Fv2%2Fcomments&post=1266"}],"version-history":[{"count":1,"href":"https:\/\/www.zukunft-lankwitz.de\/index.php?rest_route=\/wp\/v2\/posts\/1266\/revisions"}],"predecessor-version":[{"id":1267,"href":"https:\/\/www.zukunft-lankwitz.de\/index.php?rest_route=\/wp\/v2\/posts\/1266\/revisions\/1267"}],"wp:attachment":[{"href":"https:\/\/www.zukunft-lankwitz.de\/index.php?rest_route=%2Fwp%2Fv2%2Fmedia&parent=1266"}],"wp:term":[{"taxonomy":"category","embeddable":true,"href":"https:\/\/www.zukunft-lankwitz.de\/index.php?rest_route=%2Fwp%2Fv2%2Fcategories&post=1266"},{"taxonomy":"post_tag","embeddable":true,"href":"https:\/\/www.zukunft-lankwitz.de\/index.php?rest_route=%2Fwp%2Fv2%2Ftags&post=1266"}],"curies":[{"name":"wp","href":"https:\/\/api.w.org\/{rel}","templated":true}]}}