{"id":1321,"date":"2020-06-20T07:00:31","date_gmt":"2020-06-20T05:00:31","guid":{"rendered":"http:\/\/www.zukunft-lankwitz.de\/?p=1321"},"modified":"2020-08-22T09:38:18","modified_gmt":"2020-08-22T07:38:18","slug":"marktplatz-der-ideen-online-2020","status":"publish","type":"post","link":"https:\/\/www.zukunft-lankwitz.de\/?p=1321","title":{"rendered":"Marktplatz der Ideen &#8211; Online 2020"},"content":{"rendered":"<p>Heute ist der erste Tag vom Marktplatz der Ideen &#8211; Online 2020!<\/p>\n<p>Hier der Einladungslink zum Discord-Server (Anmeldung bei Discord erforderlich):<\/p>\n<p>https:\/\/discord.gg\/ufVCB8z<\/p>\n<p>Wie das geht k\u00f6nnen Sie <a href=\"http:\/\/www.zukunft-lankwitz.de\/wp-content\/uploads\/2020\/06\/Discord-Anmeldung-Erkl\u00e4rung.pdf\" target=\"_blank\" rel=\"noopener noreferrer\">hier <\/a>lesen! &#8211; <a href=\"http:\/\/www.zukunft-lankwitz.de\/wp-content\/uploads\/2020\/06\/Discord-Anmeldung-Erkl\u00e4rung.pdf\" target=\"_blank\" rel=\"noopener noreferrer\">Erkl\u00e4rung Discord Anmeldung<\/a><\/p>\n<p>Sollte es Probleme mit der Anmeldung geben dann schreiben Sie mich bitte einfach an!<br \/>\nSilvia H\u00e4rtel<br \/>\n<a href=\"https:\/\/www.zukunft-lankwitz.de\/?page_id=265\">Kontakt<\/a><\/p>\n<p>Das Programm ist bunt und die G\u00e4ste sind vielseitig.<a href=\"http:\/\/www.zukunft-lankwitz.de\/wp-content\/uploads\/2020\/06\/modwand.png\"><img loading=\"lazy\" decoding=\"async\" class=\"alignright wp-image-1323\" src=\"http:\/\/www.zukunft-lankwitz.de\/wp-content\/uploads\/2020\/06\/modwand.png\" alt=\"\" width=\"235\" height=\"207\" srcset=\"https:\/\/www.zukunft-lankwitz.de\/wp-content\/uploads\/2020\/06\/modwand.png 400w, https:\/\/www.zukunft-lankwitz.de\/wp-content\/uploads\/2020\/06\/modwand-300x265.png 300w\" sizes=\"auto, (max-width: 235px) 100vw, 235px\" \/><\/a><\/p>\n<p>Aus dem Bezirksamt sind heute dabei<\/p>\n<ul>\n<li>Bezirksb\u00fcrgermeisterin C. Richter-Kotowski Abt. Finanzen, Personal, Stadtentwicklung, und Wirtschaftsf\u00f6rderung und<\/li>\n<li>Bezirkststadtr\u00e4tin C. B\u00f6hm &#8211; Abt. Jugend und Gesundheit.<\/li>\n<\/ul>\n<p>Weitere Themen und G\u00e4ste sind:<\/p>\n<ul>\n<li>Barrierefreier Kiez &#8211; mit Frau Moritz Beauftragte f\u00fcr Menschen mit Behinderungen<\/li>\n<li>Markt am Rathaus Lankwitz<\/li>\n<li>Mietendeckel &#8211; Auswirkungen\u00a0 in Lankwitz<\/li>\n<li>Wie kann Intergration noch besser gelingen?<\/li>\n<li>Coronapandemie &#8211; Auswirkungen, Ideen, Konzepte<\/li>\n<li>Kiezl\u00e4den &#8211; \u00dcberleben in der Pandemie &#8211; mit Herrn Kirschbaum von Mein LiLa<\/li>\n<\/ul>\n<p><a href=\"http:\/\/www.zukunft-lankwitz.de\/wp-content\/uploads\/2020\/06\/notizzettel-samstag.png\"><img loading=\"lazy\" decoding=\"async\" class=\" wp-image-1322 aligncenter\" src=\"http:\/\/www.zukunft-lankwitz.de\/wp-content\/uploads\/2020\/06\/notizzettel-samstag.png\" alt=\"\" width=\"471\" height=\"572\" srcset=\"https:\/\/www.zukunft-lankwitz.de\/wp-content\/uploads\/2020\/06\/notizzettel-samstag.png 889w, https:\/\/www.zukunft-lankwitz.de\/wp-content\/uploads\/2020\/06\/notizzettel-samstag-247x300.png 247w, https:\/\/www.zukunft-lankwitz.de\/wp-content\/uploads\/2020\/06\/notizzettel-samstag-843x1024.png 843w, https:\/\/www.zukunft-lankwitz.de\/wp-content\/uploads\/2020\/06\/notizzettel-samstag-768x933.png 768w, https:\/\/www.zukunft-lankwitz.de\/wp-content\/uploads\/2020\/06\/notizzettel-samstag-624x758.png 624w\" sizes=\"auto, (max-width: 471px) 100vw, 471px\" \/><\/a><\/p>\n<p><!--more--><\/p>\n<p>F\u00fcr die Kinder und Jugendlichen ist heute auf dem Programm:<\/p>\n<ul>\n<li>Das W\u00fcnsche ich mir f\u00fcr meinen Kiez? &#8211; Begleitet durch den ev. Jugendhilfeverein e.V.<\/li>\n<li>Sicherheit im Kiez! &#8211; Begeleitet durch das Kinder und Jugendb\u00fcro Steglitz-Zehlendorf<\/li>\n<\/ul>\n<p><a href=\"http:\/\/www.zukunft-lankwitz.de\/wp-content\/uploads\/2020\/06\/notizzettel-kids-und-teens.png\"><img loading=\"lazy\" decoding=\"async\" class=\" wp-image-1319 aligncenter\" src=\"http:\/\/www.zukunft-lankwitz.de\/wp-content\/uploads\/2020\/06\/notizzettel-kids-und-teens.png\" alt=\"\" width=\"530\" height=\"618\" srcset=\"https:\/\/www.zukunft-lankwitz.de\/wp-content\/uploads\/2020\/06\/notizzettel-kids-und-teens.png 953w, https:\/\/www.zukunft-lankwitz.de\/wp-content\/uploads\/2020\/06\/notizzettel-kids-und-teens-257x300.png 257w, https:\/\/www.zukunft-lankwitz.de\/wp-content\/uploads\/2020\/06\/notizzettel-kids-und-teens-878x1024.png 878w, https:\/\/www.zukunft-lankwitz.de\/wp-content\/uploads\/2020\/06\/notizzettel-kids-und-teens-768x896.png 768w, https:\/\/www.zukunft-lankwitz.de\/wp-content\/uploads\/2020\/06\/notizzettel-kids-und-teens-624x728.png 624w\" sizes=\"auto, (max-width: 530px) 100vw, 530px\" \/><\/a><\/p>\n<p>&nbsp;<\/p>\n<p>Im Kiez-Cafe &#8211; Plauschen bei einer Virtuellen Tasse Kaffee oder Tee und dabei Gedanken austauchen steht heute auf dem Programm:<\/p>\n<ul>\n<li>Wohnen in Lankwitz<\/li>\n<li>\u00d6ffentlicher Nahverkehr<\/li>\n<\/ul>\n<p><a href=\"http:\/\/www.zukunft-lankwitz.de\/wp-content\/uploads\/2020\/06\/notizzettel-kiez-cafe.png\"><img loading=\"lazy\" decoding=\"async\" class=\" wp-image-1328 aligncenter\" src=\"http:\/\/www.zukunft-lankwitz.de\/wp-content\/uploads\/2020\/06\/notizzettel-kiez-cafe.png\" alt=\"\" width=\"564\" height=\"658\" srcset=\"https:\/\/www.zukunft-lankwitz.de\/wp-content\/uploads\/2020\/06\/notizzettel-kiez-cafe.png 953w, https:\/\/www.zukunft-lankwitz.de\/wp-content\/uploads\/2020\/06\/notizzettel-kiez-cafe-257x300.png 257w, https:\/\/www.zukunft-lankwitz.de\/wp-content\/uploads\/2020\/06\/notizzettel-kiez-cafe-878x1024.png 878w, https:\/\/www.zukunft-lankwitz.de\/wp-content\/uploads\/2020\/06\/notizzettel-kiez-cafe-768x896.png 768w, https:\/\/www.zukunft-lankwitz.de\/wp-content\/uploads\/2020\/06\/notizzettel-kiez-cafe-624x728.png 624w\" sizes=\"auto, (max-width: 564px) 100vw, 564px\" \/><\/a><\/p>\n<p>&nbsp;<\/p>\n<p>&nbsp;<\/p>\n<p>&nbsp;<\/p>\n<p>&nbsp;<\/p>\n<p>&nbsp;<\/p>\n<p>&nbsp;<\/p>\n<p>&nbsp;<\/p>\n<div style=\"padding-bottom:10px; padding-top:5px;\" class=\"hupso-share-buttons\"><!-- Hupso Share Buttons - https:\/\/www.hupso.com\/share\/ --><a class=\"hupso_toolbar\" href=\"https:\/\/www.hupso.com\/share\/\"><img decoding=\"async\" src=\"https:\/\/static.hupso.com\/share\/buttons\/lang\/de\/share-medium.png\" style=\"border:0px; padding-top: 5px; float:left;\" alt=\"Share Button\"\/><\/a><script type=\"text\/javascript\">var hupso_services_t=new Array(\"Twitter\",\"Facebook\",\"Google Plus\");var hupso_background_t=\"#EAF4FF\";var hupso_border_t=\"#66CCFF\";var hupso_toolbar_size_t=\"medium\";var hupso_image_folder_url = \"\";var hupso_url_t=\"\";var hupso_title_t=\"Marktplatz%20der%20Ideen%20-%20Online%202020\";<\/script><script type=\"text\/javascript\" src=\"https:\/\/static.hupso.com\/share\/js\/share_toolbar.js\"><\/script><!-- Hupso Share Buttons --><\/div>","protected":false},"excerpt":{"rendered":"<p>Heute ist der erste Tag vom Marktplatz der Ideen &#8211; Online 2020! Hier der Einladungslink zum Discord-Server (Anmeldung bei Discord erforderlich): https:\/\/discord.gg\/ufVCB8z Wie das geht k\u00f6nnen Sie hier lesen! &#8211; Erkl\u00e4rung Discord Anmeldung Sollte es Probleme mit der Anmeldung geben dann schreiben Sie mich bitte einfach an! Silvia H\u00e4rtel Kontakt Das Programm ist bunt und [&hellip;]<\/p>\n<div style=\"padding-bottom:10px; padding-top:5px;\" class=\"hupso-share-buttons\"><!-- Hupso Share Buttons - https:\/\/www.hupso.com\/share\/ --><a class=\"hupso_toolbar\" href=\"https:\/\/www.hupso.com\/share\/\"><img src=\"https:\/\/static.hupso.com\/share\/buttons\/lang\/de\/share-medium.png\" style=\"border:0px; padding-top: 5px; float:left;\" alt=\"Share Button\"\/><\/a><script type=\"text\/javascript\">var hupso_services_t=new Array(\"Twitter\",\"Facebook\",\"Google Plus\");var hupso_background_t=\"#EAF4FF\";var hupso_border_t=\"#66CCFF\";var hupso_toolbar_size_t=\"medium\";var hupso_image_folder_url = \"\";var hupso_url_t=\"\";var hupso_title_t=\"Marktplatz%20der%20Ideen%20-%20Online%202020\";<\/script><script type=\"text\/javascript\" src=\"https:\/\/static.hupso.com\/share\/js\/share_toolbar.js\"><\/script><!-- Hupso Share Buttons --><\/div>","protected":false},"author":2,"featured_media":0,"comment_status":"open","ping_status":"open","sticky":false,"template":"","format":"standard","meta":{"footnotes":""},"categories":[1,211,5,117,3,52,4],"tags":[247,243,215,279,261],"class_list":["post-1321","post","type-post","status-publish","format-standard","hentry","category-allgemein","category-fluechtlinge","category-kinder-und-jugendliche","category-marktplatz-der-ideen","category-runder-tisch","category-veranstaltungen","category-wohnen","tag-barrierefreier-kiez","tag-bezirksbuergermeisterin-cerstin-richter-kotowski","tag-bezirksstadtraetin-carolina-boehm","tag-marktplatz-der-ideen-online","tag-wochenmarkt-lankwitz"],"_links":{"self":[{"href":"https:\/\/www.zukunft-lankwitz.de\/index.php?rest_route=\/wp\/v2\/posts\/1321","targetHints":{"allow":["GET"]}}],"collection":[{"href":"https:\/\/www.zukunft-lankwitz.de\/index.php?rest_route=\/wp\/v2\/posts"}],"about":[{"href":"https:\/\/www.zukunft-lankwitz.de\/index.php?rest_route=\/wp\/v2\/types\/post"}],"author":[{"embeddable":true,"href":"https:\/\/www.zukunft-lankwitz.de\/index.php?rest_route=\/wp\/v2\/users\/2"}],"replies":[{"embeddable":true,"href":"https:\/\/www.zukunft-lankwitz.de\/index.php?rest_route=%2Fwp%2Fv2%2Fcomments&post=1321"}],"version-history":[{"count":6,"href":"https:\/\/www.zukunft-lankwitz.de\/index.php?rest_route=\/wp\/v2\/posts\/1321\/revisions"}],"predecessor-version":[{"id":1354,"href":"https:\/\/www.zukunft-lankwitz.de\/index.php?rest_route=\/wp\/v2\/posts\/1321\/revisions\/1354"}],"wp:attachment":[{"href":"https:\/\/www.zukunft-lankwitz.de\/index.php?rest_route=%2Fwp%2Fv2%2Fmedia&parent=1321"}],"wp:term":[{"taxonomy":"category","embeddable":true,"href":"https:\/\/www.zukunft-lankwitz.de\/index.php?rest_route=%2Fwp%2Fv2%2Fcategories&post=1321"},{"taxonomy":"post_tag","embeddable":true,"href":"https:\/\/www.zukunft-lankwitz.de\/index.php?rest_route=%2Fwp%2Fv2%2Ftags&post=1321"}],"curies":[{"name":"wp","href":"https:\/\/api.w.org\/{rel}","templated":true}]}}