{"id":1335,"date":"2020-07-01T08:00:09","date_gmt":"2020-07-01T06:00:09","guid":{"rendered":"http:\/\/www.zukunft-lankwitz.de\/?p=1335"},"modified":"2020-08-22T09:37:28","modified_gmt":"2020-08-22T07:37:28","slug":"marktplatz-der-ideen-wichtige-infos-im-ueberblick","status":"publish","type":"post","link":"https:\/\/www.zukunft-lankwitz.de\/?p=1335","title":{"rendered":"Marktplatz der Ideen &#8211; Wichtige Infos im \u00dcberblick"},"content":{"rendered":"<p><a href=\"http:\/\/www.zukunft-lankwitz.de\/wp-content\/uploads\/2020\/06\/schrift.png\"><img loading=\"lazy\" decoding=\"async\" class=\"size-full wp-image-1340 aligncenter\" src=\"http:\/\/www.zukunft-lankwitz.de\/wp-content\/uploads\/2020\/06\/schrift.png\" alt=\"\" width=\"960\" height=\"94\" srcset=\"https:\/\/www.zukunft-lankwitz.de\/wp-content\/uploads\/2020\/06\/schrift.png 960w, https:\/\/www.zukunft-lankwitz.de\/wp-content\/uploads\/2020\/06\/schrift-300x29.png 300w, https:\/\/www.zukunft-lankwitz.de\/wp-content\/uploads\/2020\/06\/schrift-768x75.png 768w, https:\/\/www.zukunft-lankwitz.de\/wp-content\/uploads\/2020\/06\/schrift-624x61.png 624w\" sizes=\"auto, (max-width: 960px) 100vw, 960px\" \/><\/a><\/p>\n<p>Der Marktplatz der Ideen 2020 ist nun vor\u00fcber und es ist eine Menge passiert an den zwei Tagen. Viele Ideen und Anregungen, spannende Diskussionen und hilfreiche Tipps. Zwei bunte Tage mit einem tollen Programm und f\u00fcr das erste al in dieser Form auch einer Statistik, die sich sehen lassen kann:<\/p>\n<p><strong>Statistik:<\/strong><\/p>\n<ul>\n<li><strong>Zeit:<\/strong>\n<ul>\n<li>2 Tage<\/li>\n<li>insgesamt 4 Bl\u00f6cke \u00e0 3 Stunden = 12 Stunden<\/li>\n<\/ul>\n<\/li>\n<\/ul>\n<ul>\n<li><strong>R\u00e4ume:<\/strong>\n<ul>\n<li>4 x Politik (je 1 Stunde)<\/li>\n<li>12 x Themen (je 1 Stunde)<\/li>\n<li>4 x Kids und Teens (je 3 Stunden)<\/li>\n<\/ul>\n<\/li>\n<\/ul>\n<p>&nbsp;<\/p>\n<ul>\n<li><strong>G\u00e4ste \/ Experten:\u00a0<\/strong>\n<ul>\n<li>12 G\u00e4ste \/ Experten zu 12 Themen<\/li>\n<li>4 G\u00e4ste \/ Experten f\u00fcr die Themen der Kids und Teens<\/li>\n<\/ul>\n<\/li>\n<\/ul>\n<p>&nbsp;<\/p>\n<p><a href=\"http:\/\/www.zukunft-lankwitz.de\/wp-content\/uploads\/2020\/06\/statistik.png\"><img loading=\"lazy\" decoding=\"async\" class=\"wp-image-1341 aligncenter\" src=\"http:\/\/www.zukunft-lankwitz.de\/wp-content\/uploads\/2020\/06\/statistik.png\" alt=\"\" width=\"378\" height=\"203\" srcset=\"https:\/\/www.zukunft-lankwitz.de\/wp-content\/uploads\/2020\/06\/statistik.png 738w, https:\/\/www.zukunft-lankwitz.de\/wp-content\/uploads\/2020\/06\/statistik-300x161.png 300w, https:\/\/www.zukunft-lankwitz.de\/wp-content\/uploads\/2020\/06\/statistik-624x336.png 624w\" sizes=\"auto, (max-width: 378px) 100vw, 378px\" \/><\/a><\/p>\n<ul>\n<li><strong>Besucher:<\/strong>\n<ul>\n<li>40 Besucher (Erwachsene, Kids und Teens) incl. der Moderatoren, die punktuell auch Besucher waren<\/li>\n<\/ul>\n<\/li>\n<\/ul>\n<ul>\n<li><strong>Chats:<\/strong>\n<ul>\n<li>15 Erwachsenen Chats<\/li>\n<li>4 Kids und Teens<\/li>\n<li>1386 Beitr\u00e4ge gesamt \u00d8 73 Beitr\u00e4ge pro Chat\n<ul>\n<li>Erwachsene 1099 Beitr\u00e4ge in 15 Chats<\/li>\n<li>Kids und Teens 287 Beitr\u00e4ge in 4 Chats<\/li>\n<\/ul>\n<\/li>\n<li>Beitragsst\u00e4rkste Themen:\n<ul>\n<li>Erwachsene:\n<ul>\n<li>Pandemie: 103 Beitr\u00e4ge<\/li>\n<li>Bienen: 100 Beitr\u00e4ge<\/li>\n<\/ul>\n<\/li>\n<li>Kids und Teens:\n<ul>\n<li>Sicherheit: 177 Beitr\u00e4ge<\/li>\n<\/ul>\n<\/li>\n<\/ul>\n<\/li>\n<\/ul>\n<\/li>\n<\/ul>\n<p><!--more--><\/p>\n<p><strong>Themen &amp; Ideen kurz zusammengefasst:<\/strong><\/p>\n<ul>\n<li><strong>Nahverkehr:<a href=\"http:\/\/www.zukunft-lankwitz.de\/wp-content\/uploads\/2020\/06\/modwand2.png\"><img loading=\"lazy\" decoding=\"async\" class=\"alignright wp-image-1339\" src=\"http:\/\/www.zukunft-lankwitz.de\/wp-content\/uploads\/2020\/06\/modwand2.png\" alt=\"\" width=\"262\" height=\"260\" srcset=\"https:\/\/www.zukunft-lankwitz.de\/wp-content\/uploads\/2020\/06\/modwand2.png 477w, https:\/\/www.zukunft-lankwitz.de\/wp-content\/uploads\/2020\/06\/modwand2-300x297.png 300w, https:\/\/www.zukunft-lankwitz.de\/wp-content\/uploads\/2020\/06\/modwand2-150x150.png 150w\" sizes=\"auto, (max-width: 262px) 100vw, 262px\" \/><\/a><\/strong>\n<ul>\n<li>die Taktung des Busses 283<\/li>\n<li>die Begehbarkeit des Bahnhof Marienfelde<\/li>\n<\/ul>\n<\/li>\n<\/ul>\n<ul>\n<li><strong>Markt am Rathaus Lankwitz:<\/strong>\n<ul>\n<li>Frage nach dem Wunsch des Angebotes auf dem Markt:\n<ul>\n<li>Bio<\/li>\n<li>Feinkost<\/li>\n<li>Bauernmarkt<\/li>\n<li>Fisch und Fleisch<\/li>\n<\/ul>\n<\/li>\n<li>Allgemein l\u00e4ngere \u00d6ffnungszeiten (arbeitnehmerfreundlicher)<\/li>\n<li>Idee:\n<ul>\n<li>Sonderveranstaltungen:\n<ul>\n<li>Fr\u00fchlingsmarkt<\/li>\n<li>Weihnachtsmarkt<\/li>\n<li>Gemeinsam mit den Standbetreibern, als Projekt vom Runden Tisch Lankwitz-S\u00fcdende<\/li>\n<\/ul>\n<\/li>\n<\/ul>\n<\/li>\n<\/ul>\n<\/li>\n<\/ul>\n<ul>\n<li><strong>Barrierefreier Kiez:<\/strong>\n<ul>\n<li>Barrieren im Kopf abbauen<\/li>\n<li>Leitsystem zum \u00dcberqueren von Kreuzungen f\u00fcr Menschen mit Geh- und Sehbehinderungen<\/li>\n<li>Kiez-Touren in leichter Sprache, mit Stationen von besonderen Menschen im Kiez\n<ul>\n<li>Projektidee vom EJF Pastor-Braune-Haus<\/li>\n<li>Kooperationsprojekt mit anderen Teilnehmern des Runden Tisches z.B. dem KiJuFam K\u00e4seglocke und Frau Moritz Beauftragte f\u00fcr Menschen mit Behinderungen Steglitz-Zehlendorf<\/li>\n<\/ul>\n<\/li>\n<li>Einrichten eines Runden Tisches Integration &#8211; Frau Moritz m\u00f6chte das initiieren ggf.\u00a0 gemeinsam mit Fr. Wagner Gesch\u00e4ftsstelle des Pr\u00e4ventionsbeirates Steglitz-Zehlendorf<\/li>\n<\/ul>\n<\/li>\n<\/ul>\n<p><a href=\"http:\/\/www.zukunft-lankwitz.de\/wp-content\/uploads\/2020\/06\/chancen.png\"><img loading=\"lazy\" decoding=\"async\" class=\" wp-image-1342 alignleft\" src=\"http:\/\/www.zukunft-lankwitz.de\/wp-content\/uploads\/2020\/06\/chancen.png\" alt=\"\" width=\"369\" height=\"231\" srcset=\"https:\/\/www.zukunft-lankwitz.de\/wp-content\/uploads\/2020\/06\/chancen.png 800w, https:\/\/www.zukunft-lankwitz.de\/wp-content\/uploads\/2020\/06\/chancen-300x188.png 300w, https:\/\/www.zukunft-lankwitz.de\/wp-content\/uploads\/2020\/06\/chancen-768x482.png 768w, https:\/\/www.zukunft-lankwitz.de\/wp-content\/uploads\/2020\/06\/chancen-624x392.png 624w\" sizes=\"auto, (max-width: 369px) 100vw, 369px\" \/><\/a><\/p>\n<ul>\n<li><strong>Integration &#8211; Wie kann es noch besser gelingen?<\/strong>\n<ul>\n<li>Projektidee:\n<ul>\n<li>Markt der Nachbarschaft oder ein Nachbarschaftspicknick<\/li>\n<\/ul>\n<\/li>\n<\/ul>\n<\/li>\n<\/ul>\n<ul>\n<li><strong>Verkehr:<\/strong>\n<ul>\n<li>die Ampelschaltung an der Lankwitz-Kirche ist zu kurz f\u00fcr Fu\u00dfg\u00e4nger (in verschiedenen Chats immer wieder genannt worden)<\/li>\n<li>Idee: Ein erneutes Mal an die Verkehrslenkung Berlin rantreten und auf Ver\u00e4nderung hoffen, weil es nicht in der Befugnis des Bezirks liegt<\/li>\n<\/ul>\n<\/li>\n<\/ul>\n<ul>\n<li><strong>Corona-Pandemie:<\/strong>\n<ul>\n<li>viele Unsicherheiten und Unmut \u00fcber die Ungerechtigkeiten z.B. die unterschiedliche Handhabung von Schulen der Krise<\/li>\n<li>Frage nach Unterst\u00fctzung speziell f\u00fcr kleine L\u00e4den durch die Krise<\/li>\n<\/ul>\n<\/li>\n<\/ul>\n<ul>\n<li><strong>Kiez-L\u00e4den:<\/strong>\n<ul>\n<li>Idee im Nachhinein nach der Diskussion am Marktplatz der Ideen:\n<ul>\n<li>Kiez-L\u00e4den an den Markttagen einen Stand zum Verkaufen zur Verf\u00fcgung stellen<\/li>\n<\/ul>\n<\/li>\n<\/ul>\n<\/li>\n<\/ul>\n<ul>\n<li><strong>\u00d6ffentliche Pl\u00e4tze:<\/strong>\n<ul>\n<li>M\u00fcll macht Pl\u00e4tze unattraktiv<\/li>\n<li>Tiersichere M\u00fclleimer k\u00f6nnten helfen<\/li>\n<li>keine gelben S\u00e4cke in Gr\u00fcnanlagen<\/li>\n<li>HINWEIS: Beleidigungen und Diskriminierung beim Berliner Register melden<\/li>\n<li>\u00a0Platz vor der Lankwitz-Kirche:\n<ul>\n<li>Menschlicher gestalten durch Aktionen wie z.B. Kaffee trinken auf dem Platz<\/li>\n<li>Kirche einladen zum Runden Tisch Lankwitz-S\u00fcdende (Hinweis der Redaktion: sie sind im Verteiler)<\/li>\n<li>Platz zum Ort der &#8222;Essbaren Stadt&#8220; umbauen und z.B. auch den Rosengarten<\/li>\n<\/ul>\n<\/li>\n<\/ul>\n<\/li>\n<\/ul>\n<ul>\n<li><strong><span style=\"font-size: 1rem;\">B\u00fcrgerbeteiligung:<\/span><\/strong>\n<ul>\n<li>Zusammenspiel der Runden Tische und dem Pr\u00e4ventionsbeirat Steglitz-Zehlendorf<\/li>\n<li>dazu gibt es hier schon einen Artikel &#8222;<a href=\"http:\/\/www.zukunft-lankwitz.de\/?p=989\" target=\"_blank\" rel=\"noopener noreferrer\">Der Runde Tisch und der Pr\u00e4ventionsbeirat<\/a>&#8222;<\/li>\n<\/ul>\n<\/li>\n<\/ul>\n<ul>\n<li><strong>Bienen im Kiez &#8211; Wie k\u00f6nnen wir helfen?<\/strong>\n<ul>\n<li>In der Kaiser-Wilhelmstr. wurden Wildbienen entdeckt &#8211; Info geht an den Nabu raus<\/li>\n<li>Jede\/r kann auch mit kleinen Dingen die Bienen unterst\u00fctzen:\n<ul>\n<li>Schale mit Wasser auf Balkon oder Terrasse<\/li>\n<li>Bienenfreundliche Pflanzen und Blumen<\/li>\n<\/ul>\n<\/li>\n<\/ul>\n<\/li>\n<\/ul>\n<ul>\n<li><strong>Gr\u00fcnes Lankwitz \/ Aktivplatz im Gemeindepark (spontane Themen\u00e4nderung wegen Aktualit\u00e4t):<\/strong>\n<ul>\n<li>Im Gemeindepark Lankwitz soll ein Aktivplatz entstehen. Hierzu wurde eingeladen, Ideen einzubringen:\n<ul>\n<li>Generations\u00fcbergreifend sollte er sein<\/li>\n<li>Spieletische<\/li>\n<li>DIsc-Golf<\/li>\n<li>Boule Bahn<\/li>\n<li>Ger\u00e4te zum Sport treiben<\/li>\n<li>Balancieren<\/li>\n<li>auch geeignet f\u00fcr Menschen mit Behinderungen<\/li>\n<li>Tischtennisplatte<\/li>\n<li>Spikeballfl\u00e4che -&gt; Minivolleyball<\/li>\n<li>Begleitende Kurse, wenn er steht<\/li>\n<\/ul>\n<\/li>\n<\/ul>\n<\/li>\n<\/ul>\n<p><a href=\"http:\/\/www.zukunft-lankwitz.de\/wp-content\/uploads\/2020\/06\/willkommen.png\"><img loading=\"lazy\" decoding=\"async\" class=\"alignright wp-image-1295\" src=\"http:\/\/www.zukunft-lankwitz.de\/wp-content\/uploads\/2020\/06\/willkommen.png\" alt=\"\" width=\"351\" height=\"385\" srcset=\"https:\/\/www.zukunft-lankwitz.de\/wp-content\/uploads\/2020\/06\/willkommen.png 458w, https:\/\/www.zukunft-lankwitz.de\/wp-content\/uploads\/2020\/06\/willkommen-273x300.png 273w\" sizes=\"auto, (max-width: 351px) 100vw, 351px\" \/><\/a><\/p>\n<ul>\n<li><strong>Sicherheit:<\/strong>\n<ul>\n<li>Halteverbot M\u00fchlenstr. \/ Gallwitzallee, w\u00e4re eine gute Idee wegen der Einsicht in die Gallwitzallee zum abbiegen<\/li>\n<li>Steigende Kriminalit\u00e4t in Lankwitz nicht best\u00e4tigt &#8211; bei Verdacht 110 anrufen<\/li>\n<\/ul>\n<\/li>\n<\/ul>\n<ul>\n<li><strong>Parks &#8211; Ideen \/ Wunschliste:<\/strong>\n<ul>\n<li>Grillpl\u00e4tze<\/li>\n<li>Hundeauslaufgebiete<\/li>\n<li>weniger M\u00fcll<\/li>\n<\/ul>\n<\/li>\n<\/ul>\n<ul>\n<li><strong>Jugendschutz:<\/strong>\n<ul>\n<li>Jugendschutz muss wieder stattfinden und sollte ein Produkt werden<\/li>\n<li>Thema im Pr\u00e4ventionsbeirat<\/li>\n<li>wieder sichtbar auf der Steglitzer-Festwoche<\/li>\n<li>mehr Jugendschutz im Bezirk<\/li>\n<li>Wie verfahren andere Bezirke?<\/li>\n<\/ul>\n<\/li>\n<\/ul>\n<p>Diese Themen wurden in wie eingangs geschrieben in den unterschiedlichen R\u00e4umen besprochen. Teilweise haben wir es auch zusammengefasst, aus den unterschiedlichen Diskussionen. In den n\u00e4chsten Wochen werden wir zu den einzelnen Themen Artikel ver\u00f6ffentlichen.<\/p>\n<p>Es war eine sehr sch\u00f6ne Veranstaltung mit vielen interessanten Gespr\u00e4chen. Wenn alles klappt und funktioniert, haben wir, wenn auch nur im kleinen Grosses f\u00fcr unseren Kiez bewirkt.<\/p>\n<p>Sie haben nach wie vor die M\u00f6glichkeit die Chats nachzulesen. Sie m\u00fcssen sich daf\u00fcr nur bei Discord kostenfrei und unverbindlich anmelden. Hier der Link f\u00fcr den Discordserver<\/p>\n<p>https:\/\/discord.gg\/ufVCB8z<\/p>\n<p>&nbsp;<\/p>\n<p>&nbsp;<\/p>\n<p>&nbsp;<\/p>\n<p>&nbsp;<\/p>\n<p>&nbsp;<\/p>\n<div style=\"padding-bottom:10px; padding-top:5px;\" class=\"hupso-share-buttons\"><!-- Hupso Share Buttons - https:\/\/www.hupso.com\/share\/ --><a class=\"hupso_toolbar\" href=\"https:\/\/www.hupso.com\/share\/\"><img decoding=\"async\" src=\"https:\/\/static.hupso.com\/share\/buttons\/lang\/de\/share-medium.png\" style=\"border:0px; padding-top: 5px; float:left;\" alt=\"Share Button\"\/><\/a><script type=\"text\/javascript\">var hupso_services_t=new Array(\"Twitter\",\"Facebook\",\"Google Plus\");var hupso_background_t=\"#EAF4FF\";var hupso_border_t=\"#66CCFF\";var hupso_toolbar_size_t=\"medium\";var hupso_image_folder_url = \"\";var hupso_url_t=\"\";var hupso_title_t=\"Marktplatz%20der%20Ideen%20-%20Wichtige%20Infos%20im%20%C3%9Cberblick\";<\/script><script type=\"text\/javascript\" src=\"https:\/\/static.hupso.com\/share\/js\/share_toolbar.js\"><\/script><!-- Hupso Share Buttons --><\/div>","protected":false},"excerpt":{"rendered":"<p>Der Marktplatz der Ideen 2020 ist nun vor\u00fcber und es ist eine Menge passiert an den zwei Tagen. Viele Ideen und Anregungen, spannende Diskussionen und hilfreiche Tipps. Zwei bunte Tage mit einem tollen Programm und f\u00fcr das erste al in dieser Form auch einer Statistik, die sich sehen lassen kann: Statistik: Zeit: 2 Tage insgesamt [&hellip;]<\/p>\n<div style=\"padding-bottom:10px; padding-top:5px;\" class=\"hupso-share-buttons\"><!-- Hupso Share Buttons - https:\/\/www.hupso.com\/share\/ --><a class=\"hupso_toolbar\" href=\"https:\/\/www.hupso.com\/share\/\"><img src=\"https:\/\/static.hupso.com\/share\/buttons\/lang\/de\/share-medium.png\" style=\"border:0px; padding-top: 5px; float:left;\" alt=\"Share Button\"\/><\/a><script type=\"text\/javascript\">var hupso_services_t=new Array(\"Twitter\",\"Facebook\",\"Google Plus\");var hupso_background_t=\"#EAF4FF\";var hupso_border_t=\"#66CCFF\";var hupso_toolbar_size_t=\"medium\";var hupso_image_folder_url = \"\";var hupso_url_t=\"\";var hupso_title_t=\"Marktplatz%20der%20Ideen%20-%20Wichtige%20Infos%20im%20%C3%9Cberblick\";<\/script><script type=\"text\/javascript\" src=\"https:\/\/static.hupso.com\/share\/js\/share_toolbar.js\"><\/script><!-- Hupso Share Buttons --><\/div>","protected":false},"author":2,"featured_media":0,"comment_status":"open","ping_status":"open","sticky":false,"template":"","format":"standard","meta":{"footnotes":""},"categories":[5,2,117,3,64,249],"tags":[44,247,250,283,279,284,282,76,50],"class_list":["post-1335","post","type-post","status-publish","format-standard","hentry","category-kinder-und-jugendliche","category-lankwitz","category-marktplatz-der-ideen","category-runder-tisch","category-strassen-und-verkehr","category-umweltschutz","tag-spielplatz-der-generationen","tag-barrierefreier-kiez","tag-bienen","tag-jugendschutz","tag-marktplatz-der-ideen-online","tag-oeffentliche-plaetze","tag-ordungsamt-jugendschutzkontrolle","tag-sicherheit","tag-verkehr"],"_links":{"self":[{"href":"https:\/\/www.zukunft-lankwitz.de\/index.php?rest_route=\/wp\/v2\/posts\/1335","targetHints":{"allow":["GET"]}}],"collection":[{"href":"https:\/\/www.zukunft-lankwitz.de\/index.php?rest_route=\/wp\/v2\/posts"}],"about":[{"href":"https:\/\/www.zukunft-lankwitz.de\/index.php?rest_route=\/wp\/v2\/types\/post"}],"author":[{"embeddable":true,"href":"https:\/\/www.zukunft-lankwitz.de\/index.php?rest_route=\/wp\/v2\/users\/2"}],"replies":[{"embeddable":true,"href":"https:\/\/www.zukunft-lankwitz.de\/index.php?rest_route=%2Fwp%2Fv2%2Fcomments&post=1335"}],"version-history":[{"count":6,"href":"https:\/\/www.zukunft-lankwitz.de\/index.php?rest_route=\/wp\/v2\/posts\/1335\/revisions"}],"predecessor-version":[{"id":1352,"href":"https:\/\/www.zukunft-lankwitz.de\/index.php?rest_route=\/wp\/v2\/posts\/1335\/revisions\/1352"}],"wp:attachment":[{"href":"https:\/\/www.zukunft-lankwitz.de\/index.php?rest_route=%2Fwp%2Fv2%2Fmedia&parent=1335"}],"wp:term":[{"taxonomy":"category","embeddable":true,"href":"https:\/\/www.zukunft-lankwitz.de\/index.php?rest_route=%2Fwp%2Fv2%2Fcategories&post=1335"},{"taxonomy":"post_tag","embeddable":true,"href":"https:\/\/www.zukunft-lankwitz.de\/index.php?rest_route=%2Fwp%2Fv2%2Ftags&post=1335"}],"curies":[{"name":"wp","href":"https:\/\/api.w.org\/{rel}","templated":true}]}}