{"id":138,"date":"2014-09-17T23:18:01","date_gmt":"2014-09-17T21:18:01","guid":{"rendered":"http:\/\/www.zukunft-lankwitz.de\/?p=138"},"modified":"2022-01-08T02:12:44","modified_gmt":"2022-01-08T01:12:44","slug":"kurzer-bericht-vom-runden-tisch-17-09-2014","status":"publish","type":"post","link":"https:\/\/www.zukunft-lankwitz.de\/?p=138","title":{"rendered":"Kurzer Bericht vom Runden Tisch 17.09.2014"},"content":{"rendered":"<p>Um Sie kurz auf dem laufenden zu halten hier nun ein kurzer Bericht vom Runden Tisch und die wichtigsten Ereignisse zusammengefasst.<\/p>\n<p>Das Resum\u00e9 der Akteure der Vorbereitungsgruppe \u00a0 des Marktplatz der Ideen ist durchweg positiv gewesen. Wir sind uns alle einig das es zwei tolle Tage mit vielen Spannenden Themen und Ideen waren. Es gab eine Menge tolle Momente und Gespr\u00e4che an den Tischen und drumherum. Es hat allen eine Menge Spa\u00df gemacht und wir sind uns einig das wir weiter machen wollen. Aus diesem Grund haben wir in der heutigen Sitzung auch bereits die Themen f\u00fcr den n\u00e4chsten Marktplatz der Ideen festgelegt. Der n\u00e4chste Marktplatz der Ideen wird am 19. und 20. Juni 2015 stattfinden. Gleicher Ort und wahrscheinlich gleiche Zeiten. In den n\u00e4chsten Wochen wird sich das Organisationsteam gr\u00fcnden. Alle Menschen aus Lankwitz und S\u00fcdende die Lust haben mit uns gemeinsam den Marktplatz vorzubreiten sind dazu herzlich eingeladen mitzudenken und zu gestalten. Den Termin werden wir hier rechtzeitig ver\u00f6ffentlichen.<\/p>\n<p>Was positiv bemerkt wurde ist wieviele Dinge sich schon nach dem Marktplatz der Ideen bewegt haben im Kiez. Speziell im Bereich der Natur und Gr\u00fcnfl\u00e4chen sind sichtbare erfolge erzielt, aber es sind auch schon Themen und Anliegen an die richtigen Stellen weitergeleitet. Es ist was in Bewegung geraten.<\/p>\n<p>&nbsp;<\/p>\n<div style=\"padding-bottom:10px; padding-top:5px;\" class=\"hupso-share-buttons\"><!-- Hupso Share Buttons - https:\/\/www.hupso.com\/share\/ --><a class=\"hupso_toolbar\" href=\"https:\/\/www.hupso.com\/share\/\"><img decoding=\"async\" src=\"https:\/\/static.hupso.com\/share\/buttons\/lang\/de\/share-medium.png\" style=\"border:0px; padding-top: 5px; float:left;\" alt=\"Share Button\"\/><\/a><script type=\"text\/javascript\">var hupso_services_t=new Array(\"Twitter\",\"Facebook\",\"Google Plus\");var hupso_background_t=\"#EAF4FF\";var hupso_border_t=\"#66CCFF\";var hupso_toolbar_size_t=\"medium\";var hupso_image_folder_url = \"\";var hupso_url_t=\"\";var hupso_title_t=\"Kurzer%20Bericht%20vom%20Runden%20Tisch%2017.09.2014\";<\/script><script type=\"text\/javascript\" src=\"https:\/\/static.hupso.com\/share\/js\/share_toolbar.js\"><\/script><!-- Hupso Share Buttons --><\/div>","protected":false},"excerpt":{"rendered":"<p>Um Sie kurz auf dem laufenden zu halten hier nun ein kurzer Bericht vom Runden Tisch und die wichtigsten Ereignisse zusammengefasst. Das Resum\u00e9 der Akteure der Vorbereitungsgruppe \u00a0 des Marktplatz der Ideen ist durchweg positiv gewesen. Wir sind uns alle einig das es zwei tolle Tage mit vielen Spannenden Themen und Ideen waren. Es gab [&hellip;]<\/p>\n<div style=\"padding-bottom:10px; padding-top:5px;\" class=\"hupso-share-buttons\"><!-- Hupso Share Buttons - https:\/\/www.hupso.com\/share\/ --><a class=\"hupso_toolbar\" href=\"https:\/\/www.hupso.com\/share\/\"><img src=\"https:\/\/static.hupso.com\/share\/buttons\/lang\/de\/share-medium.png\" style=\"border:0px; padding-top: 5px; float:left;\" alt=\"Share Button\"\/><\/a><script type=\"text\/javascript\">var hupso_services_t=new Array(\"Twitter\",\"Facebook\",\"Google Plus\");var hupso_background_t=\"#EAF4FF\";var hupso_border_t=\"#66CCFF\";var hupso_toolbar_size_t=\"medium\";var hupso_image_folder_url = \"\";var hupso_url_t=\"\";var hupso_title_t=\"Kurzer%20Bericht%20vom%20Runden%20Tisch%2017.09.2014\";<\/script><script type=\"text\/javascript\" src=\"https:\/\/static.hupso.com\/share\/js\/share_toolbar.js\"><\/script><!-- Hupso Share Buttons --><\/div>","protected":false},"author":2,"featured_media":0,"comment_status":"open","ping_status":"open","sticky":false,"template":"","format":"standard","meta":{"footnotes":""},"categories":[1,3],"tags":[25,36,32],"class_list":["post-138","post","type-post","status-publish","format-standard","hentry","category-allgemein","category-runder-tisch","tag-runder-tisch-lankwitz-suedende","tag-sitzung","tag-themen"],"_links":{"self":[{"href":"https:\/\/www.zukunft-lankwitz.de\/index.php?rest_route=\/wp\/v2\/posts\/138","targetHints":{"allow":["GET"]}}],"collection":[{"href":"https:\/\/www.zukunft-lankwitz.de\/index.php?rest_route=\/wp\/v2\/posts"}],"about":[{"href":"https:\/\/www.zukunft-lankwitz.de\/index.php?rest_route=\/wp\/v2\/types\/post"}],"author":[{"embeddable":true,"href":"https:\/\/www.zukunft-lankwitz.de\/index.php?rest_route=\/wp\/v2\/users\/2"}],"replies":[{"embeddable":true,"href":"https:\/\/www.zukunft-lankwitz.de\/index.php?rest_route=%2Fwp%2Fv2%2Fcomments&post=138"}],"version-history":[{"count":1,"href":"https:\/\/www.zukunft-lankwitz.de\/index.php?rest_route=\/wp\/v2\/posts\/138\/revisions"}],"predecessor-version":[{"id":139,"href":"https:\/\/www.zukunft-lankwitz.de\/index.php?rest_route=\/wp\/v2\/posts\/138\/revisions\/139"}],"wp:attachment":[{"href":"https:\/\/www.zukunft-lankwitz.de\/index.php?rest_route=%2Fwp%2Fv2%2Fmedia&parent=138"}],"wp:term":[{"taxonomy":"category","embeddable":true,"href":"https:\/\/www.zukunft-lankwitz.de\/index.php?rest_route=%2Fwp%2Fv2%2Fcategories&post=138"},{"taxonomy":"post_tag","embeddable":true,"href":"https:\/\/www.zukunft-lankwitz.de\/index.php?rest_route=%2Fwp%2Fv2%2Ftags&post=138"}],"curies":[{"name":"wp","href":"https:\/\/api.w.org\/{rel}","templated":true}]}}