{"id":141,"date":"2014-09-23T12:04:18","date_gmt":"2014-09-23T10:04:18","guid":{"rendered":"http:\/\/www.zukunft-lankwitz.de\/?p=141"},"modified":"2015-03-01T17:15:59","modified_gmt":"2015-03-01T16:15:59","slug":"sehen-ansprechen-bewegen-erste-kleine-erfolge","status":"publish","type":"post","link":"https:\/\/www.zukunft-lankwitz.de\/?p=141","title":{"rendered":"Sehen &#8211; Ansprechen &#8211; Bewegen! Erste kleine Erfolge!"},"content":{"rendered":"<p><img loading=\"lazy\" decoding=\"async\" class=\"alignleft wp-image-143 size-medium\" src=\"http:\/\/www.zukunft-lankwitz.de\/wp-content\/uploads\/2014\/09\/IMG-20140918-WA0002-169x300.jpg\" alt=\"IMG-20140918-WA0002\" width=\"169\" height=\"300\" data-wp-pid=\"143\" srcset=\"https:\/\/www.zukunft-lankwitz.de\/wp-content\/uploads\/2014\/09\/IMG-20140918-WA0002-169x300.jpg 169w, https:\/\/www.zukunft-lankwitz.de\/wp-content\/uploads\/2014\/09\/IMG-20140918-WA0002-578x1024.jpg 578w, https:\/\/www.zukunft-lankwitz.de\/wp-content\/uploads\/2014\/09\/IMG-20140918-WA0002-624x1104.jpg 624w, https:\/\/www.zukunft-lankwitz.de\/wp-content\/uploads\/2014\/09\/IMG-20140918-WA0002-451x800.jpg 451w, https:\/\/www.zukunft-lankwitz.de\/wp-content\/uploads\/2014\/09\/IMG-20140918-WA0002-452x800.jpg 452w, https:\/\/www.zukunft-lankwitz.de\/wp-content\/uploads\/2014\/09\/IMG-20140918-WA0002.jpg 723w\" sizes=\"auto, (max-width: 169px) 100vw, 169px\" \/>Beim Marktplatz der Ideen, sprach eine B\u00fcrgerin unteranderem die Bezirksstadtr\u00e4tin Frau Markl-Vieto, aber auch den BVV Abgeordneten Hr. Selicko wegen dem zugewucherten Gehweg in der Beselerstr. Von dem &#8222;brachliegenden&#8220; Grundst\u00fcck wo der Bunker in der Eiswaldstra\u00dfe steht wachsen die B\u00fcsche und Wildpflanzen so auf den Gehweg das ein Durchkommen ab Konfektionsgr\u00f6\u00dfe 40 schwierig wird, nebeneinander laufen garnicht mehr geht, und eine Frau\/Mann mit einem Kinderwagen oder Rollstuhl eigentlich verloren hat. Dies wurde beim Marktplatz der Ideen thematisiert und von Fr. Markl-Vieto, sowie Hr. Selicko mitgenommen und gleich weitergetragen. Resultat war das nur ein paar Tage sp\u00e4ter eine Gartenbaufirma anger\u00fcckt ist und das ganze Gel\u00e4nde gepflegt hat. Der Gehweg ist wieder gefahrenlos passierbar und es kommen alle wieder durch.<\/p>\n<p><a href=\"http:\/\/www.zukunft-lankwitz.de\/wp-content\/uploads\/2014\/09\/IMG-20140918-WA0001.jpg\"><img loading=\"lazy\" decoding=\"async\" class=\"alignright wp-image-142 size-medium\" src=\"http:\/\/www.zukunft-lankwitz.de\/wp-content\/uploads\/2014\/09\/IMG-20140918-WA0001-169x300.jpg\" alt=\"IMG-20140918-WA0001\" width=\"169\" height=\"300\" data-wp-pid=\"142\" srcset=\"https:\/\/www.zukunft-lankwitz.de\/wp-content\/uploads\/2014\/09\/IMG-20140918-WA0001-169x300.jpg 169w, https:\/\/www.zukunft-lankwitz.de\/wp-content\/uploads\/2014\/09\/IMG-20140918-WA0001-578x1024.jpg 578w, https:\/\/www.zukunft-lankwitz.de\/wp-content\/uploads\/2014\/09\/IMG-20140918-WA0001-624x1104.jpg 624w, https:\/\/www.zukunft-lankwitz.de\/wp-content\/uploads\/2014\/09\/IMG-20140918-WA0001-451x800.jpg 451w, https:\/\/www.zukunft-lankwitz.de\/wp-content\/uploads\/2014\/09\/IMG-20140918-WA0001.jpg 723w\" sizes=\"auto, (max-width: 169px) 100vw, 169px\" \/><\/a><\/p>\n<p>&nbsp;<\/p>\n<p>&nbsp;<\/p>\n<p>Ein kleines Beispiel f\u00fcr etwas was sich schon bewegt hat. Hat sich bei Ihnen auch etwas ver\u00e4ndert oder bewegt? Dann schreiben sie uns und schicken im Idealfall ein paar Fotos mit. Wir werden es gerne ver\u00f6ffentlichen.<\/p>\n<div style=\"padding-bottom:10px; padding-top:5px;\" class=\"hupso-share-buttons\"><!-- Hupso Share Buttons - https:\/\/www.hupso.com\/share\/ --><a class=\"hupso_toolbar\" href=\"https:\/\/www.hupso.com\/share\/\"><img decoding=\"async\" src=\"https:\/\/static.hupso.com\/share\/buttons\/lang\/de\/share-medium.png\" style=\"border:0px; padding-top: 5px; float:left;\" alt=\"Share Button\"\/><\/a><script type=\"text\/javascript\">var hupso_services_t=new Array(\"Twitter\",\"Facebook\",\"Google Plus\");var hupso_background_t=\"#EAF4FF\";var hupso_border_t=\"#66CCFF\";var hupso_toolbar_size_t=\"medium\";var hupso_image_folder_url = \"\";var hupso_url_t=\"\";var hupso_title_t=\"Sehen%20-%20Ansprechen%20-%20Bewegen%21%20Erste%20kleine%20Erfolge%21\";<\/script><script type=\"text\/javascript\" src=\"https:\/\/static.hupso.com\/share\/js\/share_toolbar.js\"><\/script><!-- Hupso Share Buttons --><\/div>","protected":false},"excerpt":{"rendered":"<p>Beim Marktplatz der Ideen, sprach eine B\u00fcrgerin unteranderem die Bezirksstadtr\u00e4tin Frau Markl-Vieto, aber auch den BVV Abgeordneten Hr. Selicko wegen dem zugewucherten Gehweg in der Beselerstr. Von dem &#8222;brachliegenden&#8220; Grundst\u00fcck wo der Bunker in der Eiswaldstra\u00dfe steht wachsen die B\u00fcsche und Wildpflanzen so auf den Gehweg das ein Durchkommen ab Konfektionsgr\u00f6\u00dfe 40 schwierig wird, nebeneinander [&hellip;]<\/p>\n<div style=\"padding-bottom:10px; padding-top:5px;\" class=\"hupso-share-buttons\"><!-- Hupso Share Buttons - https:\/\/www.hupso.com\/share\/ --><a class=\"hupso_toolbar\" href=\"https:\/\/www.hupso.com\/share\/\"><img src=\"https:\/\/static.hupso.com\/share\/buttons\/lang\/de\/share-medium.png\" style=\"border:0px; padding-top: 5px; float:left;\" alt=\"Share Button\"\/><\/a><script type=\"text\/javascript\">var hupso_services_t=new Array(\"Twitter\",\"Facebook\",\"Google Plus\");var hupso_background_t=\"#EAF4FF\";var hupso_border_t=\"#66CCFF\";var hupso_toolbar_size_t=\"medium\";var hupso_image_folder_url = \"\";var hupso_url_t=\"\";var hupso_title_t=\"Sehen%20-%20Ansprechen%20-%20Bewegen%21%20Erste%20kleine%20Erfolge%21\";<\/script><script type=\"text\/javascript\" src=\"https:\/\/static.hupso.com\/share\/js\/share_toolbar.js\"><\/script><!-- Hupso Share Buttons --><\/div>","protected":false},"author":2,"featured_media":0,"comment_status":"open","ping_status":"open","sticky":false,"template":"","format":"standard","meta":{"footnotes":""},"categories":[1,2,117],"tags":[],"class_list":["post-141","post","type-post","status-publish","format-standard","hentry","category-allgemein","category-lankwitz","category-marktplatz-der-ideen"],"_links":{"self":[{"href":"https:\/\/www.zukunft-lankwitz.de\/index.php?rest_route=\/wp\/v2\/posts\/141","targetHints":{"allow":["GET"]}}],"collection":[{"href":"https:\/\/www.zukunft-lankwitz.de\/index.php?rest_route=\/wp\/v2\/posts"}],"about":[{"href":"https:\/\/www.zukunft-lankwitz.de\/index.php?rest_route=\/wp\/v2\/types\/post"}],"author":[{"embeddable":true,"href":"https:\/\/www.zukunft-lankwitz.de\/index.php?rest_route=\/wp\/v2\/users\/2"}],"replies":[{"embeddable":true,"href":"https:\/\/www.zukunft-lankwitz.de\/index.php?rest_route=%2Fwp%2Fv2%2Fcomments&post=141"}],"version-history":[{"count":1,"href":"https:\/\/www.zukunft-lankwitz.de\/index.php?rest_route=\/wp\/v2\/posts\/141\/revisions"}],"predecessor-version":[{"id":144,"href":"https:\/\/www.zukunft-lankwitz.de\/index.php?rest_route=\/wp\/v2\/posts\/141\/revisions\/144"}],"wp:attachment":[{"href":"https:\/\/www.zukunft-lankwitz.de\/index.php?rest_route=%2Fwp%2Fv2%2Fmedia&parent=141"}],"wp:term":[{"taxonomy":"category","embeddable":true,"href":"https:\/\/www.zukunft-lankwitz.de\/index.php?rest_route=%2Fwp%2Fv2%2Fcategories&post=141"},{"taxonomy":"post_tag","embeddable":true,"href":"https:\/\/www.zukunft-lankwitz.de\/index.php?rest_route=%2Fwp%2Fv2%2Ftags&post=141"}],"curies":[{"name":"wp","href":"https:\/\/api.w.org\/{rel}","templated":true}]}}