{"id":1475,"date":"2021-06-14T10:10:52","date_gmt":"2021-06-14T08:10:52","guid":{"rendered":"https:\/\/www.zukunft-lankwitz.de\/?p=1475"},"modified":"2021-06-14T10:13:19","modified_gmt":"2021-06-14T08:13:19","slug":"gaeste-und-themen-politik","status":"publish","type":"post","link":"https:\/\/www.zukunft-lankwitz.de\/?p=1475","title":{"rendered":"G\u00e4ste und Themen: Politik"},"content":{"rendered":"<p>&nbsp;<\/p>\n<p><a href=\"http:\/\/www.zukunft-lankwitz.de\/wp-content\/uploads\/2021\/06\/titel.png\"><img loading=\"lazy\" decoding=\"async\" class=\"aligncenter size-full wp-image-1481\" src=\"http:\/\/www.zukunft-lankwitz.de\/wp-content\/uploads\/2021\/06\/titel.png\" alt=\"\" width=\"1098\" height=\"277\" srcset=\"https:\/\/www.zukunft-lankwitz.de\/wp-content\/uploads\/2021\/06\/titel.png 1098w, https:\/\/www.zukunft-lankwitz.de\/wp-content\/uploads\/2021\/06\/titel-300x76.png 300w, https:\/\/www.zukunft-lankwitz.de\/wp-content\/uploads\/2021\/06\/titel-1024x258.png 1024w, https:\/\/www.zukunft-lankwitz.de\/wp-content\/uploads\/2021\/06\/titel-768x194.png 768w, https:\/\/www.zukunft-lankwitz.de\/wp-content\/uploads\/2021\/06\/titel-624x157.png 624w\" sizes=\"auto, (max-width: 1098px) 100vw, 1098px\" \/><\/a><\/p>\n<p>In den n\u00e4chsten Tagen stellen wir die einzelnen Bereiche des Marktplatz der Ideen vorstellen. Den Start machen wir mit dem Bereich Politik.<\/p>\n<p>F\u00fcr je eine Stunde haben Sie die M\u00f6glichkeit mit der Bezirksb\u00fcrgermeisterin und den Stadtr\u00e4tinnen und Stadtrat ins Gespr\u00e4ch zu kommen, und ihre Themen, Anliegen und Ideen zu besprechen. Das ganze wie auch im vergangenen Jahr rein digital \u00fcber einen Textchat. Sie brauchen kein Mikrofon oder keine Kamera, Sie k\u00f6nnen auch jetzt schon reinschauen und die Chats vom letzten Jahr lesen. Nun aber zu diesem Jahr:<\/p>\n<p><a href=\"http:\/\/www.zukunft-lankwitz.de\/wp-content\/uploads\/2021\/06\/politikueber.png\"><img loading=\"lazy\" decoding=\"async\" class=\"aligncenter size-full wp-image-1479\" src=\"http:\/\/www.zukunft-lankwitz.de\/wp-content\/uploads\/2021\/06\/politikueber.png\" alt=\"\" width=\"400\" height=\"500\" srcset=\"https:\/\/www.zukunft-lankwitz.de\/wp-content\/uploads\/2021\/06\/politikueber.png 400w, https:\/\/www.zukunft-lankwitz.de\/wp-content\/uploads\/2021\/06\/politikueber-240x300.png 240w\" sizes=\"auto, (max-width: 400px) 100vw, 400px\" \/><\/a><\/p>\n<ul>\n<li><strong>Bezirksb\u00fcrgermeisterin Cerstin Richter-Kotowski<\/strong><br \/>\nAbteilung Finanzen, Personal, Stadtentwicklung und Wirtschaftsf\u00f6rderung<br \/>\nSamstag, den 19.06.2021 &#8211; 11 &#8211; 12 Uhr<\/li>\n<li><strong>Bezirksstadtr\u00e4tin Carolina B\u00f6hm<\/strong><br \/>\nAbteilung Jugend und Gesundheit<br \/>\nSamstag, den 19.06.2021 &#8211; 15 &#8211; 16 Uhr<\/li>\n<li><strong>Bezirksstadtr\u00e4tin Maren Schellenberg<\/strong><br \/>\nAbteilung Immobilien, Umwelt und Tiefbau<br \/>\nSonntag, 20.06.2021 &#8211; 12 &#8211; 13 Uhr<\/li>\n<li><strong>Bezirksstadtrat Michael Karnetzki<\/strong><br \/>\nstellv. Bezirksb\u00fcrgermeister und Abt. Ordnung, Nahverkehr und B\u00fcrgerdienste<br \/>\nSonntag, 20.006.2021 &#8211; 15 &#8211; 16 Uhr<\/li>\n<\/ul>\n<p>HIer der LInk zu Server bei DIscord: https:\/\/discord.gg\/ufVCB8z<a href=\"https:\/\/discord.gg\/ufVCB8z\"><img loading=\"lazy\" decoding=\"async\" class=\"aligncenter size-full wp-image-1471\" src=\"http:\/\/www.zukunft-lankwitz.de\/wp-content\/uploads\/2021\/06\/mpdibutton.png\" alt=\"\" width=\"458\" height=\"101\" srcset=\"https:\/\/www.zukunft-lankwitz.de\/wp-content\/uploads\/2021\/06\/mpdibutton.png 458w, https:\/\/www.zukunft-lankwitz.de\/wp-content\/uploads\/2021\/06\/mpdibutton-300x66.png 300w\" sizes=\"auto, (max-width: 458px) 100vw, 458px\" \/><\/a><\/p>\n<p>Sie m\u00fcssen sich lediglich kostenfrei registrieren. Eine kleine Anleitung aus dem vergangenen Jahr dazu finden Sie hier:<br \/>\n<a href=\"http:\/\/www.zukunft-lankwitz.de\/wp-content\/uploads\/2020\/06\/Discord-Anmeldung-Erkl\u00e4rung.pdf\" target=\"_blank\" rel=\"noopener\">Discord Anmeldung Erkl\u00e4rung<\/a><\/p>\n<p>&nbsp;<\/p>\n<p>&nbsp;<\/p>\n<div style=\"padding-bottom:10px; padding-top:5px;\" class=\"hupso-share-buttons\"><!-- Hupso Share Buttons - https:\/\/www.hupso.com\/share\/ --><a class=\"hupso_toolbar\" href=\"https:\/\/www.hupso.com\/share\/\"><img decoding=\"async\" src=\"https:\/\/static.hupso.com\/share\/buttons\/lang\/de\/share-medium.png\" style=\"border:0px; padding-top: 5px; float:left;\" alt=\"Share Button\"\/><\/a><script type=\"text\/javascript\">var hupso_services_t=new Array(\"Twitter\",\"Facebook\",\"Google Plus\");var hupso_background_t=\"#EAF4FF\";var hupso_border_t=\"#66CCFF\";var hupso_toolbar_size_t=\"medium\";var hupso_image_folder_url = \"\";var hupso_url_t=\"\";var hupso_title_t=\"G%C3%A4ste%20und%20Themen%3A%20Politik\";<\/script><script type=\"text\/javascript\" src=\"https:\/\/static.hupso.com\/share\/js\/share_toolbar.js\"><\/script><!-- Hupso Share Buttons --><\/div>","protected":false},"excerpt":{"rendered":"<p>&nbsp; In den n\u00e4chsten Tagen stellen wir die einzelnen Bereiche des Marktplatz der Ideen vorstellen. Den Start machen wir mit dem Bereich Politik. F\u00fcr je eine Stunde haben Sie die M\u00f6glichkeit mit der Bezirksb\u00fcrgermeisterin und den Stadtr\u00e4tinnen und Stadtrat ins Gespr\u00e4ch zu kommen, und ihre Themen, Anliegen und Ideen zu besprechen. Das ganze wie auch [&hellip;]<\/p>\n<div style=\"padding-bottom:10px; padding-top:5px;\" class=\"hupso-share-buttons\"><!-- Hupso Share Buttons - https:\/\/www.hupso.com\/share\/ --><a class=\"hupso_toolbar\" href=\"https:\/\/www.hupso.com\/share\/\"><img src=\"https:\/\/static.hupso.com\/share\/buttons\/lang\/de\/share-medium.png\" style=\"border:0px; padding-top: 5px; float:left;\" alt=\"Share Button\"\/><\/a><script type=\"text\/javascript\">var hupso_services_t=new Array(\"Twitter\",\"Facebook\",\"Google Plus\");var hupso_background_t=\"#EAF4FF\";var hupso_border_t=\"#66CCFF\";var hupso_toolbar_size_t=\"medium\";var hupso_image_folder_url = \"\";var hupso_url_t=\"\";var hupso_title_t=\"G%C3%A4ste%20und%20Themen%3A%20Politik\";<\/script><script type=\"text\/javascript\" src=\"https:\/\/static.hupso.com\/share\/js\/share_toolbar.js\"><\/script><!-- Hupso Share Buttons --><\/div>","protected":false},"author":2,"featured_media":0,"comment_status":"open","ping_status":"open","sticky":false,"template":"","format":"standard","meta":{"footnotes":""},"categories":[117,3],"tags":[243,167,215,214],"class_list":["post-1475","post","type-post","status-publish","format-standard","hentry","category-marktplatz-der-ideen","category-runder-tisch","tag-bezirksbuergermeisterin-cerstin-richter-kotowski","tag-bezirksstadtrat-michael-karnetzki","tag-bezirksstadtraetin-carolina-boehm","tag-bezirksstadtraetin-maren-schellenberg"],"_links":{"self":[{"href":"https:\/\/www.zukunft-lankwitz.de\/index.php?rest_route=\/wp\/v2\/posts\/1475","targetHints":{"allow":["GET"]}}],"collection":[{"href":"https:\/\/www.zukunft-lankwitz.de\/index.php?rest_route=\/wp\/v2\/posts"}],"about":[{"href":"https:\/\/www.zukunft-lankwitz.de\/index.php?rest_route=\/wp\/v2\/types\/post"}],"author":[{"embeddable":true,"href":"https:\/\/www.zukunft-lankwitz.de\/index.php?rest_route=\/wp\/v2\/users\/2"}],"replies":[{"embeddable":true,"href":"https:\/\/www.zukunft-lankwitz.de\/index.php?rest_route=%2Fwp%2Fv2%2Fcomments&post=1475"}],"version-history":[{"count":4,"href":"https:\/\/www.zukunft-lankwitz.de\/index.php?rest_route=\/wp\/v2\/posts\/1475\/revisions"}],"predecessor-version":[{"id":1485,"href":"https:\/\/www.zukunft-lankwitz.de\/index.php?rest_route=\/wp\/v2\/posts\/1475\/revisions\/1485"}],"wp:attachment":[{"href":"https:\/\/www.zukunft-lankwitz.de\/index.php?rest_route=%2Fwp%2Fv2%2Fmedia&parent=1475"}],"wp:term":[{"taxonomy":"category","embeddable":true,"href":"https:\/\/www.zukunft-lankwitz.de\/index.php?rest_route=%2Fwp%2Fv2%2Fcategories&post=1475"},{"taxonomy":"post_tag","embeddable":true,"href":"https:\/\/www.zukunft-lankwitz.de\/index.php?rest_route=%2Fwp%2Fv2%2Ftags&post=1475"}],"curies":[{"name":"wp","href":"https:\/\/api.w.org\/{rel}","templated":true}]}}