{"id":155,"date":"2014-10-07T10:00:51","date_gmt":"2014-10-07T08:00:51","guid":{"rendered":"http:\/\/www.zukunft-lankwitz.de\/?p=155"},"modified":"2015-03-01T17:18:02","modified_gmt":"2015-03-01T16:18:02","slug":"es-bewegt-sich-was-im-kiez","status":"publish","type":"post","link":"https:\/\/www.zukunft-lankwitz.de\/?p=155","title":{"rendered":"Es bewegt sich was im Kiez"},"content":{"rendered":"<p><img loading=\"lazy\" decoding=\"async\" class=\"alignleft wp-image-158 size-medium\" src=\"http:\/\/www.zukunft-lankwitz.de\/wp-content\/uploads\/2014\/10\/20140930_092804-225x300.jpg\" alt=\"20140930_092804\" width=\"225\" height=\"300\" data-wp-pid=\"158\" srcset=\"https:\/\/www.zukunft-lankwitz.de\/wp-content\/uploads\/2014\/10\/20140930_092804-225x300.jpg 225w, https:\/\/www.zukunft-lankwitz.de\/wp-content\/uploads\/2014\/10\/20140930_092804-768x1024.jpg 768w, https:\/\/www.zukunft-lankwitz.de\/wp-content\/uploads\/2014\/10\/20140930_092804-624x831.jpg 624w, https:\/\/www.zukunft-lankwitz.de\/wp-content\/uploads\/2014\/10\/20140930_092804-600x800.jpg 600w, https:\/\/www.zukunft-lankwitz.de\/wp-content\/uploads\/2014\/10\/20140930_092804.jpg 1000w\" sizes=\"auto, (max-width: 225px) 100vw, 225px\" \/><\/p>\n<p>In den letzten Wochen nach dem Marktplatz der Ideen hat sich in unserem Kiez schon eine Menge getan. Das Engagement daf\u00fcr war vielseitig. Ein gro\u00dfteil hat das Natur und Gr\u00fcnfl\u00e4chenamt erledigt, aber auch engagierte Vertreterinnen und Vertreter aus der Bezirks- und Landespolitik waren aktiv im Kiez unterweges um ihn ein bi\u00dfchen sch\u00f6ner zu machen.<\/p>\n<p>&nbsp;<\/p>\n<p>&nbsp;<\/p>\n<p>&nbsp;<\/p>\n<p><img loading=\"lazy\" decoding=\"async\" class=\"alignright wp-image-161 \" src=\"http:\/\/www.zukunft-lankwitz.de\/wp-content\/uploads\/2014\/10\/20140930_093058-225x300.jpg\" alt=\"20140930_093058\" width=\"158\" height=\"211\" data-wp-pid=\"161\" srcset=\"https:\/\/www.zukunft-lankwitz.de\/wp-content\/uploads\/2014\/10\/20140930_093058-225x300.jpg 225w, https:\/\/www.zukunft-lankwitz.de\/wp-content\/uploads\/2014\/10\/20140930_093058-768x1024.jpg 768w, https:\/\/www.zukunft-lankwitz.de\/wp-content\/uploads\/2014\/10\/20140930_093058-624x831.jpg 624w, https:\/\/www.zukunft-lankwitz.de\/wp-content\/uploads\/2014\/10\/20140930_093058-600x800.jpg 600w, https:\/\/www.zukunft-lankwitz.de\/wp-content\/uploads\/2014\/10\/20140930_093058.jpg 1000w\" sizes=\"auto, (max-width: 158px) 100vw, 158px\" \/><\/p>\n<p>Das Natur und Gr\u00fcnfl\u00e4chenamt hat den Park hinter dem Rathaus Lankwitz, incl. den Weg der zum Fu\u00dfg\u00e4nger\u00fcberweg\u00a0in der Nicolaistra\u00dfe f\u00fchrt bearbeitet. Das <img loading=\"lazy\" decoding=\"async\" class=\"alignright wp-image-157 \" src=\"http:\/\/www.zukunft-lankwitz.de\/wp-content\/uploads\/2014\/10\/20140930_093003-225x300.jpg\" alt=\"20140930_093003\" width=\"158\" height=\"211\" data-wp-pid=\"157\" srcset=\"https:\/\/www.zukunft-lankwitz.de\/wp-content\/uploads\/2014\/10\/20140930_093003-225x300.jpg 225w, https:\/\/www.zukunft-lankwitz.de\/wp-content\/uploads\/2014\/10\/20140930_093003-768x1024.jpg 768w, https:\/\/www.zukunft-lankwitz.de\/wp-content\/uploads\/2014\/10\/20140930_093003-624x832.jpg 624w, https:\/\/www.zukunft-lankwitz.de\/wp-content\/uploads\/2014\/10\/20140930_093003-600x800.jpg 600w\" sizes=\"auto, (max-width: 158px) 100vw, 158px\" \/>grosse Rosenbeet ist von Wildkraut befreit, sodass man die Rosen wieder sehen kann, und einiger der Lampen auf dem Weg k\u00f6nnen wieder leuchten da sie nicht mehr zugewachsen sind. Was speziell in der dunklen Jahreszeit ein wirklicher gewinn ist, da es den Weg ein bi\u00dfchen sicherer macht.<\/p>\n<p><img loading=\"lazy\" decoding=\"async\" class=\"alignright wp-image-159 size-medium\" src=\"http:\/\/www.zukunft-lankwitz.de\/wp-content\/uploads\/2014\/10\/20140930_093926-300x225.jpg\" alt=\"20140930_093926\" width=\"300\" height=\"225\" data-wp-pid=\"159\" srcset=\"https:\/\/www.zukunft-lankwitz.de\/wp-content\/uploads\/2014\/10\/20140930_093926-300x225.jpg 300w, https:\/\/www.zukunft-lankwitz.de\/wp-content\/uploads\/2014\/10\/20140930_093926-624x468.jpg 624w, https:\/\/www.zukunft-lankwitz.de\/wp-content\/uploads\/2014\/10\/20140930_093926-800x600.jpg 800w, https:\/\/www.zukunft-lankwitz.de\/wp-content\/uploads\/2014\/10\/20140930_093926.jpg 1000w\" sizes=\"auto, (max-width: 300px) 100vw, 300px\" \/>Rund um den S-Bahnhof Lankwitz und dem Rosengarten waren am 13. September war die SPD Lankwitz unterwegs mit Herrn\u00a0Jan St\u00f6\u00df, der Landesvorsitzenden der SPD.<\/p>\n<p>Wer mehr dar\u00fcber wissen mag, den m\u00f6chten wir einladen im <a href=\"http:\/\/kiezreport.blogspot.de\/2014\/09\/jan-sto-ist-ein-kehrenburger-von.html\" target=\"_blank\">Blog vom Kiez-Report <\/a>sich einen kleinen aber <a href=\"http:\/\/kiezreport.blogspot.de\/2014\/09\/jan-sto-ist-ein-kehrenburger-von.html\" target=\"_blank\">knackigen Bericht dazu anzuschauen<\/a>. Nebenbei bemerkt gibt es in diesem Blog noch viele andere Interessante Beitr\u00e4ge zum Kiez. Schauen Sie einfach mal rein&#8230;<\/p>\n<p><a href=\"http:\/\/kiezreport.blogspot.de\" target=\"_blank\"><img loading=\"lazy\" decoding=\"async\" class=\"alignleft wp-image-160\" src=\"http:\/\/www.zukunft-lankwitz.de\/wp-content\/uploads\/2014\/10\/kiezreportlogo.jpg\" alt=\"kiezreportlogo\" width=\"116\" height=\"102\" data-wp-pid=\"160\" \/><\/a><\/p>\n<p>&nbsp;<\/p>\n<p><a href=\"http:\/\/kiezreport.blogspot.de\" target=\"_blank\">http:\/\/kiezreport.blogspot.de<\/a><\/p>\n<p>&nbsp;<\/p>\n<p>Auch im Rosengarten hat sich eine Menge bewegt. Es sind wie \u00fcber Nacht alle B\u00e4nke wieder da, und werden rege benutzt. Die Hecken sind beschnitten und die kleinen und grossen\u00a0K\u00e4segl\u00f6ckner haben sich nun rangemacht die Rosenbeete sch\u00f6n zu machen und in den n\u00e4chsten Wochen f\u00fcr den Winter vorzubereiten. Es bewegt sich was im Kiez und das ist gut so. Nur wir alle gemeinsam k\u00f6nnen es schaffen. Helfen Sie mit auf die eine oder andere Weise. Unser Kiez geht uns alle an.<\/p>\n<p>&nbsp;<\/p>\n<div style=\"padding-bottom:10px; padding-top:5px;\" class=\"hupso-share-buttons\"><!-- Hupso Share Buttons - https:\/\/www.hupso.com\/share\/ --><a class=\"hupso_toolbar\" href=\"https:\/\/www.hupso.com\/share\/\"><img decoding=\"async\" src=\"https:\/\/static.hupso.com\/share\/buttons\/lang\/de\/share-medium.png\" style=\"border:0px; padding-top: 5px; float:left;\" alt=\"Share Button\"\/><\/a><script type=\"text\/javascript\">var hupso_services_t=new Array(\"Twitter\",\"Facebook\",\"Google Plus\");var hupso_background_t=\"#EAF4FF\";var hupso_border_t=\"#66CCFF\";var hupso_toolbar_size_t=\"medium\";var hupso_image_folder_url = \"\";var hupso_url_t=\"\";var hupso_title_t=\"Es%20bewegt%20sich%20was%20im%20Kiez\";<\/script><script type=\"text\/javascript\" src=\"https:\/\/static.hupso.com\/share\/js\/share_toolbar.js\"><\/script><!-- Hupso Share Buttons --><\/div>","protected":false},"excerpt":{"rendered":"<p>In den letzten Wochen nach dem Marktplatz der Ideen hat sich in unserem Kiez schon eine Menge getan. Das Engagement daf\u00fcr war vielseitig. Ein gro\u00dfteil hat das Natur und Gr\u00fcnfl\u00e4chenamt erledigt, aber auch engagierte Vertreterinnen und Vertreter aus der Bezirks- und Landespolitik waren aktiv im Kiez unterweges um ihn ein bi\u00dfchen sch\u00f6ner zu machen. &nbsp; [&hellip;]<\/p>\n<div style=\"padding-bottom:10px; padding-top:5px;\" class=\"hupso-share-buttons\"><!-- Hupso Share Buttons - https:\/\/www.hupso.com\/share\/ --><a class=\"hupso_toolbar\" href=\"https:\/\/www.hupso.com\/share\/\"><img src=\"https:\/\/static.hupso.com\/share\/buttons\/lang\/de\/share-medium.png\" style=\"border:0px; padding-top: 5px; float:left;\" alt=\"Share Button\"\/><\/a><script type=\"text\/javascript\">var hupso_services_t=new Array(\"Twitter\",\"Facebook\",\"Google Plus\");var hupso_background_t=\"#EAF4FF\";var hupso_border_t=\"#66CCFF\";var hupso_toolbar_size_t=\"medium\";var hupso_image_folder_url = \"\";var hupso_url_t=\"\";var hupso_title_t=\"Es%20bewegt%20sich%20was%20im%20Kiez\";<\/script><script type=\"text\/javascript\" src=\"https:\/\/static.hupso.com\/share\/js\/share_toolbar.js\"><\/script><!-- Hupso Share Buttons --><\/div>","protected":false},"author":2,"featured_media":0,"comment_status":"open","ping_status":"open","sticky":false,"template":"","format":"standard","meta":{"footnotes":""},"categories":[1,2,117],"tags":[193,40,27,39,38,42,41],"class_list":["post-155","post","type-post","status-publish","format-standard","hentry","category-allgemein","category-lankwitz","category-marktplatz-der-ideen","tag-lankwitz","tag-laternen","tag-natur-und-gruenflaechen","tag-rathaus-lankwitz","tag-rosengarten","tag-steglitz-zehlendorf","tag-wildkraut"],"_links":{"self":[{"href":"https:\/\/www.zukunft-lankwitz.de\/index.php?rest_route=\/wp\/v2\/posts\/155","targetHints":{"allow":["GET"]}}],"collection":[{"href":"https:\/\/www.zukunft-lankwitz.de\/index.php?rest_route=\/wp\/v2\/posts"}],"about":[{"href":"https:\/\/www.zukunft-lankwitz.de\/index.php?rest_route=\/wp\/v2\/types\/post"}],"author":[{"embeddable":true,"href":"https:\/\/www.zukunft-lankwitz.de\/index.php?rest_route=\/wp\/v2\/users\/2"}],"replies":[{"embeddable":true,"href":"https:\/\/www.zukunft-lankwitz.de\/index.php?rest_route=%2Fwp%2Fv2%2Fcomments&post=155"}],"version-history":[{"count":2,"href":"https:\/\/www.zukunft-lankwitz.de\/index.php?rest_route=\/wp\/v2\/posts\/155\/revisions"}],"predecessor-version":[{"id":163,"href":"https:\/\/www.zukunft-lankwitz.de\/index.php?rest_route=\/wp\/v2\/posts\/155\/revisions\/163"}],"wp:attachment":[{"href":"https:\/\/www.zukunft-lankwitz.de\/index.php?rest_route=%2Fwp%2Fv2%2Fmedia&parent=155"}],"wp:term":[{"taxonomy":"category","embeddable":true,"href":"https:\/\/www.zukunft-lankwitz.de\/index.php?rest_route=%2Fwp%2Fv2%2Fcategories&post=155"},{"taxonomy":"post_tag","embeddable":true,"href":"https:\/\/www.zukunft-lankwitz.de\/index.php?rest_route=%2Fwp%2Fv2%2Ftags&post=155"}],"curies":[{"name":"wp","href":"https:\/\/api.w.org\/{rel}","templated":true}]}}