{"id":195,"date":"2014-11-05T10:54:25","date_gmt":"2014-11-05T08:54:25","guid":{"rendered":"http:\/\/www.zukunft-lankwitz.de\/?p=195"},"modified":"2014-11-05T10:55:40","modified_gmt":"2014-11-05T08:55:40","slug":"wohnraumbuendniss-laed-zum-werkstattgespraech-ein","status":"publish","type":"post","link":"https:\/\/www.zukunft-lankwitz.de\/?p=195","title":{"rendered":"Wohnraumb\u00fcndniss l\u00e4d zum Werkstattgespr\u00e4ch ein"},"content":{"rendered":"<p>Das B\u00fcndnis f\u00fcr ausreichend bezahlbaren Wohnraum\u00a0Steglitz-Zehlendorf l\u00e4d zum ersten Werkstattgespr\u00e4ch ein:<\/p>\n<p><strong>Wohnen im Vauban<\/strong><\/p>\n<p>und einer Diskussion mit dem Regisseur des Films und Kenner des Projekts<br \/>\n<strong>Reinhold Prigge<\/strong><br \/>\nam <strong>Montag, den 17.11.2014<\/strong><br \/>\nab <strong>18:00 Uhr <\/strong><br \/>\nim <strong>Raum 301 des Rathauses Steglitz<\/strong>.<\/p>\n<p>Weitere Informationen finden Sie im Blog des B\u00fcndnis f\u00fcr ausreichend bezahlbaren Wohnraum Steglitz-Zehlendorf unter\u00a0<a href=\"http:\/\/www.wohnraumbuendnis-steglitz-zehlendorf.de\/\" target=\"_blank\">www.wohnraumbuendnis-steglitz-zehlendorf.de\/<\/a><\/p>\n<p>&nbsp;<\/p>\n<div style=\"padding-bottom:10px; padding-top:5px;\" class=\"hupso-share-buttons\"><!-- Hupso Share Buttons - https:\/\/www.hupso.com\/share\/ --><a class=\"hupso_toolbar\" href=\"https:\/\/www.hupso.com\/share\/\"><img decoding=\"async\" src=\"https:\/\/static.hupso.com\/share\/buttons\/lang\/de\/share-medium.png\" style=\"border:0px; padding-top: 5px; float:left;\" alt=\"Share Button\"\/><\/a><script type=\"text\/javascript\">var hupso_services_t=new Array(\"Twitter\",\"Facebook\",\"Google Plus\");var hupso_background_t=\"#EAF4FF\";var hupso_border_t=\"#66CCFF\";var hupso_toolbar_size_t=\"medium\";var hupso_image_folder_url = \"\";var hupso_url_t=\"\";var hupso_title_t=\"Wohnraumb%C3%BCndniss%20l%C3%A4d%20zum%20Werkstattgespr%C3%A4ch%20ein\";<\/script><script type=\"text\/javascript\" src=\"https:\/\/static.hupso.com\/share\/js\/share_toolbar.js\"><\/script><!-- Hupso Share Buttons --><\/div>","protected":false},"excerpt":{"rendered":"<p>Das B\u00fcndnis f\u00fcr ausreichend bezahlbaren Wohnraum\u00a0Steglitz-Zehlendorf l\u00e4d zum ersten Werkstattgespr\u00e4ch ein: Wohnen im Vauban und einer Diskussion mit dem Regisseur des Films und Kenner des Projekts Reinhold Prigge am Montag, den 17.11.2014 ab 18:00 Uhr im Raum 301 des Rathauses Steglitz. Weitere Informationen finden Sie im Blog des B\u00fcndnis f\u00fcr ausreichend bezahlbaren Wohnraum Steglitz-Zehlendorf unter\u00a0www.wohnraumbuendnis-steglitz-zehlendorf.de\/ [&hellip;]<\/p>\n<div style=\"padding-bottom:10px; padding-top:5px;\" class=\"hupso-share-buttons\"><!-- Hupso Share Buttons - https:\/\/www.hupso.com\/share\/ --><a class=\"hupso_toolbar\" href=\"https:\/\/www.hupso.com\/share\/\"><img src=\"https:\/\/static.hupso.com\/share\/buttons\/lang\/de\/share-medium.png\" style=\"border:0px; padding-top: 5px; float:left;\" alt=\"Share Button\"\/><\/a><script type=\"text\/javascript\">var hupso_services_t=new Array(\"Twitter\",\"Facebook\",\"Google Plus\");var hupso_background_t=\"#EAF4FF\";var hupso_border_t=\"#66CCFF\";var hupso_toolbar_size_t=\"medium\";var hupso_image_folder_url = \"\";var hupso_url_t=\"\";var hupso_title_t=\"Wohnraumb%C3%BCndniss%20l%C3%A4d%20zum%20Werkstattgespr%C3%A4ch%20ein\";<\/script><script type=\"text\/javascript\" src=\"https:\/\/static.hupso.com\/share\/js\/share_toolbar.js\"><\/script><!-- Hupso Share Buttons --><\/div>","protected":false},"author":2,"featured_media":0,"comment_status":"open","ping_status":"open","sticky":false,"template":"","format":"standard","meta":{"footnotes":""},"categories":[52,4],"tags":[58,56,57,16],"class_list":["post-195","post","type-post","status-publish","format-standard","hentry","category-veranstaltungen","category-wohnen","tag-freiburg","tag-reinhold-prigge","tag-vauban","tag-wohnraumbuendnis"],"_links":{"self":[{"href":"https:\/\/www.zukunft-lankwitz.de\/index.php?rest_route=\/wp\/v2\/posts\/195","targetHints":{"allow":["GET"]}}],"collection":[{"href":"https:\/\/www.zukunft-lankwitz.de\/index.php?rest_route=\/wp\/v2\/posts"}],"about":[{"href":"https:\/\/www.zukunft-lankwitz.de\/index.php?rest_route=\/wp\/v2\/types\/post"}],"author":[{"embeddable":true,"href":"https:\/\/www.zukunft-lankwitz.de\/index.php?rest_route=\/wp\/v2\/users\/2"}],"replies":[{"embeddable":true,"href":"https:\/\/www.zukunft-lankwitz.de\/index.php?rest_route=%2Fwp%2Fv2%2Fcomments&post=195"}],"version-history":[{"count":3,"href":"https:\/\/www.zukunft-lankwitz.de\/index.php?rest_route=\/wp\/v2\/posts\/195\/revisions"}],"predecessor-version":[{"id":198,"href":"https:\/\/www.zukunft-lankwitz.de\/index.php?rest_route=\/wp\/v2\/posts\/195\/revisions\/198"}],"wp:attachment":[{"href":"https:\/\/www.zukunft-lankwitz.de\/index.php?rest_route=%2Fwp%2Fv2%2Fmedia&parent=195"}],"wp:term":[{"taxonomy":"category","embeddable":true,"href":"https:\/\/www.zukunft-lankwitz.de\/index.php?rest_route=%2Fwp%2Fv2%2Fcategories&post=195"},{"taxonomy":"post_tag","embeddable":true,"href":"https:\/\/www.zukunft-lankwitz.de\/index.php?rest_route=%2Fwp%2Fv2%2Ftags&post=195"}],"curies":[{"name":"wp","href":"https:\/\/api.w.org\/{rel}","templated":true}]}}