{"id":199,"date":"2014-11-09T15:17:27","date_gmt":"2014-11-09T13:17:27","guid":{"rendered":"http:\/\/www.zukunft-lankwitz.de\/?p=199"},"modified":"2022-01-08T02:11:18","modified_gmt":"2022-01-08T01:11:18","slug":"bericht-vom-runden-tisch","status":"publish","type":"post","link":"https:\/\/www.zukunft-lankwitz.de\/?p=199","title":{"rendered":"Bericht vom Runden Tisch am 5.11.2014"},"content":{"rendered":"<p><img loading=\"lazy\" decoding=\"async\" class=\"alignright wp-image-180 size-medium\" src=\"http:\/\/www.zukunft-lankwitz.de\/wp-content\/uploads\/2014\/10\/FB_IMG_1413619209540-300x225.jpg\" alt=\"FB_IMG_1413619209540\" width=\"300\" height=\"225\" data-wp-pid=\"180\" srcset=\"https:\/\/www.zukunft-lankwitz.de\/wp-content\/uploads\/2014\/10\/FB_IMG_1413619209540-300x225.jpg 300w, https:\/\/www.zukunft-lankwitz.de\/wp-content\/uploads\/2014\/10\/FB_IMG_1413619209540-1024x768.jpg 1024w, https:\/\/www.zukunft-lankwitz.de\/wp-content\/uploads\/2014\/10\/FB_IMG_1413619209540-624x467.jpg 624w, https:\/\/www.zukunft-lankwitz.de\/wp-content\/uploads\/2014\/10\/FB_IMG_1413619209540-800x600.jpg 800w\" sizes=\"auto, (max-width: 300px) 100vw, 300px\" \/>Am 5.11.2014 war der letzte Runde Tisch Lankwitz-S\u00fcdende. Mit dem Schwerpunktthema Parken und Verkehr. Zu Gast war Herr Lehmann-Tag, der Leiter der Stra\u00dfenverkehrsbeh\u00f6rde. Er stellte sich allen Fragen der B\u00fcrgerinnen und B\u00fcrger und hat eine Menge Themen und Anregungen mitgenommen, und auf viele Anliegen sehr Fachm\u00e4nnisch geantwortet. Die Antworten haben vielleicht dem einen oder anderen nicht so richtig gefallen, aber das ist ja h\u00e4ufig so wenn man bei den ganzen Verordnungen und Bestimmungen nachfragt.<\/p>\n<p>Ein wichtiges Anliegen war die Kl\u00e4rung der Frage warum in einer Stra\u00dfe von der gleichen breite wie eine andere Stra\u00dfe, in der einen das halbe parken auf dem Gehweg erlaubt ist und warum in einer anderen Stra\u00dfe nicht. Beide Stra\u00dfen sind 7,04 m breit. Bei dieser breite geht der Gesetzgeber davon aus das bei zwei parkenden Autos von 2 m breite, immer noch eine Fahrgasse von 3 m \u00fcber bleibt. So gibt es kein Grund f\u00fcr Gehwegparken. Dazu kommt das es seit 1982 eine Baumschutzverordnung gibt, die das parken im Wurzelbereich verbietet. Aufgrund dessen h\u00e4tte in der gesamten Stadt das Gehwegparken abgeschafft werden m\u00fcssen. Das ist das eine \u00a0starke Argument, ein weiteres ist das die Kosten durch die befestigung von Gehwegen damit Autos darauf stehen k\u00f6nnen in der Unterhaltung sehr teuer sind, und auch nicht an alles Stellen realisierbar w\u00e4re, weil ja auch auf dem Gehweg Verkehrsteilnehmer sind mit Kinderwagen, Rollstuhl oder Rollator, die auch unbehindert ihren Weg gehen m\u00fcssen.<\/p>\n<p><!--more--><\/p>\n<p><a href=\"http:\/\/www.zukunft-lankwitz.de\/wp-content\/uploads\/2014\/11\/20140926_191122-e1415538397430.jpg\"><img loading=\"lazy\" decoding=\"async\" class=\"alignleft wp-image-200 \" src=\"http:\/\/www.zukunft-lankwitz.de\/wp-content\/uploads\/2014\/11\/20140926_191122-e1415538397430-225x300.jpg\" alt=\"20140926_191122\" width=\"272\" height=\"363\" data-wp-pid=\"200\" srcset=\"https:\/\/www.zukunft-lankwitz.de\/wp-content\/uploads\/2014\/11\/20140926_191122-e1415538397430-225x300.jpg 225w, https:\/\/www.zukunft-lankwitz.de\/wp-content\/uploads\/2014\/11\/20140926_191122-e1415538397430-768x1024.jpg 768w, https:\/\/www.zukunft-lankwitz.de\/wp-content\/uploads\/2014\/11\/20140926_191122-e1415538397430-624x832.jpg 624w, https:\/\/www.zukunft-lankwitz.de\/wp-content\/uploads\/2014\/11\/20140926_191122-e1415538397430-600x800.jpg 600w\" sizes=\"auto, (max-width: 272px) 100vw, 272px\" \/><\/a>Angesprochen wurde auch die Melanchtonstr. und die Autos die teilweise im Halteverbot halb auf dem \u00a0B\u00fcrgersteig stehen. Die Stra\u00dfe wird dadurch uneinsichtiger und die Busse kommen nicht mehr um die Ecke. Die Poller die an der Ecke eingesetzt worden sind, sind soweit von der Bordsteinkante entfernt das das halbe parken m\u00f6glich ist. Herr Lehmann-Tag erkl\u00e4rte das es auch f\u00fcr das anbringen von Pollern Bestimmungen und Mindestabst\u00e4nde gibt. Er machte auf die personelle Situation des Ordnungsamtes aufmerksam, versprach aber sich die Ecke noch einmal anzuschauen.<\/p>\n<p>Der Fahradweg in der Leonorenstra\u00dfe war auch Thema, dies ist aber keine Sache des Bezirks, sondern der Verkehrslenkung Berlin. An dieser Stelle gab es eine Anfrage und auch schon eine Antwort. Wir werden das jedoch in einem gesonderten Artikel in den n\u00e4chsten Tagen ver\u00f6ffentlichen.<\/p>\n<p>Zum Thema passend gab es im Vorfeld die Anfrage an die Polizei wegen der H\u00e4ufigkeit von Verkehrsunf\u00e4llen in Lankwitz. Das eine ist ja bekanntlich die Wahrnehmung und das andere sind die tats\u00e4chlichen Zahlen. Es gibt keine signifikante steigerung der Verkehrsunf\u00e4lle. Es ist jedoch so das es eine Begehung der Kreuzung an der Lankwitz-Kirche gab um zu schauen wie man diese Kreuzung f\u00fcr alle Verkehrsteilnehmer sicherer gestalten kann. Die erste Ma\u00dfnahme ist das Gitter in der Leonorenstra\u00dfe vor dem Eingang von DM wurde entfernt. Auf diese Art und Weise haben die Autofahrer eine besserer Einsicht ob ein Radfahrer oder F\u00fc\u00dfg\u00e4nger kommt, da seine Sicht nicht mehr durch abgestellte Fahrr\u00e4der verdeckt wird. Weitere Ma\u00dfnahmen sollen folgen, um diesen Unfallschwerpunkt in Lankwitz zu entsch\u00e4rfen.<\/p>\n<div id=\"attachment_201\" style=\"width: 310px\" class=\"wp-caption alignleft\"><a href=\"http:\/\/www.zukunft-lankwitz.de\/wp-content\/uploads\/2014\/11\/gemuese2.jpg\"><img loading=\"lazy\" decoding=\"async\" aria-describedby=\"caption-attachment-201\" class=\"wp-image-201 size-medium\" src=\"http:\/\/www.zukunft-lankwitz.de\/wp-content\/uploads\/2014\/11\/gemuese2-300x165.jpg\" alt=\"Quelle: Kiez-Report Beitrag 1.11.2014\" width=\"300\" height=\"165\" data-wp-pid=\"201\" srcset=\"https:\/\/www.zukunft-lankwitz.de\/wp-content\/uploads\/2014\/11\/gemuese2-300x165.jpg 300w, https:\/\/www.zukunft-lankwitz.de\/wp-content\/uploads\/2014\/11\/gemuese2-624x344.jpg 624w, https:\/\/www.zukunft-lankwitz.de\/wp-content\/uploads\/2014\/11\/gemuese2.jpg 627w\" sizes=\"auto, (max-width: 300px) 100vw, 300px\" \/><\/a><p id=\"caption-attachment-201\" class=\"wp-caption-text\">Quelle: Kiez-Report Beitrag 1.11.2014<\/p><\/div>\n<p>Ein weiteres Thema beim Runden Tisch war der Gem\u00fcsestand an der Lankwitz-Kirche. Herr Lehmann-Tag erkl\u00e4rte wieso, warum, weshalb es nicht weiter gehen kann an dieser Stelle. Stellte dar wogegen der H\u00e4ndler verstossen hat und was die Konsequenzen sind. Herr T. war in Vertretung seiner Frau, welche die Betreiberin den Gem\u00fcsestandes ist anwesend und stellte die Frage, warum die Ordnungsamtsmitarbeiter ihm nicht gesagt haben was er falsch gemacht. Das wu\u00dfte Herr Lehmann-Tag nicht zu beantworten, und r\u00e4umte ein das dies schief gelaufen sei. Nach einer l\u00e4ngeren Diskussion wurde verabredet das es einen Vororttermin geben soll um gemeinsam zu schauen an welcher Stelle an der Lankwitz-Kirche es m\u00f6glich w\u00e4re einen Obst- und Gem\u00fcsestand zu instalieren. Herr Lehmann-Tag sagte deutlich, er hat nichts gegen einen Obst- und Gem\u00fcsestand, aber an dieser Stelle geht es nicht. Wieso nach 50 Jahren ohne bauliche Ver\u00e4nderung der Ecke es nicht mehr geht. Diese Frage konnte nicht gekl\u00e4rt werden, aber vielleicht ergibt eine Ortsbegehung kl\u00e4rung. Wir werden Sie auf dem laufenden halten.<\/p>\n<p><a href=\"http:\/\/www.zukunft-lankwitz.de\/wp-content\/uploads\/2014\/11\/20141013_180843.jpg\"><img loading=\"lazy\" decoding=\"async\" class=\"alignright wp-image-202 size-medium\" src=\"http:\/\/www.zukunft-lankwitz.de\/wp-content\/uploads\/2014\/11\/20141013_180843-300x225.jpg\" alt=\"20141013_180843\" width=\"300\" height=\"225\" data-wp-pid=\"202\" srcset=\"https:\/\/www.zukunft-lankwitz.de\/wp-content\/uploads\/2014\/11\/20141013_180843-300x225.jpg 300w, https:\/\/www.zukunft-lankwitz.de\/wp-content\/uploads\/2014\/11\/20141013_180843-1024x768.jpg 1024w, https:\/\/www.zukunft-lankwitz.de\/wp-content\/uploads\/2014\/11\/20141013_180843-624x467.jpg 624w, https:\/\/www.zukunft-lankwitz.de\/wp-content\/uploads\/2014\/11\/20141013_180843-800x600.jpg 800w\" sizes=\"auto, (max-width: 300px) 100vw, 300px\" \/><\/a>Als letztes Thema wurde \u00fcber die verschiedenen Projekte die aus dem Marktplatz der Ideen entstanden sind gesprochen und es gab einiges zu berichten. Hier in diesem Bericht nur ganz kurz und in den n\u00e4chsten Tagen ausf\u00fchrlicher. Der Spielplatz der Generationen wird kommen. Das Natur und Gr\u00fcnfl\u00e4chenamt hat sein ok gegeben und nun m\u00fcssen nur noch Ideen zur finanzierung entwickelt werden. Ein erster kleiner Schritt, wir d\u00fcrfen alle gespannt sein. Auch f\u00fcr die Kids mit der Rutsche f\u00fcr den Spielplatz im Rosengarten gab es erste kleine Erfolge. Sie haben \u00fcber den Kinder und Jugendhaushalt des Bezirksamtes Steglitz-Zehlendorf 1000 Euro bekommen f\u00fcr ihr Vorhaben. Im Fr\u00fchjahr 2015 soll die Idee wenn alles gut geht umgesetzt werden.<\/p>\n<p>Das war in aller k\u00fcrze ein Bericht vom Runden Tisch Lankwitz-S\u00fcdende. Der n\u00e4chste Runde Tisch wird am 17.12.2014 um 18.00 Uhr im Kinder-, Jugend- und Familientreff K\u00e4seglocke stattfinden. Ein Schwerpunktthema wird neben der Planung 2015 der Spielplatz der Generationen sein.<\/p>\n<p>&nbsp;<\/p>\n<div style=\"padding-bottom:10px; padding-top:5px;\" class=\"hupso-share-buttons\"><!-- Hupso Share Buttons - https:\/\/www.hupso.com\/share\/ --><a class=\"hupso_toolbar\" href=\"https:\/\/www.hupso.com\/share\/\"><img decoding=\"async\" src=\"https:\/\/static.hupso.com\/share\/buttons\/lang\/de\/share-medium.png\" style=\"border:0px; padding-top: 5px; float:left;\" alt=\"Share Button\"\/><\/a><script type=\"text\/javascript\">var hupso_services_t=new Array(\"Twitter\",\"Facebook\",\"Google Plus\");var hupso_background_t=\"#EAF4FF\";var hupso_border_t=\"#66CCFF\";var hupso_toolbar_size_t=\"medium\";var hupso_image_folder_url = \"\";var hupso_url_t=\"\";var hupso_title_t=\"Bericht%20vom%20Runden%20Tisch%20am%205.11.2014\";<\/script><script type=\"text\/javascript\" src=\"https:\/\/static.hupso.com\/share\/js\/share_toolbar.js\"><\/script><!-- Hupso Share Buttons --><\/div>","protected":false},"excerpt":{"rendered":"<p>Am 5.11.2014 war der letzte Runde Tisch Lankwitz-S\u00fcdende. Mit dem Schwerpunktthema Parken und Verkehr. Zu Gast war Herr Lehmann-Tag, der Leiter der Stra\u00dfenverkehrsbeh\u00f6rde. Er stellte sich allen Fragen der B\u00fcrgerinnen und B\u00fcrger und hat eine Menge Themen und Anregungen mitgenommen, und auf viele Anliegen sehr Fachm\u00e4nnisch geantwortet. Die Antworten haben vielleicht dem einen oder anderen [&hellip;]<\/p>\n<div style=\"padding-bottom:10px; padding-top:5px;\" class=\"hupso-share-buttons\"><!-- Hupso Share Buttons - https:\/\/www.hupso.com\/share\/ --><a class=\"hupso_toolbar\" href=\"https:\/\/www.hupso.com\/share\/\"><img src=\"https:\/\/static.hupso.com\/share\/buttons\/lang\/de\/share-medium.png\" style=\"border:0px; padding-top: 5px; float:left;\" alt=\"Share Button\"\/><\/a><script type=\"text\/javascript\">var hupso_services_t=new Array(\"Twitter\",\"Facebook\",\"Google Plus\");var hupso_background_t=\"#EAF4FF\";var hupso_border_t=\"#66CCFF\";var hupso_toolbar_size_t=\"medium\";var hupso_image_folder_url = \"\";var hupso_url_t=\"\";var hupso_title_t=\"Bericht%20vom%20Runden%20Tisch%20am%205.11.2014\";<\/script><script type=\"text\/javascript\" src=\"https:\/\/static.hupso.com\/share\/js\/share_toolbar.js\"><\/script><!-- Hupso Share Buttons --><\/div>","protected":false},"author":2,"featured_media":0,"comment_status":"open","ping_status":"open","sticky":false,"template":"","format":"standard","meta":{"footnotes":""},"categories":[1,2,3],"tags":[44,59,61,51,38,25,60,50],"class_list":["post-199","post","type-post","status-publish","format-standard","hentry","category-allgemein","category-lankwitz","category-runder-tisch","tag-spielplatz-der-generationen","tag-bericht","tag-lehmann-tag","tag-parken","tag-rosengarten","tag-runder-tisch-lankwitz-suedende","tag-rutsche","tag-verkehr"],"_links":{"self":[{"href":"https:\/\/www.zukunft-lankwitz.de\/index.php?rest_route=\/wp\/v2\/posts\/199","targetHints":{"allow":["GET"]}}],"collection":[{"href":"https:\/\/www.zukunft-lankwitz.de\/index.php?rest_route=\/wp\/v2\/posts"}],"about":[{"href":"https:\/\/www.zukunft-lankwitz.de\/index.php?rest_route=\/wp\/v2\/types\/post"}],"author":[{"embeddable":true,"href":"https:\/\/www.zukunft-lankwitz.de\/index.php?rest_route=\/wp\/v2\/users\/2"}],"replies":[{"embeddable":true,"href":"https:\/\/www.zukunft-lankwitz.de\/index.php?rest_route=%2Fwp%2Fv2%2Fcomments&post=199"}],"version-history":[{"count":4,"href":"https:\/\/www.zukunft-lankwitz.de\/index.php?rest_route=\/wp\/v2\/posts\/199\/revisions"}],"predecessor-version":[{"id":206,"href":"https:\/\/www.zukunft-lankwitz.de\/index.php?rest_route=\/wp\/v2\/posts\/199\/revisions\/206"}],"wp:attachment":[{"href":"https:\/\/www.zukunft-lankwitz.de\/index.php?rest_route=%2Fwp%2Fv2%2Fmedia&parent=199"}],"wp:term":[{"taxonomy":"category","embeddable":true,"href":"https:\/\/www.zukunft-lankwitz.de\/index.php?rest_route=%2Fwp%2Fv2%2Fcategories&post=199"},{"taxonomy":"post_tag","embeddable":true,"href":"https:\/\/www.zukunft-lankwitz.de\/index.php?rest_route=%2Fwp%2Fv2%2Ftags&post=199"}],"curies":[{"name":"wp","href":"https:\/\/api.w.org\/{rel}","templated":true}]}}