{"id":3400,"date":"2023-11-01T14:54:05","date_gmt":"2023-11-01T13:54:05","guid":{"rendered":"https:\/\/www.zukunft-lankwitz.de\/?p=3400"},"modified":"2023-11-06T12:31:43","modified_gmt":"2023-11-06T11:31:43","slug":"wir-melden-uns-zurueck","status":"publish","type":"post","link":"https:\/\/www.zukunft-lankwitz.de\/?p=3400","title":{"rendered":"Wir melden uns zur\u00fcck"},"content":{"rendered":"<p>In den letzten Jahren war es hier sehr ruhig. Das soll sich aber nun wieder \u00e4ndern. Wir werden versuchen regelm\u00e4\u00dfig neue Artikel hochzuladen zu den unterschiedlichsten Themen im Kiez.<\/p>\n<p><a href=\"http:\/\/www.zukunft-lankwitz.de\/wp-content\/uploads\/2023\/11\/logo-neu-11-22.png\"><img loading=\"lazy\" decoding=\"async\" class=\"alignnone size-full wp-image-3401\" src=\"http:\/\/www.zukunft-lankwitz.de\/wp-content\/uploads\/2023\/11\/logo-neu-11-22.png\" alt=\"\" width=\"1620\" height=\"1179\" srcset=\"https:\/\/www.zukunft-lankwitz.de\/wp-content\/uploads\/2023\/11\/logo-neu-11-22.png 1620w, https:\/\/www.zukunft-lankwitz.de\/wp-content\/uploads\/2023\/11\/logo-neu-11-22-300x218.png 300w, https:\/\/www.zukunft-lankwitz.de\/wp-content\/uploads\/2023\/11\/logo-neu-11-22-1024x745.png 1024w, https:\/\/www.zukunft-lankwitz.de\/wp-content\/uploads\/2023\/11\/logo-neu-11-22-768x559.png 768w, https:\/\/www.zukunft-lankwitz.de\/wp-content\/uploads\/2023\/11\/logo-neu-11-22-1536x1118.png 1536w, https:\/\/www.zukunft-lankwitz.de\/wp-content\/uploads\/2023\/11\/logo-neu-11-22-624x454.png 624w\" sizes=\"auto, (max-width: 1620px) 100vw, 1620px\" \/><\/a><\/p>\n<p>F\u00fcr das kommende Jahr haben wir uns ein besonderes Projekt &#8222;Rede mit in Lankwitz&#8220; ausgedacht. Hier eine kleine \u00dcbersicht:<\/p>\n<p><strong>Lankwitzer Salon<\/strong><br \/>\n&#8211; lockere Talkrunde<br \/>\n&#8211; Spannende G\u00e4ste aus Politik, Kultur, Gewerbe und Sport<\/p>\n<p>Datum: 01.12.2023<br \/>\nZeit: 18.00 &#8211; 20.00 Uhr<br \/>\nOrt: KiJuFam K\u00e4seglocke<br \/>\nLeonorenstr. 65<br \/>\n12247 Berlin<\/p>\n<p>Um Anmeldung wird gebeten: <a href=\"https:\/\/www.zukunft-lankwitz.de\/?page_id=3402\">Anmeldung<\/a><\/p>\n<p><strong><a href=\"http:\/\/www.zukunft-lankwitz.de\/wp-content\/uploads\/2023\/11\/wand.png\"><img loading=\"lazy\" decoding=\"async\" class=\" wp-image-3405 alignleft\" src=\"http:\/\/www.zukunft-lankwitz.de\/wp-content\/uploads\/2023\/11\/wand.png\" alt=\"\" width=\"328\" height=\"278\" srcset=\"https:\/\/www.zukunft-lankwitz.de\/wp-content\/uploads\/2023\/11\/wand.png 581w, https:\/\/www.zukunft-lankwitz.de\/wp-content\/uploads\/2023\/11\/wand-300x254.png 300w\" sizes=\"auto, (max-width: 328px) 100vw, 328px\" \/><\/a>Rede mit in Lankwitz toGo<\/strong><br \/>\n&#8211; eine Frage &#8211; viele Gedanken<br \/>\n&#8211; kommen Sie vorbei und bringen sich ein<\/p>\n<p><em>1. Frage: Was w\u00fcnschen Sie sich f\u00fcr Lankwitz?<\/em><\/p>\n<p>Datum: 16.12.2023<br \/>\nZeit: 13.00 &#8211; 17.00 Uhr<br \/>\nOrt: KiJuFam K\u00e4seglocke<br \/>\nLeonorenstr. 65<br \/>\n12247 Berlin<\/p>\n<p><em>2. Frage: Was fehlt auf dem Markt Lankwitz?<\/em><\/p>\n<p>Datum: 22.03.2024<br \/>\nZeit: 09.00 &#8211; 12.00 Uhr<br \/>\nOrt: Markt Lankwitz<br \/>\nHanna &#8211; Renate Laurien Platz<br \/>\nS-Bahnhof Lankwitz<\/p>\n<p>&nbsp;<\/p>\n<p><strong>Fish &#8211; Bowl<\/strong><br \/>\n&#8211; ein Thema aus dem Kiez<br \/>\n&#8211; Diskussionsrunde<br \/>\n&#8211; spannende G\u00e4ste aus gegens\u00e4tzlichen Perspektiven<\/p>\n<p>Datum: 24.05.2024<br \/>\nZeit: 18.00 &#8211; 20.00 Uhr<br \/>\nOrt: steht noch nicht fest<\/p>\n<p>Um Anmeldung wird gebeten: <a href=\"https:\/\/www.zukunft-lankwitz.de\/?page_id=3402\">Anmeldung<\/a><\/p>\n<p><strong>Rede mit in Lankwitz &#8211; Finale<\/strong><br \/>\n&#8211; Kritik, W\u00fcnsche und Ideen<br \/>\n&#8211; Bringen Sie sich ein und gestalten Sie den Kiez mit<\/p>\n<p>Datum: 18.10.2024 &#8211; 16.00 &#8211; 20.00 Uhr<br \/>\n19.10.2024 &#8211; 12.00 &#8211; 18.00 Uhr<br \/>\nOrt: KiJuFam K\u00e4seglocke<br \/>\nLeonorenstr. 65<br \/>\n12247 Berlin<\/p>\n<p>In den n\u00e4chsten Wochen werden wir mehr berichten. Bleiben Sie dran.<\/p>\n<p>&nbsp;<\/p>\n<div style=\"padding-bottom:10px; padding-top:5px;\" class=\"hupso-share-buttons\"><!-- Hupso Share Buttons - https:\/\/www.hupso.com\/share\/ --><a class=\"hupso_toolbar\" href=\"https:\/\/www.hupso.com\/share\/\"><img decoding=\"async\" src=\"https:\/\/static.hupso.com\/share\/buttons\/lang\/de\/share-medium.png\" style=\"border:0px; padding-top: 5px; float:left;\" alt=\"Share Button\"\/><\/a><script type=\"text\/javascript\">var hupso_services_t=new Array(\"Twitter\",\"Facebook\",\"Google Plus\");var hupso_background_t=\"#EAF4FF\";var hupso_border_t=\"#66CCFF\";var hupso_toolbar_size_t=\"medium\";var hupso_image_folder_url = \"\";var hupso_url_t=\"\";var hupso_title_t=\"Wir%20melden%20uns%20zur%C3%BCck\";<\/script><script type=\"text\/javascript\" src=\"https:\/\/static.hupso.com\/share\/js\/share_toolbar.js\"><\/script><!-- Hupso Share Buttons --><\/div>","protected":false},"excerpt":{"rendered":"<p>In den letzten Jahren war es hier sehr ruhig. Das soll sich aber nun wieder \u00e4ndern. Wir werden versuchen regelm\u00e4\u00dfig neue Artikel hochzuladen zu den unterschiedlichsten Themen im Kiez. F\u00fcr das kommende Jahr haben wir uns ein besonderes Projekt &#8222;Rede mit in Lankwitz&#8220; ausgedacht. Hier eine kleine \u00dcbersicht: Lankwitzer Salon &#8211; lockere Talkrunde &#8211; Spannende [&hellip;]<\/p>\n<div style=\"padding-bottom:10px; padding-top:5px;\" class=\"hupso-share-buttons\"><!-- Hupso Share Buttons - https:\/\/www.hupso.com\/share\/ --><a class=\"hupso_toolbar\" href=\"https:\/\/www.hupso.com\/share\/\"><img src=\"https:\/\/static.hupso.com\/share\/buttons\/lang\/de\/share-medium.png\" style=\"border:0px; padding-top: 5px; float:left;\" alt=\"Share Button\"\/><\/a><script type=\"text\/javascript\">var hupso_services_t=new Array(\"Twitter\",\"Facebook\",\"Google Plus\");var hupso_background_t=\"#EAF4FF\";var hupso_border_t=\"#66CCFF\";var hupso_toolbar_size_t=\"medium\";var hupso_image_folder_url = \"\";var hupso_url_t=\"\";var hupso_title_t=\"Wir%20melden%20uns%20zur%C3%BCck\";<\/script><script type=\"text\/javascript\" src=\"https:\/\/static.hupso.com\/share\/js\/share_toolbar.js\"><\/script><!-- Hupso Share Buttons --><\/div>","protected":false},"author":2,"featured_media":0,"comment_status":"closed","ping_status":"closed","sticky":false,"template":"","format":"standard","meta":{"footnotes":""},"categories":[322,3],"tags":[320,144,318,321,319],"class_list":["post-3400","post","type-post","status-publish","format-standard","hentry","category-rede-mit-in-lankwitz","category-runder-tisch","tag-fish-bowl","tag-lankwitzer-salaon","tag-rede-mit-in-lankwitz","tag-rede-mit-in-lankwitz-togo","tag-veranstaltung"],"_links":{"self":[{"href":"https:\/\/www.zukunft-lankwitz.de\/index.php?rest_route=\/wp\/v2\/posts\/3400","targetHints":{"allow":["GET"]}}],"collection":[{"href":"https:\/\/www.zukunft-lankwitz.de\/index.php?rest_route=\/wp\/v2\/posts"}],"about":[{"href":"https:\/\/www.zukunft-lankwitz.de\/index.php?rest_route=\/wp\/v2\/types\/post"}],"author":[{"embeddable":true,"href":"https:\/\/www.zukunft-lankwitz.de\/index.php?rest_route=\/wp\/v2\/users\/2"}],"replies":[{"embeddable":true,"href":"https:\/\/www.zukunft-lankwitz.de\/index.php?rest_route=%2Fwp%2Fv2%2Fcomments&post=3400"}],"version-history":[{"count":6,"href":"https:\/\/www.zukunft-lankwitz.de\/index.php?rest_route=\/wp\/v2\/posts\/3400\/revisions"}],"predecessor-version":[{"id":3424,"href":"https:\/\/www.zukunft-lankwitz.de\/index.php?rest_route=\/wp\/v2\/posts\/3400\/revisions\/3424"}],"wp:attachment":[{"href":"https:\/\/www.zukunft-lankwitz.de\/index.php?rest_route=%2Fwp%2Fv2%2Fmedia&parent=3400"}],"wp:term":[{"taxonomy":"category","embeddable":true,"href":"https:\/\/www.zukunft-lankwitz.de\/index.php?rest_route=%2Fwp%2Fv2%2Fcategories&post=3400"},{"taxonomy":"post_tag","embeddable":true,"href":"https:\/\/www.zukunft-lankwitz.de\/index.php?rest_route=%2Fwp%2Fv2%2Ftags&post=3400"}],"curies":[{"name":"wp","href":"https:\/\/api.w.org\/{rel}","templated":true}]}}