{"id":3410,"date":"2023-11-06T12:00:07","date_gmt":"2023-11-06T11:00:07","guid":{"rendered":"https:\/\/www.zukunft-lankwitz.de\/?p=3410"},"modified":"2023-12-01T08:25:32","modified_gmt":"2023-12-01T07:25:32","slug":"lankwitzer-salon","status":"publish","type":"post","link":"https:\/\/www.zukunft-lankwitz.de\/?p=3410","title":{"rendered":"Lankwitzer Salon"},"content":{"rendered":"<p><a href=\"http:\/\/www.zukunft-lankwitz.de\/wp-content\/uploads\/2023\/11\/lanksalon.png\"><img loading=\"lazy\" decoding=\"async\" class=\"alignnone size-full wp-image-3411\" src=\"http:\/\/www.zukunft-lankwitz.de\/wp-content\/uploads\/2023\/11\/lanksalon.png\" alt=\"\" width=\"875\" height=\"473\" srcset=\"https:\/\/www.zukunft-lankwitz.de\/wp-content\/uploads\/2023\/11\/lanksalon.png 875w, https:\/\/www.zukunft-lankwitz.de\/wp-content\/uploads\/2023\/11\/lanksalon-300x162.png 300w, https:\/\/www.zukunft-lankwitz.de\/wp-content\/uploads\/2023\/11\/lanksalon-768x415.png 768w, https:\/\/www.zukunft-lankwitz.de\/wp-content\/uploads\/2023\/11\/lanksalon-624x337.png 624w\" sizes=\"auto, (max-width: 875px) 100vw, 875px\" \/><\/a><\/p>\n<p>Der Lankwitzer Salon ist eine Talkrunde mit verschiedenen G\u00e4sten aus Politik, Gewerbe, Kultur und Sport. In einer losen Talkrunde reden die G\u00e4ste \u00fcber ihre Leben, Gedanken und auch \u00fcber Lankwitz. Die Besucher:innen k\u00f6nnen am Ende gezielte Fragen stellen. Moderiert wird das ganze von Claudia Zier &#8211; Ev Jugendhilfeverein e.V. und Patrick Meyer &#8211; Kiez Report, sowie digital von Silvia H\u00e4rtel &#8211; Spiel und Action e.V. Das ganze wird in Hybriderform stattfinden, damit Sie auch die M\u00f6glichkeit haben von zu Hause dabei zu sein.<\/p>\n<p>Hier nun die Eckdaten f\u00fcr diese Veranstaltung:<\/p>\n<p><strong>Datum: 01.12.2023<\/strong><br \/>\n<strong>Zeit: 18.00 \u2013 20.00 Uhr<\/strong><br \/>\n<strong>Ort: KiJuFam K\u00e4seglocke<\/strong><br \/>\n<strong>Leonorenstr. 65<\/strong><br \/>\n<strong>12247 Berlin<\/strong><\/p>\n<p>Online:<a href=\"https:\/\/silviahaertel.my.webex.com\/silviahaertel.my\/j.php?MTID=m56f69604ca9389739f36625cc7724a41\" target=\"_blank\" rel=\"noopener\"> https:\/\/silviahaertel.my.webex.com\/silviahaertel.my\/j.php?MTID=m56f69604ca9389739f36625cc7724a41<\/a><\/p>\n<p>Meeting-Kennnummer:<br \/>\n2552 775 447<\/p>\n<p>Die G\u00e4ste werden sein:<\/p>\n<div class=\"ace-line\" aria-live=\"assertive\"><span class=\"author-a-z77zz73zz75zz72zz85z6z122z6kz122zjf84z67zy\"><span style=\"color: #ff0000;\"><strong>Politik &#8211; Mirjam Golm<\/strong><\/span> &#8211; Abgeordnete im Abgeordnetenhaus Berlin f\u00fcr Lankwitz und gleichstellungspolitische Sprecherin f\u00fcr die SPD-Fraktion<\/span><\/div>\n<div aria-live=\"assertive\"><\/div>\n<div class=\"ace-line\" aria-live=\"assertive\"><span style=\"color: #ff0000;\"><strong>Gewerbe &#8211; Jutta Goedicke<\/strong><\/span> &#8211; Inhaberin des Spielzeugladen L\u00f6wenzahn Berlin<\/div>\n<div aria-live=\"assertive\"><\/div>\n<div class=\"ace-line\" aria-live=\"assertive\"><span style=\"font-size: 1rem;\"><span style=\"color: #ff0000;\"><strong>Kultur &#8211; Christian Finke<\/strong><\/span> &#8211; Kantor der Dreifaltigkeitsgemeinde in Berlin-Lankwitz<\/span><\/div>\n<div aria-live=\"assertive\"><\/div>\n<div class=\"ace-line\" aria-live=\"assertive\"><span style=\"font-size: 1rem;\"><strong><span style=\"color: #ff0000;\">Sport<\/span> <span style=\"color: #ff0000;\">&#8211; <\/span><\/strong><span class=\"\"><strong><span style=\"color: #ff0000;\">Dr. Gerald Blaschke-Nacak <\/span><\/strong><strong>&#8211; <\/strong>1. Abteilungsleiter SSC S\u00fcdwest &#8211; Basketball\u00a0<\/span><\/span><\/div>\n<div aria-live=\"assertive\"><\/div>\n<p>Wenn Sie sich f\u00fcr die Pr\u00e4senzveranstaltung anmelden m\u00f6chten schicken Sie uns gerne eine Nachricht.<\/p>\n\n<div class=\"wpcf7 no-js\" id=\"wpcf7-f777-o1\" lang=\"de-DE\" dir=\"ltr\" data-wpcf7-id=\"777\">\n<div class=\"screen-reader-response\"><p role=\"status\" aria-live=\"polite\" aria-atomic=\"true\"><\/p> <ul><\/ul><\/div>\n<form action=\"\/index.php?rest_route=%2Fwp%2Fv2%2Fposts%2F3410#wpcf7-f777-o1\" method=\"post\" class=\"wpcf7-form init\" aria-label=\"Kontaktformular\" novalidate=\"novalidate\" data-status=\"init\">\n<div style=\"display: none;\">\n<input type=\"hidden\" name=\"_wpcf7\" value=\"777\" \/>\n<input type=\"hidden\" name=\"_wpcf7_version\" value=\"6.0.6\" \/>\n<input type=\"hidden\" name=\"_wpcf7_locale\" value=\"de_DE\" \/>\n<input type=\"hidden\" name=\"_wpcf7_unit_tag\" value=\"wpcf7-f777-o1\" \/>\n<input type=\"hidden\" name=\"_wpcf7_container_post\" value=\"0\" \/>\n<input type=\"hidden\" name=\"_wpcf7_posted_data_hash\" value=\"\" \/>\n<\/div>\n<p><label> Ihr Name (Pflichtfeld)<br \/>\n<span class=\"wpcf7-form-control-wrap\" data-name=\"your-name\"><input size=\"40\" maxlength=\"400\" class=\"wpcf7-form-control wpcf7-text wpcf7-validates-as-required\" aria-required=\"true\" aria-invalid=\"false\" value=\"\" type=\"text\" name=\"your-name\" \/><\/span> <\/label>\n<\/p>\n<p><label> Ihre E-Mail-Adresse (Pflichtfeld)<br \/>\n<span class=\"wpcf7-form-control-wrap\" data-name=\"your-email\"><input size=\"40\" maxlength=\"400\" class=\"wpcf7-form-control wpcf7-email wpcf7-validates-as-required wpcf7-text wpcf7-validates-as-email\" aria-required=\"true\" aria-invalid=\"false\" value=\"\" type=\"email\" name=\"your-email\" \/><\/span> <\/label>\n<\/p>\n<p><label> Betreff<br \/>\n<span class=\"wpcf7-form-control-wrap\" data-name=\"your-subject\"><input size=\"40\" maxlength=\"400\" class=\"wpcf7-form-control wpcf7-text\" aria-invalid=\"false\" value=\"\" type=\"text\" name=\"your-subject\" \/><\/span> <\/label>\n<\/p>\n<p><label> Ihre Nachricht<br \/>\n<span class=\"wpcf7-form-control-wrap\" data-name=\"your-message\"><textarea cols=\"40\" rows=\"10\" maxlength=\"2000\" class=\"wpcf7-form-control wpcf7-textarea\" aria-invalid=\"false\" name=\"your-message\"><\/textarea><\/span> <\/label>\n<\/p>\n<p><input class=\"wpcf7-form-control wpcf7-submit has-spinner\" type=\"submit\" value=\"Senden\" \/>\n<\/p><div class=\"wpcf7-response-output\" aria-hidden=\"true\"><\/div>\n<\/form>\n<\/div>\n\n<p><a href=\"http:\/\/www.zukunft-lankwitz.de\/wp-content\/uploads\/2023\/11\/lanksalon-1.png\"><img loading=\"lazy\" decoding=\"async\" class=\"alignnone size-full wp-image-3420\" src=\"http:\/\/www.zukunft-lankwitz.de\/wp-content\/uploads\/2023\/11\/lanksalon-1.png\" alt=\"\" width=\"1000\" height=\"883\" srcset=\"https:\/\/www.zukunft-lankwitz.de\/wp-content\/uploads\/2023\/11\/lanksalon-1.png 1000w, https:\/\/www.zukunft-lankwitz.de\/wp-content\/uploads\/2023\/11\/lanksalon-1-300x265.png 300w, https:\/\/www.zukunft-lankwitz.de\/wp-content\/uploads\/2023\/11\/lanksalon-1-768x678.png 768w, https:\/\/www.zukunft-lankwitz.de\/wp-content\/uploads\/2023\/11\/lanksalon-1-624x551.png 624w\" sizes=\"auto, (max-width: 1000px) 100vw, 1000px\" \/><\/a><\/p>\n<p>&nbsp;<\/p>\n<div style=\"padding-bottom:10px; padding-top:5px;\" class=\"hupso-share-buttons\"><!-- Hupso Share Buttons - https:\/\/www.hupso.com\/share\/ --><a class=\"hupso_toolbar\" href=\"https:\/\/www.hupso.com\/share\/\"><img decoding=\"async\" src=\"https:\/\/static.hupso.com\/share\/buttons\/lang\/de\/share-medium.png\" style=\"border:0px; padding-top: 5px; float:left;\" alt=\"Share Button\"\/><\/a><script type=\"text\/javascript\">var hupso_services_t=new Array(\"Twitter\",\"Facebook\",\"Google Plus\");var hupso_background_t=\"#EAF4FF\";var hupso_border_t=\"#66CCFF\";var hupso_toolbar_size_t=\"medium\";var hupso_image_folder_url = \"\";var hupso_url_t=\"\";var hupso_title_t=\"Lankwitzer%20Salon\";<\/script><script type=\"text\/javascript\" src=\"https:\/\/static.hupso.com\/share\/js\/share_toolbar.js\"><\/script><!-- Hupso Share Buttons --><\/div>","protected":false},"excerpt":{"rendered":"<p>Der Lankwitzer Salon ist eine Talkrunde mit verschiedenen G\u00e4sten aus Politik, Gewerbe, Kultur und Sport. In einer losen Talkrunde reden die G\u00e4ste \u00fcber ihre Leben, Gedanken und auch \u00fcber Lankwitz. Die Besucher:innen k\u00f6nnen am Ende gezielte Fragen stellen. Moderiert wird das ganze von Claudia Zier &#8211; Ev Jugendhilfeverein e.V. und Patrick Meyer &#8211; Kiez Report, [&hellip;]<\/p>\n<div style=\"padding-bottom:10px; padding-top:5px;\" class=\"hupso-share-buttons\"><!-- Hupso Share Buttons - https:\/\/www.hupso.com\/share\/ --><a class=\"hupso_toolbar\" href=\"https:\/\/www.hupso.com\/share\/\"><img src=\"https:\/\/static.hupso.com\/share\/buttons\/lang\/de\/share-medium.png\" style=\"border:0px; padding-top: 5px; float:left;\" alt=\"Share Button\"\/><\/a><script type=\"text\/javascript\">var hupso_services_t=new Array(\"Twitter\",\"Facebook\",\"Google Plus\");var hupso_background_t=\"#EAF4FF\";var hupso_border_t=\"#66CCFF\";var hupso_toolbar_size_t=\"medium\";var hupso_image_folder_url = \"\";var hupso_url_t=\"\";var hupso_title_t=\"Lankwitzer%20Salon\";<\/script><script type=\"text\/javascript\" src=\"https:\/\/static.hupso.com\/share\/js\/share_toolbar.js\"><\/script><!-- Hupso Share Buttons --><\/div>","protected":false},"author":2,"featured_media":0,"comment_status":"closed","ping_status":"closed","sticky":false,"template":"","format":"standard","meta":{"footnotes":""},"categories":[3],"tags":[],"class_list":["post-3410","post","type-post","status-publish","format-standard","hentry","category-runder-tisch"],"_links":{"self":[{"href":"https:\/\/www.zukunft-lankwitz.de\/index.php?rest_route=\/wp\/v2\/posts\/3410","targetHints":{"allow":["GET"]}}],"collection":[{"href":"https:\/\/www.zukunft-lankwitz.de\/index.php?rest_route=\/wp\/v2\/posts"}],"about":[{"href":"https:\/\/www.zukunft-lankwitz.de\/index.php?rest_route=\/wp\/v2\/types\/post"}],"author":[{"embeddable":true,"href":"https:\/\/www.zukunft-lankwitz.de\/index.php?rest_route=\/wp\/v2\/users\/2"}],"replies":[{"embeddable":true,"href":"https:\/\/www.zukunft-lankwitz.de\/index.php?rest_route=%2Fwp%2Fv2%2Fcomments&post=3410"}],"version-history":[{"count":7,"href":"https:\/\/www.zukunft-lankwitz.de\/index.php?rest_route=\/wp\/v2\/posts\/3410\/revisions"}],"predecessor-version":[{"id":3522,"href":"https:\/\/www.zukunft-lankwitz.de\/index.php?rest_route=\/wp\/v2\/posts\/3410\/revisions\/3522"}],"wp:attachment":[{"href":"https:\/\/www.zukunft-lankwitz.de\/index.php?rest_route=%2Fwp%2Fv2%2Fmedia&parent=3410"}],"wp:term":[{"taxonomy":"category","embeddable":true,"href":"https:\/\/www.zukunft-lankwitz.de\/index.php?rest_route=%2Fwp%2Fv2%2Fcategories&post=3410"},{"taxonomy":"post_tag","embeddable":true,"href":"https:\/\/www.zukunft-lankwitz.de\/index.php?rest_route=%2Fwp%2Fv2%2Ftags&post=3410"}],"curies":[{"name":"wp","href":"https:\/\/api.w.org\/{rel}","templated":true}]}}