{"id":3455,"date":"2023-11-24T12:00:17","date_gmt":"2023-11-24T11:00:17","guid":{"rendered":"https:\/\/www.zukunft-lankwitz.de\/?p=3455"},"modified":"2023-12-01T08:21:12","modified_gmt":"2023-12-01T07:21:12","slug":"rede-mit-in-lankwitz","status":"publish","type":"post","link":"https:\/\/www.zukunft-lankwitz.de\/?p=3455","title":{"rendered":"Rede mit in Lankwitz"},"content":{"rendered":"<p>Wie bereits in anderen Artikel geschrieben ist &#8222;Rede mit in Lankwitz&#8220; ein ganzj\u00e4hriges Projekt mit vielen verschiedenen Aktionen, welche immer das Ziel haben Ihre Ideen, W\u00fcnsche und auch Kritik einzusammeln. Wir m\u00f6chten hier die Gelegenheit nutzen hier zu ver\u00f6ffentlichen was wir geplant haben.<\/p>\n<p>Start ist der Lankwitzer Salon <a href=\"http:\/\/www.zukunft-lankwitz.de\/wp-content\/uploads\/2023\/11\/lanksalon-1.png\"><img loading=\"lazy\" decoding=\"async\" class=\" wp-image-3420 alignleft\" src=\"http:\/\/www.zukunft-lankwitz.de\/wp-content\/uploads\/2023\/11\/lanksalon-1.png\" alt=\"\" width=\"324\" height=\"286\" srcset=\"https:\/\/www.zukunft-lankwitz.de\/wp-content\/uploads\/2023\/11\/lanksalon-1.png 1000w, https:\/\/www.zukunft-lankwitz.de\/wp-content\/uploads\/2023\/11\/lanksalon-1-300x265.png 300w, https:\/\/www.zukunft-lankwitz.de\/wp-content\/uploads\/2023\/11\/lanksalon-1-768x678.png 768w, https:\/\/www.zukunft-lankwitz.de\/wp-content\/uploads\/2023\/11\/lanksalon-1-624x551.png 624w\" sizes=\"auto, (max-width: 324px) 100vw, 324px\" \/><\/a> eine Talkshow mit G\u00e4sten aus verschiedenen Bereichen. Es werden zu Gast sein:<\/p>\n<p><span class=\"author-a-z77zz73zz75zz72zz85z6z122z6kz122zjf84z67zy\"><span style=\"color: #ff0000;\"><strong>Politik &#8211; Mirjam Golm<br \/>\nGewerbe &#8211; Jutta Goedicke<br \/>\n<span style=\"font-size: 1rem;\">Kultur &#8211; Christian Finke<\/span><br \/>\n<span style=\"font-size: 1rem;\">Sport &#8211; <span class=\"\">Dr. Gerald Blaschke-Nacak<br \/>\n<br class=\"\" \/><\/span><\/span><\/strong><\/span><\/span>Genauere Infos lesen Sie bitte in diesem <a href=\"https:\/\/www.zukunft-lankwitz.de\/?p=3410\" target=\"_blank\" rel=\"noopener\">Artikel<\/a>.<\/p>\n<p>&nbsp;<\/p>\n<p><a href=\"http:\/\/www.zukunft-lankwitz.de\/wp-content\/uploads\/2023\/11\/redemitdet23.jpg\"><img loading=\"lazy\" decoding=\"async\" class=\"wp-image-3456 alignright\" src=\"http:\/\/www.zukunft-lankwitz.de\/wp-content\/uploads\/2023\/11\/redemitdet23.jpg\" alt=\"\" width=\"325\" height=\"297\" srcset=\"https:\/\/www.zukunft-lankwitz.de\/wp-content\/uploads\/2023\/11\/redemitdet23.jpg 1040w, https:\/\/www.zukunft-lankwitz.de\/wp-content\/uploads\/2023\/11\/redemitdet23-300x275.jpg 300w, https:\/\/www.zukunft-lankwitz.de\/wp-content\/uploads\/2023\/11\/redemitdet23-1024x937.jpg 1024w, https:\/\/www.zukunft-lankwitz.de\/wp-content\/uploads\/2023\/11\/redemitdet23-768x703.jpg 768w, https:\/\/www.zukunft-lankwitz.de\/wp-content\/uploads\/2023\/11\/redemitdet23-624x571.jpg 624w\" sizes=\"auto, (max-width: 325px) 100vw, 325px\" \/><\/a><\/p>\n<p>Mit der n\u00e4chsten Aktion, Rede mit in Lankwitz toGo haben wir uns an den <a href=\"https:\/\/spielundactionev.de\/?page_id=60\" target=\"_blank\" rel=\"noopener\">Weihnachtszauber<\/a> (der Link f\u00fchrt sie auf die Webseite vom KiJuFam K\u00e4seglocke von Spiel &amp; Action e.V.) im KiJuFam K\u00e4seglocke angedockt. Die Fragestellung f\u00fcr diesen Tag in Anlehnung an Weihnachten ist was sie sich w\u00fcnschen f\u00fcr den Kiez? Sie haben die M\u00f6glichkeit an diesem Tag ihre Ideen, W\u00fcnsche und Kritik in die Sammlung zu geben die \u00fcber das Jahr entstehen wird.<\/p>\n<p>&nbsp;<\/p>\n<p><a href=\"http:\/\/www.zukunft-lankwitz.de\/wp-content\/uploads\/2023\/11\/redemitdet24.jpg\"><img loading=\"lazy\" decoding=\"async\" class=\"wp-image-3457 alignleft\" src=\"http:\/\/www.zukunft-lankwitz.de\/wp-content\/uploads\/2023\/11\/redemitdet24.jpg\" alt=\"\" width=\"310\" height=\"156\" srcset=\"https:\/\/www.zukunft-lankwitz.de\/wp-content\/uploads\/2023\/11\/redemitdet24.jpg 910w, https:\/\/www.zukunft-lankwitz.de\/wp-content\/uploads\/2023\/11\/redemitdet24-300x151.jpg 300w, https:\/\/www.zukunft-lankwitz.de\/wp-content\/uploads\/2023\/11\/redemitdet24-768x387.jpg 768w, https:\/\/www.zukunft-lankwitz.de\/wp-content\/uploads\/2023\/11\/redemitdet24-624x314.jpg 624w\" sizes=\"auto, (max-width: 310px) 100vw, 310px\" \/><\/a>Die n\u00e4chste Aktion ist dann erst wieder ein paar Monate sp\u00e4ter im M\u00e4rz. Rede mit in Lankwitz toGo 2. Diesmal sind wir an einem Markttag auf dem Hanna Renate Laurin Platz am Rathaus Lankwitz. Was sollte da passender sein als die Frage: Was\u00a0 fehlt auf dem Markt Lankwitz? Die Idee dahinter ist den Markt zu versuchen wiederzubeleben, aber dazu w\u00e4re es wichtig herauszufinden was ihn attraktiver macht.<\/p>\n<p><a href=\"http:\/\/www.zukunft-lankwitz.de\/wp-content\/uploads\/2023\/11\/fishbowl.jpg\"><img loading=\"lazy\" decoding=\"async\" class=\"wp-image-3459 alignright\" src=\"http:\/\/www.zukunft-lankwitz.de\/wp-content\/uploads\/2023\/11\/fishbowl.jpg\" alt=\"\" width=\"341\" height=\"349\" srcset=\"https:\/\/www.zukunft-lankwitz.de\/wp-content\/uploads\/2023\/11\/fishbowl.jpg 1007w, https:\/\/www.zukunft-lankwitz.de\/wp-content\/uploads\/2023\/11\/fishbowl-293x300.jpg 293w, https:\/\/www.zukunft-lankwitz.de\/wp-content\/uploads\/2023\/11\/fishbowl-999x1024.jpg 999w, https:\/\/www.zukunft-lankwitz.de\/wp-content\/uploads\/2023\/11\/fishbowl-768x787.jpg 768w, https:\/\/www.zukunft-lankwitz.de\/wp-content\/uploads\/2023\/11\/fishbowl-624x639.jpg 624w\" sizes=\"auto, (max-width: 341px) 100vw, 341px\" \/><\/a><\/p>\n<p>Es wird ein Thema geben und eine Handvoll Expert:innen aus den unterschiedlichsten Perspektiven. Das Thema steht zu diesem Zeitpunkt noch nicht 100 % fest, aber wir werden es schnellstm\u00f6glich nachreichen. Wir setzen die Expert:innen in ein &#8222;Goldfischglas&#8220; und alle Besucher:innen drum herum. Ein Stuhl im Expert:innenkreis ist frei. Dieser dient dazu das Sie die M\u00f6glichkeit haben die Expert:innen mit ihren Ideen oder Fragen &#8222;zu f\u00fcttern&#8220;. Spannend? Dann kommen Sie vorbei.<\/p>\n<p>&nbsp;<\/p>\n<p><a href=\"http:\/\/www.zukunft-lankwitz.de\/wp-content\/uploads\/2023\/11\/redemitfinale.jpg\"><img loading=\"lazy\" decoding=\"async\" class=\"wp-image-3462 alignleft\" src=\"http:\/\/www.zukunft-lankwitz.de\/wp-content\/uploads\/2023\/11\/redemitfinale.jpg\" alt=\"\" width=\"331\" height=\"339\" srcset=\"https:\/\/www.zukunft-lankwitz.de\/wp-content\/uploads\/2023\/11\/redemitfinale.jpg 1007w, https:\/\/www.zukunft-lankwitz.de\/wp-content\/uploads\/2023\/11\/redemitfinale-293x300.jpg 293w, https:\/\/www.zukunft-lankwitz.de\/wp-content\/uploads\/2023\/11\/redemitfinale-999x1024.jpg 999w, https:\/\/www.zukunft-lankwitz.de\/wp-content\/uploads\/2023\/11\/redemitfinale-768x787.jpg 768w, https:\/\/www.zukunft-lankwitz.de\/wp-content\/uploads\/2023\/11\/redemitfinale-624x639.jpg 624w\" sizes=\"auto, (max-width: 331px) 100vw, 331px\" \/><\/a><\/p>\n<p>&nbsp;<\/p>\n<p>Das Finale des Projektes ist das zweit\u00e4gige Event &#8222;Rede mit in Lankwitz&#8220; im Oktober 2024. Hier werden wie bei den anderen Events auch ihre Ideen, W\u00fcnsche und Kritik gesammelt, aber auch alles bereits gesammelte ausgestellt. Vielleicht sind auch schon die ersten Projekte und Aktionen gestartet, dann werden wir auch dar\u00fcber berichten.<\/p>\n<p>&nbsp;<\/p>\n<p>&nbsp;<\/p>\n<p>Neben den Events f\u00fchren wir auch jeden Monat eine Online Umfrage mit den unterschiedlichsten Fragen zum Kiez durch. Wir m\u00f6chten ihre spontanen Gedanken einsammeln. Die erste Umfrage l\u00e4uft bereits. Wenn Sie interesse haben nehmen sie <a href=\"https:\/\/www.menti.com\/altruvp6umbm\" target=\"_blank\" rel=\"noopener\">hier<\/a> daran teil und wenn Sie mehr dar\u00fcber wissen m\u00f6chten dann schauen Sie <a href=\"https:\/\/www.zukunft-lankwitz.de\/?p=3417\">hier<\/a>.<\/p>\n<p>Wir werden sie hier \u00fcber alles was uns noch so im laufe des Jahres einf\u00e4llt berichten, aber dieser Artikel sollte einen guten \u00dcberblick geben. Wir freuen uns wenn sie uns bei diesem Projekt unterst\u00fctzen.<\/p>\n<p>&nbsp;<\/p>\n<div style=\"padding-bottom:10px; padding-top:5px;\" class=\"hupso-share-buttons\"><!-- Hupso Share Buttons - https:\/\/www.hupso.com\/share\/ --><a class=\"hupso_toolbar\" href=\"https:\/\/www.hupso.com\/share\/\"><img decoding=\"async\" src=\"https:\/\/static.hupso.com\/share\/buttons\/lang\/de\/share-medium.png\" style=\"border:0px; padding-top: 5px; float:left;\" alt=\"Share Button\"\/><\/a><script type=\"text\/javascript\">var hupso_services_t=new Array(\"Twitter\",\"Facebook\",\"Google Plus\");var hupso_background_t=\"#EAF4FF\";var hupso_border_t=\"#66CCFF\";var hupso_toolbar_size_t=\"medium\";var hupso_image_folder_url = \"\";var hupso_url_t=\"\";var hupso_title_t=\"Rede%20mit%20in%20Lankwitz\";<\/script><script type=\"text\/javascript\" src=\"https:\/\/static.hupso.com\/share\/js\/share_toolbar.js\"><\/script><!-- Hupso Share Buttons --><\/div>","protected":false},"excerpt":{"rendered":"<p>Wie bereits in anderen Artikel geschrieben ist &#8222;Rede mit in Lankwitz&#8220; ein ganzj\u00e4hriges Projekt mit vielen verschiedenen Aktionen, welche immer das Ziel haben Ihre Ideen, W\u00fcnsche und auch Kritik einzusammeln. Wir m\u00f6chten hier die Gelegenheit nutzen hier zu ver\u00f6ffentlichen was wir geplant haben. Start ist der Lankwitzer Salon eine Talkshow mit G\u00e4sten aus verschiedenen Bereichen. [&hellip;]<\/p>\n<div style=\"padding-bottom:10px; padding-top:5px;\" class=\"hupso-share-buttons\"><!-- Hupso Share Buttons - https:\/\/www.hupso.com\/share\/ --><a class=\"hupso_toolbar\" href=\"https:\/\/www.hupso.com\/share\/\"><img src=\"https:\/\/static.hupso.com\/share\/buttons\/lang\/de\/share-medium.png\" style=\"border:0px; padding-top: 5px; float:left;\" alt=\"Share Button\"\/><\/a><script type=\"text\/javascript\">var hupso_services_t=new Array(\"Twitter\",\"Facebook\",\"Google Plus\");var hupso_background_t=\"#EAF4FF\";var hupso_border_t=\"#66CCFF\";var hupso_toolbar_size_t=\"medium\";var hupso_image_folder_url = \"\";var hupso_url_t=\"\";var hupso_title_t=\"Rede%20mit%20in%20Lankwitz\";<\/script><script type=\"text\/javascript\" src=\"https:\/\/static.hupso.com\/share\/js\/share_toolbar.js\"><\/script><!-- Hupso Share Buttons --><\/div>","protected":false},"author":2,"featured_media":0,"comment_status":"closed","ping_status":"closed","sticky":false,"template":"","format":"standard","meta":{"footnotes":""},"categories":[2,143,322,3,52],"tags":[320,130,318,321],"class_list":["post-3455","post","type-post","status-publish","format-standard","hentry","category-lankwitz","category-lankwitzer-salon","category-rede-mit-in-lankwitz","category-runder-tisch","category-veranstaltungen","tag-fish-bowl","tag-lankwitzer-salon","tag-rede-mit-in-lankwitz","tag-rede-mit-in-lankwitz-togo"],"_links":{"self":[{"href":"https:\/\/www.zukunft-lankwitz.de\/index.php?rest_route=\/wp\/v2\/posts\/3455","targetHints":{"allow":["GET"]}}],"collection":[{"href":"https:\/\/www.zukunft-lankwitz.de\/index.php?rest_route=\/wp\/v2\/posts"}],"about":[{"href":"https:\/\/www.zukunft-lankwitz.de\/index.php?rest_route=\/wp\/v2\/types\/post"}],"author":[{"embeddable":true,"href":"https:\/\/www.zukunft-lankwitz.de\/index.php?rest_route=\/wp\/v2\/users\/2"}],"replies":[{"embeddable":true,"href":"https:\/\/www.zukunft-lankwitz.de\/index.php?rest_route=%2Fwp%2Fv2%2Fcomments&post=3455"}],"version-history":[{"count":5,"href":"https:\/\/www.zukunft-lankwitz.de\/index.php?rest_route=\/wp\/v2\/posts\/3455\/revisions"}],"predecessor-version":[{"id":3518,"href":"https:\/\/www.zukunft-lankwitz.de\/index.php?rest_route=\/wp\/v2\/posts\/3455\/revisions\/3518"}],"wp:attachment":[{"href":"https:\/\/www.zukunft-lankwitz.de\/index.php?rest_route=%2Fwp%2Fv2%2Fmedia&parent=3455"}],"wp:term":[{"taxonomy":"category","embeddable":true,"href":"https:\/\/www.zukunft-lankwitz.de\/index.php?rest_route=%2Fwp%2Fv2%2Fcategories&post=3455"},{"taxonomy":"post_tag","embeddable":true,"href":"https:\/\/www.zukunft-lankwitz.de\/index.php?rest_route=%2Fwp%2Fv2%2Ftags&post=3455"}],"curies":[{"name":"wp","href":"https:\/\/api.w.org\/{rel}","templated":true}]}}