{"id":3526,"date":"2024-01-18T10:04:46","date_gmt":"2024-01-18T09:04:46","guid":{"rendered":"https:\/\/www.zukunft-lankwitz.de\/?p=3526"},"modified":"2024-01-18T10:05:17","modified_gmt":"2024-01-18T09:05:17","slug":"neues-jahr-wir-sind-am-start","status":"publish","type":"post","link":"https:\/\/www.zukunft-lankwitz.de\/?p=3526","title":{"rendered":"Neues Jahr! Wir sind am Start"},"content":{"rendered":"<p>Wie vielerorts war das Ende des vergangen Jahres von Personellenengp\u00e4ssen und viel Krankheit gepr\u00e4gt. Nun sind alle wieder gesund und der Betrieb nimmt halbwegs normal seinen Lauf, was mit ein wenig Zeit verschafft diese Zeilen zu schreiben.<\/p>\n<p>Ich w\u00fcnsche Ihnen als aller erstes ein sch\u00f6nes und erfolgreiches neues Jahr. Ein Jahr liegt vor uns mit vielen Aktionen und Events. Ich m\u00f6chte hier versuchen die wichtigsten Sachen \u00fcbersichtlich aufzuschreiben. Starten wir mit den Terminen f\u00fcr den Runden Tisch Lankwitz-S\u00fcdende, wo sie immer am letzten Mittwoch im Monat die gelegenheit ihre Anliegen und Ideen einzubringen.<\/p>\n<p><a href=\"http:\/\/www.zukunft-lankwitz.de\/wp-content\/uploads\/2024\/01\/rttermine.png\"><img loading=\"lazy\" decoding=\"async\" class=\"wp-image-3527 aligncenter\" src=\"http:\/\/www.zukunft-lankwitz.de\/wp-content\/uploads\/2024\/01\/rttermine.png\" alt=\"\" width=\"451\" height=\"460\" srcset=\"https:\/\/www.zukunft-lankwitz.de\/wp-content\/uploads\/2024\/01\/rttermine.png 792w, https:\/\/www.zukunft-lankwitz.de\/wp-content\/uploads\/2024\/01\/rttermine-294x300.png 294w, https:\/\/www.zukunft-lankwitz.de\/wp-content\/uploads\/2024\/01\/rttermine-768x784.png 768w, https:\/\/www.zukunft-lankwitz.de\/wp-content\/uploads\/2024\/01\/rttermine-624x637.png 624w\" sizes=\"auto, (max-width: 451px) 100vw, 451px\" \/><\/a><\/p>\n<p>Wen sie eine Einladung bekommen m\u00f6chten schreiben Sie bitte einfach an Silvia H\u00e4rtel, um in den Verteiler aufgenommen zu werden. Der n\u00e4chste Runde Tisch Lankwitz-S\u00fcdende findet im EJF Pastor Braune Haus statt. Der Schwerpunkt ist rund um das Thema &#8222;Rechtsextremismus in Lankwitz&#8220;. Leider hat uns kurzfristig die angefragten Expert:innen abgesagt und wir bem\u00fchen uns gerade noch um einen Ersatz. Wir hoffen in den n\u00e4chsten Tagen die Einladung ver\u00f6ffentlichen zu k\u00f6nnen.<\/p>\n<p>Weitere Highlights dieses Jahr werden im Rahmen von &#8222;Rede mit in Lankwitz&#8220; stattfinden. Wir haben alles auf einem Plakat zusammengefasst und werden es in weiteren Artikel erkl\u00e4ren.<\/p>\n<p><a href=\"http:\/\/www.zukunft-lankwitz.de\/wp-content\/uploads\/2024\/01\/plakat24-scaled.jpg\"><img loading=\"lazy\" decoding=\"async\" class=\"wp-image-3528 aligncenter\" src=\"http:\/\/www.zukunft-lankwitz.de\/wp-content\/uploads\/2024\/01\/plakat24-scaled.jpg\" alt=\"\" width=\"512\" height=\"724\" srcset=\"https:\/\/www.zukunft-lankwitz.de\/wp-content\/uploads\/2024\/01\/plakat24-scaled.jpg 1810w, https:\/\/www.zukunft-lankwitz.de\/wp-content\/uploads\/2024\/01\/plakat24-212x300.jpg 212w, https:\/\/www.zukunft-lankwitz.de\/wp-content\/uploads\/2024\/01\/plakat24-724x1024.jpg 724w, https:\/\/www.zukunft-lankwitz.de\/wp-content\/uploads\/2024\/01\/plakat24-768x1086.jpg 768w, https:\/\/www.zukunft-lankwitz.de\/wp-content\/uploads\/2024\/01\/plakat24-1086x1536.jpg 1086w, https:\/\/www.zukunft-lankwitz.de\/wp-content\/uploads\/2024\/01\/plakat24-1448x2048.jpg 1448w, https:\/\/www.zukunft-lankwitz.de\/wp-content\/uploads\/2024\/01\/plakat24-624x883.jpg 624w\" sizes=\"auto, (max-width: 512px) 100vw, 512px\" \/><\/a><\/p>\n<div style=\"padding-bottom:10px; padding-top:5px;\" class=\"hupso-share-buttons\"><!-- Hupso Share Buttons - https:\/\/www.hupso.com\/share\/ --><a class=\"hupso_toolbar\" href=\"https:\/\/www.hupso.com\/share\/\"><img decoding=\"async\" src=\"https:\/\/static.hupso.com\/share\/buttons\/lang\/de\/share-medium.png\" style=\"border:0px; padding-top: 5px; float:left;\" alt=\"Share Button\"\/><\/a><script type=\"text\/javascript\">var hupso_services_t=new Array(\"Twitter\",\"Facebook\",\"Google Plus\");var hupso_background_t=\"#EAF4FF\";var hupso_border_t=\"#66CCFF\";var hupso_toolbar_size_t=\"medium\";var hupso_image_folder_url = \"\";var hupso_url_t=\"\";var hupso_title_t=\"Neues%20Jahr%21%20Wir%20sind%20am%20Start\";<\/script><script type=\"text\/javascript\" src=\"https:\/\/static.hupso.com\/share\/js\/share_toolbar.js\"><\/script><!-- Hupso Share Buttons --><\/div>","protected":false},"excerpt":{"rendered":"<p>Wie vielerorts war das Ende des vergangen Jahres von Personellenengp\u00e4ssen und viel Krankheit gepr\u00e4gt. Nun sind alle wieder gesund und der Betrieb nimmt halbwegs normal seinen Lauf, was mit ein wenig Zeit verschafft diese Zeilen zu schreiben. Ich w\u00fcnsche Ihnen als aller erstes ein sch\u00f6nes und erfolgreiches neues Jahr. Ein Jahr liegt vor uns mit [&hellip;]<\/p>\n<div style=\"padding-bottom:10px; padding-top:5px;\" class=\"hupso-share-buttons\"><!-- Hupso Share Buttons - https:\/\/www.hupso.com\/share\/ --><a class=\"hupso_toolbar\" href=\"https:\/\/www.hupso.com\/share\/\"><img src=\"https:\/\/static.hupso.com\/share\/buttons\/lang\/de\/share-medium.png\" style=\"border:0px; padding-top: 5px; float:left;\" alt=\"Share Button\"\/><\/a><script type=\"text\/javascript\">var hupso_services_t=new Array(\"Twitter\",\"Facebook\",\"Google Plus\");var hupso_background_t=\"#EAF4FF\";var hupso_border_t=\"#66CCFF\";var hupso_toolbar_size_t=\"medium\";var hupso_image_folder_url = \"\";var hupso_url_t=\"\";var hupso_title_t=\"Neues%20Jahr%21%20Wir%20sind%20am%20Start\";<\/script><script type=\"text\/javascript\" src=\"https:\/\/static.hupso.com\/share\/js\/share_toolbar.js\"><\/script><!-- Hupso Share Buttons --><\/div>","protected":false},"author":2,"featured_media":0,"comment_status":"closed","ping_status":"closed","sticky":false,"template":"","format":"standard","meta":{"footnotes":""},"categories":[322,3],"tags":[318,25,329],"class_list":["post-3526","post","type-post","status-publish","format-standard","hentry","category-rede-mit-in-lankwitz","category-runder-tisch","tag-rede-mit-in-lankwitz","tag-runder-tisch-lankwitz-suedende","tag-termine"],"_links":{"self":[{"href":"https:\/\/www.zukunft-lankwitz.de\/index.php?rest_route=\/wp\/v2\/posts\/3526","targetHints":{"allow":["GET"]}}],"collection":[{"href":"https:\/\/www.zukunft-lankwitz.de\/index.php?rest_route=\/wp\/v2\/posts"}],"about":[{"href":"https:\/\/www.zukunft-lankwitz.de\/index.php?rest_route=\/wp\/v2\/types\/post"}],"author":[{"embeddable":true,"href":"https:\/\/www.zukunft-lankwitz.de\/index.php?rest_route=\/wp\/v2\/users\/2"}],"replies":[{"embeddable":true,"href":"https:\/\/www.zukunft-lankwitz.de\/index.php?rest_route=%2Fwp%2Fv2%2Fcomments&post=3526"}],"version-history":[{"count":2,"href":"https:\/\/www.zukunft-lankwitz.de\/index.php?rest_route=\/wp\/v2\/posts\/3526\/revisions"}],"predecessor-version":[{"id":3530,"href":"https:\/\/www.zukunft-lankwitz.de\/index.php?rest_route=\/wp\/v2\/posts\/3526\/revisions\/3530"}],"wp:attachment":[{"href":"https:\/\/www.zukunft-lankwitz.de\/index.php?rest_route=%2Fwp%2Fv2%2Fmedia&parent=3526"}],"wp:term":[{"taxonomy":"category","embeddable":true,"href":"https:\/\/www.zukunft-lankwitz.de\/index.php?rest_route=%2Fwp%2Fv2%2Fcategories&post=3526"},{"taxonomy":"post_tag","embeddable":true,"href":"https:\/\/www.zukunft-lankwitz.de\/index.php?rest_route=%2Fwp%2Fv2%2Ftags&post=3526"}],"curies":[{"name":"wp","href":"https:\/\/api.w.org\/{rel}","templated":true}]}}