{"id":3547,"date":"2024-03-04T10:43:28","date_gmt":"2024-03-04T09:43:28","guid":{"rendered":"https:\/\/www.zukunft-lankwitz.de\/?p=3547"},"modified":"2024-03-04T10:45:28","modified_gmt":"2024-03-04T09:45:28","slug":"frag-die-stadtraetin-frag-den-stadtrat","status":"publish","type":"post","link":"https:\/\/www.zukunft-lankwitz.de\/?p=3547","title":{"rendered":"Frag die Stadtr\u00e4tin! Frag den Stadtrat!"},"content":{"rendered":"<p>Im Rahmen von Rede mit in Lankwitz, haben wir noch eine besondere Aktion geplant.<\/p>\n<h1><span style=\"color: #0000ff;\">Frag die Stadtr\u00e4tin! Frag den Stadtrat!<\/span><\/h1>\n<p>Was steckt dahinter? Wir laden zu unterschiedlichen Treffen des Runden Tisch Lankwitz-S\u00fcdende je eine Stadtr\u00e4tin oder Stadtrat ein. Sie haben dann die M\u00f6glichkeit ihnen ihre Fragen zu stellen und mit ihnen ins Gespr\u00e4ch zu gehen. Im Vorfeld sammeln wir via einer Onlineumfrage ihre Fragen \/ Anliegen, die wir dann der jeweiligen Stadtr\u00e4tin oder dem jeweiligen Stadtrat im Vorfeld zukommen lassen. Spannend? Dann lesen sie weiter!<\/p>\n<p>Stadtr\u00e4tinnen, Stadtr\u00e4te und Termine:<\/p>\n<p><strong><a href=\"http:\/\/www.zukunft-lankwitz.de\/wp-content\/uploads\/2024\/03\/Frag-Stadtrat.png\"><img loading=\"lazy\" decoding=\"async\" class=\"size-full wp-image-3550 alignleft\" src=\"http:\/\/www.zukunft-lankwitz.de\/wp-content\/uploads\/2024\/03\/Frag-Stadtrat.png\" alt=\"\" width=\"1966\" height=\"983\" srcset=\"https:\/\/www.zukunft-lankwitz.de\/wp-content\/uploads\/2024\/03\/Frag-Stadtrat.png 1966w, https:\/\/www.zukunft-lankwitz.de\/wp-content\/uploads\/2024\/03\/Frag-Stadtrat-300x150.png 300w, https:\/\/www.zukunft-lankwitz.de\/wp-content\/uploads\/2024\/03\/Frag-Stadtrat-1024x512.png 1024w, https:\/\/www.zukunft-lankwitz.de\/wp-content\/uploads\/2024\/03\/Frag-Stadtrat-768x384.png 768w, https:\/\/www.zukunft-lankwitz.de\/wp-content\/uploads\/2024\/03\/Frag-Stadtrat-1536x768.png 1536w, https:\/\/www.zukunft-lankwitz.de\/wp-content\/uploads\/2024\/03\/Frag-Stadtrat-624x312.png 624w\" sizes=\"auto, (max-width: 1966px) 100vw, 1966px\" \/><\/a>27.03.2024 &#8211;\u00a0 18.30 &#8211; 20.30 Uhr &#8211; Cerstin Richter-Kotowski<\/strong><br \/>\nStellvertretende Bezirksb\u00fcrgermeisterin und Bezirksstadtr\u00e4tin f\u00fcr Bildung, Kultur und Sport<br \/>\nOnlineumfrage: <a href=\"https:\/\/form.jotform.com\/240602642020035\" target=\"_blank\" rel=\"noopener\">https:\/\/form.jotform.com\/240602642020035<\/a><\/p>\n<p><strong><a href=\"http:\/\/www.zukunft-lankwitz.de\/wp-content\/uploads\/2024\/03\/fdsaykal.png\"><img loading=\"lazy\" decoding=\"async\" class=\"size-full wp-image-3548 alignright\" src=\"http:\/\/www.zukunft-lankwitz.de\/wp-content\/uploads\/2024\/03\/fdsaykal.png\" alt=\"\" width=\"1966\" height=\"983\" srcset=\"https:\/\/www.zukunft-lankwitz.de\/wp-content\/uploads\/2024\/03\/fdsaykal.png 1966w, https:\/\/www.zukunft-lankwitz.de\/wp-content\/uploads\/2024\/03\/fdsaykal-300x150.png 300w, https:\/\/www.zukunft-lankwitz.de\/wp-content\/uploads\/2024\/03\/fdsaykal-1024x512.png 1024w, https:\/\/www.zukunft-lankwitz.de\/wp-content\/uploads\/2024\/03\/fdsaykal-768x384.png 768w, https:\/\/www.zukunft-lankwitz.de\/wp-content\/uploads\/2024\/03\/fdsaykal-1536x768.png 1536w, https:\/\/www.zukunft-lankwitz.de\/wp-content\/uploads\/2024\/03\/fdsaykal-624x312.png 624w\" sizes=\"auto, (max-width: 1966px) 100vw, 1966px\" \/><\/a><\/strong><\/p>\n<p><strong>24.04.2024 &#8211; 18.30- 20.30 Uhr &#8211; Urban Aykal\u00a0<\/strong><br \/>\nBezirksstadtrat f\u00fcr Ordnung, Umwelt- und Naturschutz, Stra\u00dfen und Gr\u00fcnfl\u00e4chen<br \/>\nOnlineumfrage: <a href=\"https:\/\/form.jotform.com\/240631750418351\" target=\"_blank\" rel=\"noopener\">https:\/\/form.jotform.com\/240631750418351<\/a><\/p>\n<p><a href=\"http:\/\/www.zukunft-lankwitz.de\/wp-content\/uploads\/2024\/03\/fdsboehm.png\"><img loading=\"lazy\" decoding=\"async\" class=\"size-full wp-image-3549 alignleft\" src=\"http:\/\/www.zukunft-lankwitz.de\/wp-content\/uploads\/2024\/03\/fdsboehm.png\" alt=\"\" width=\"1966\" height=\"983\" srcset=\"https:\/\/www.zukunft-lankwitz.de\/wp-content\/uploads\/2024\/03\/fdsboehm.png 1966w, https:\/\/www.zukunft-lankwitz.de\/wp-content\/uploads\/2024\/03\/fdsboehm-300x150.png 300w, https:\/\/www.zukunft-lankwitz.de\/wp-content\/uploads\/2024\/03\/fdsboehm-1024x512.png 1024w, https:\/\/www.zukunft-lankwitz.de\/wp-content\/uploads\/2024\/03\/fdsboehm-768x384.png 768w, https:\/\/www.zukunft-lankwitz.de\/wp-content\/uploads\/2024\/03\/fdsboehm-1536x768.png 1536w, https:\/\/www.zukunft-lankwitz.de\/wp-content\/uploads\/2024\/03\/fdsboehm-624x312.png 624w\" sizes=\"auto, (max-width: 1966px) 100vw, 1966px\" \/><\/a><\/p>\n<p><strong>26.06.2024 &#8211; 18.30 &#8211; 20.30 Uhr &#8211; Carolina B\u00f6hm<\/strong><br \/>\nBezirksstadtr\u00e4tin f\u00fcr Jugend und Gesundheit<br \/>\nOnlineumfrage: <a href=\"https:\/\/form.jotform.com\/240631212533342\" target=\"_blank\" rel=\"noopener\">https:\/\/form.jotform.com\/240631212533342<\/a><\/p>\n<p>Wie immer finden auch diese Runden Tisch in Hybrid statt. Das hei\u00dft sie k\u00f6nnen den Runden Tisch in Pr\u00e4senz und Online \u00fcber unseren Discordserver &#8222;Zukunft Lankwitz&#8220; Einladungslink: https:\/\/discord.gg\/UYrvyab88J (sie m\u00fcssen sich bei Discord registrieren) verfolgen.<\/p>\n<div style=\"padding-bottom:10px; padding-top:5px;\" class=\"hupso-share-buttons\"><!-- Hupso Share Buttons - https:\/\/www.hupso.com\/share\/ --><a class=\"hupso_toolbar\" href=\"https:\/\/www.hupso.com\/share\/\"><img decoding=\"async\" src=\"https:\/\/static.hupso.com\/share\/buttons\/lang\/de\/share-medium.png\" style=\"border:0px; padding-top: 5px; float:left;\" alt=\"Share Button\"\/><\/a><script type=\"text\/javascript\">var hupso_services_t=new Array(\"Twitter\",\"Facebook\",\"Google Plus\");var hupso_background_t=\"#EAF4FF\";var hupso_border_t=\"#66CCFF\";var hupso_toolbar_size_t=\"medium\";var hupso_image_folder_url = \"\";var hupso_url_t=\"\";var hupso_title_t=\"Frag%20die%20Stadtr%C3%A4tin%21%20Frag%20den%20Stadtrat%21\";<\/script><script type=\"text\/javascript\" src=\"https:\/\/static.hupso.com\/share\/js\/share_toolbar.js\"><\/script><!-- Hupso Share Buttons --><\/div>","protected":false},"excerpt":{"rendered":"<p>Im Rahmen von Rede mit in Lankwitz, haben wir noch eine besondere Aktion geplant. Frag die Stadtr\u00e4tin! Frag den Stadtrat! Was steckt dahinter? Wir laden zu unterschiedlichen Treffen des Runden Tisch Lankwitz-S\u00fcdende je eine Stadtr\u00e4tin oder Stadtrat ein. Sie haben dann die M\u00f6glichkeit ihnen ihre Fragen zu stellen und mit ihnen ins Gespr\u00e4ch zu gehen. [&hellip;]<\/p>\n<div style=\"padding-bottom:10px; padding-top:5px;\" class=\"hupso-share-buttons\"><!-- Hupso Share Buttons - https:\/\/www.hupso.com\/share\/ --><a class=\"hupso_toolbar\" href=\"https:\/\/www.hupso.com\/share\/\"><img src=\"https:\/\/static.hupso.com\/share\/buttons\/lang\/de\/share-medium.png\" style=\"border:0px; padding-top: 5px; float:left;\" alt=\"Share Button\"\/><\/a><script type=\"text\/javascript\">var hupso_services_t=new Array(\"Twitter\",\"Facebook\",\"Google Plus\");var hupso_background_t=\"#EAF4FF\";var hupso_border_t=\"#66CCFF\";var hupso_toolbar_size_t=\"medium\";var hupso_image_folder_url = \"\";var hupso_url_t=\"\";var hupso_title_t=\"Frag%20die%20Stadtr%C3%A4tin%21%20Frag%20den%20Stadtrat%21\";<\/script><script type=\"text\/javascript\" src=\"https:\/\/static.hupso.com\/share\/js\/share_toolbar.js\"><\/script><!-- Hupso Share Buttons --><\/div>","protected":false},"author":2,"featured_media":0,"comment_status":"closed","ping_status":"closed","sticky":false,"template":"","format":"standard","meta":{"footnotes":""},"categories":[2,117,322],"tags":[330,215,173,331,318],"class_list":["post-3547","post","type-post","status-publish","format-standard","hentry","category-lankwitz","category-marktplatz-der-ideen","category-rede-mit-in-lankwitz","tag-bezirksstadtrat-urban-aykal","tag-bezirksstadtraetin-carolina-boehm","tag-bezirksstadtraetin-richter-kotowski","tag-frag-die-stadtraetin-frag-den-stadtrat","tag-rede-mit-in-lankwitz"],"_links":{"self":[{"href":"https:\/\/www.zukunft-lankwitz.de\/index.php?rest_route=\/wp\/v2\/posts\/3547","targetHints":{"allow":["GET"]}}],"collection":[{"href":"https:\/\/www.zukunft-lankwitz.de\/index.php?rest_route=\/wp\/v2\/posts"}],"about":[{"href":"https:\/\/www.zukunft-lankwitz.de\/index.php?rest_route=\/wp\/v2\/types\/post"}],"author":[{"embeddable":true,"href":"https:\/\/www.zukunft-lankwitz.de\/index.php?rest_route=\/wp\/v2\/users\/2"}],"replies":[{"embeddable":true,"href":"https:\/\/www.zukunft-lankwitz.de\/index.php?rest_route=%2Fwp%2Fv2%2Fcomments&post=3547"}],"version-history":[{"count":3,"href":"https:\/\/www.zukunft-lankwitz.de\/index.php?rest_route=\/wp\/v2\/posts\/3547\/revisions"}],"predecessor-version":[{"id":3553,"href":"https:\/\/www.zukunft-lankwitz.de\/index.php?rest_route=\/wp\/v2\/posts\/3547\/revisions\/3553"}],"wp:attachment":[{"href":"https:\/\/www.zukunft-lankwitz.de\/index.php?rest_route=%2Fwp%2Fv2%2Fmedia&parent=3547"}],"wp:term":[{"taxonomy":"category","embeddable":true,"href":"https:\/\/www.zukunft-lankwitz.de\/index.php?rest_route=%2Fwp%2Fv2%2Fcategories&post=3547"},{"taxonomy":"post_tag","embeddable":true,"href":"https:\/\/www.zukunft-lankwitz.de\/index.php?rest_route=%2Fwp%2Fv2%2Ftags&post=3547"}],"curies":[{"name":"wp","href":"https:\/\/api.w.org\/{rel}","templated":true}]}}