{"id":367,"date":"2015-02-21T16:17:52","date_gmt":"2015-02-21T15:17:52","guid":{"rendered":"http:\/\/www.zukunft-lankwitz.de\/?p=367"},"modified":"2015-02-24T22:05:46","modified_gmt":"2015-02-24T21:05:46","slug":"einladung-zum-runden-tisch-im-maerz","status":"publish","type":"post","link":"https:\/\/www.zukunft-lankwitz.de\/?p=367","title":{"rendered":"Einladung zum Runden Tisch im M\u00e4rz"},"content":{"rendered":"<p><a href=\"http:\/\/www.zukunft-lankwitz.de\/wp-content\/uploads\/2015\/02\/schenkenidee.jpg\"><img loading=\"lazy\" decoding=\"async\" class=\"alignright size-medium wp-image-368\" src=\"http:\/\/www.zukunft-lankwitz.de\/wp-content\/uploads\/2015\/02\/schenkenidee-260x300.jpg\" alt=\"schenkenidee\" width=\"260\" height=\"300\" data-wp-pid=\"368\" srcset=\"https:\/\/www.zukunft-lankwitz.de\/wp-content\/uploads\/2015\/02\/schenkenidee-260x300.jpg 260w, https:\/\/www.zukunft-lankwitz.de\/wp-content\/uploads\/2015\/02\/schenkenidee-886x1024.jpg 886w, https:\/\/www.zukunft-lankwitz.de\/wp-content\/uploads\/2015\/02\/schenkenidee-624x721.jpg 624w, https:\/\/www.zukunft-lankwitz.de\/wp-content\/uploads\/2015\/02\/schenkenidee-692x800.jpg 692w, https:\/\/www.zukunft-lankwitz.de\/wp-content\/uploads\/2015\/02\/schenkenidee.jpg 1000w\" sizes=\"auto, (max-width: 260px) 100vw, 260px\" \/><\/a>Der n\u00e4chste Runde Tisch Lankwitz S\u00fcdende steht an mit einem ganz besonderen Thema. Beim ersten Marktplatz der Ideen 2013 ist die Idee das erste mal formuliert worden, und am 4. M\u00e4rz wird sie nun weitergedacht. Sie ist nicht in vergessenheit geraten, sondern aus vielen verschiedenen pers\u00f6nlichen gr\u00fcnden des Ideengebers nicht weiterverfolgt worden. Nun ist es aber soweit das die Idee wachsen soll und darf, und von daher ist es als Themaschwerpunkt auf der Tagesordnung. Es \u00a0geht um das Thema &#8222;W\u00fcnschen und Schenken&#8220; &#8211; Schenk\u00f6konomie. Hr. Nilse wird das Thema in einem kurzen Input vorstellen und dann wollen wir gemeinsam \u00fcberlegen wie man ihn unterst\u00fctzen kann, oder aber auch wer sich bei dem Projekt gerne beteiligen m\u00f6chte.<\/p>\n<p><a href=\"http:\/\/www.zukunft-lankwitz.de\/wp-content\/uploads\/2015\/02\/20150216_134031.jpg\"><img loading=\"lazy\" decoding=\"async\" class=\"alignleft size-medium wp-image-370\" src=\"http:\/\/www.zukunft-lankwitz.de\/wp-content\/uploads\/2015\/02\/20150216_134031-300x225.jpg\" alt=\"20150216_134031\" width=\"300\" height=\"225\" data-wp-pid=\"370\" srcset=\"https:\/\/www.zukunft-lankwitz.de\/wp-content\/uploads\/2015\/02\/20150216_134031-300x225.jpg 300w, https:\/\/www.zukunft-lankwitz.de\/wp-content\/uploads\/2015\/02\/20150216_134031-624x468.jpg 624w, https:\/\/www.zukunft-lankwitz.de\/wp-content\/uploads\/2015\/02\/20150216_134031-800x600.jpg 800w, https:\/\/www.zukunft-lankwitz.de\/wp-content\/uploads\/2015\/02\/20150216_134031.jpg 1000w\" sizes=\"auto, (max-width: 300px) 100vw, 300px\" \/><\/a><\/p>\n<p>Ein weiterer Tagesordnungspunkt wird ein kurzer Bericht der &#8222;<a title=\"Der Runde Tisch OnTour\" href=\"http:\/\/www.zukunft-lankwitz.de\/?p=324\">Expeditionsgruppe &#8211; Spielplatz der Generationen<\/a>&#8220; die von ihrer <a title=\"Der Runde Tisch OnTour\" href=\"http:\/\/www.zukunft-lankwitz.de\/?p=324\">Exkursion<\/a>\u00a0und erste Entscheidungen die getroffen wurden berichten.\u00a0Im weiteren Verlauf gibt es neben dem Punkt aktuelles aus dem Kiez, auch schon die ersten Informationen zum Stand der Vorbereitungen des Kiezfestes (am 30. Mai 2015) Marktplatz der Ideen 2015 (am 19. und 20. Juni 2015).<\/p>\n<p>Eine bunte Tagesordnung mit vielen verschiedenen Punkten. Wir hoffen auf eine rege Teilnahme und viele Ideen. Und hier nun nochmal alle Informationen im \u00dcberblick:<\/p>\n<p><strong>Datum:<\/strong> 4.03.2015<br \/>\n<strong>Zeit:<\/strong> 18.00 bis ca. 20.00 Uhr<br \/>\n<strong>Ort:<\/strong> Kinder-, Jugend- und Familientreff K\u00e4seglocke<br \/>\nLeonorenstr. 65<br \/>\n12247 Berlin<br \/>\nWir haben die Einladung mit der Tagesordnunug f\u00fcr Sie hier als <a href=\"http:\/\/www.zukunft-lankwitz.de\/wp-content\/uploads\/2015\/02\/einl04032015.pdf\" target=\"_blank\">PDF<\/a> hinterlegt.<\/p>\n<p>&nbsp;<\/p>\n<div style=\"padding-bottom:10px; padding-top:5px;\" class=\"hupso-share-buttons\"><!-- Hupso Share Buttons - https:\/\/www.hupso.com\/share\/ --><a class=\"hupso_toolbar\" href=\"https:\/\/www.hupso.com\/share\/\"><img decoding=\"async\" src=\"https:\/\/static.hupso.com\/share\/buttons\/lang\/de\/share-medium.png\" style=\"border:0px; padding-top: 5px; float:left;\" alt=\"Share Button\"\/><\/a><script type=\"text\/javascript\">var hupso_services_t=new Array(\"Twitter\",\"Facebook\",\"Google Plus\");var hupso_background_t=\"#EAF4FF\";var hupso_border_t=\"#66CCFF\";var hupso_toolbar_size_t=\"medium\";var hupso_image_folder_url = \"\";var hupso_url_t=\"\";var hupso_title_t=\"Einladung%20zum%20Runden%20Tisch%20im%20M%C3%A4rz\";<\/script><script type=\"text\/javascript\" src=\"https:\/\/static.hupso.com\/share\/js\/share_toolbar.js\"><\/script><!-- Hupso Share Buttons --><\/div>","protected":false},"excerpt":{"rendered":"<p>Der n\u00e4chste Runde Tisch Lankwitz S\u00fcdende steht an mit einem ganz besonderen Thema. Beim ersten Marktplatz der Ideen 2013 ist die Idee das erste mal formuliert worden, und am 4. M\u00e4rz wird sie nun weitergedacht. Sie ist nicht in vergessenheit geraten, sondern aus vielen verschiedenen pers\u00f6nlichen gr\u00fcnden des Ideengebers nicht weiterverfolgt worden. Nun ist es [&hellip;]<\/p>\n<div style=\"padding-bottom:10px; padding-top:5px;\" class=\"hupso-share-buttons\"><!-- Hupso Share Buttons - https:\/\/www.hupso.com\/share\/ --><a class=\"hupso_toolbar\" href=\"https:\/\/www.hupso.com\/share\/\"><img src=\"https:\/\/static.hupso.com\/share\/buttons\/lang\/de\/share-medium.png\" style=\"border:0px; padding-top: 5px; float:left;\" alt=\"Share Button\"\/><\/a><script type=\"text\/javascript\">var hupso_services_t=new Array(\"Twitter\",\"Facebook\",\"Google Plus\");var hupso_background_t=\"#EAF4FF\";var hupso_border_t=\"#66CCFF\";var hupso_toolbar_size_t=\"medium\";var hupso_image_folder_url = \"\";var hupso_url_t=\"\";var hupso_title_t=\"Einladung%20zum%20Runden%20Tisch%20im%20M%C3%A4rz\";<\/script><script type=\"text\/javascript\" src=\"https:\/\/static.hupso.com\/share\/js\/share_toolbar.js\"><\/script><!-- Hupso Share Buttons --><\/div>","protected":false},"author":2,"featured_media":0,"comment_status":"open","ping_status":"open","sticky":false,"template":"","format":"standard","meta":{"footnotes":""},"categories":[178,1,2,3],"tags":[44,49,25,100],"class_list":["post-367","post","type-post","status-publish","format-standard","hentry","category-spielplatz-der-generationen","category-allgemein","category-lankwitz","category-runder-tisch","tag-spielplatz-der-generationen","tag-einladung","tag-runder-tisch-lankwitz-suedende","tag-schenkoekonomie"],"_links":{"self":[{"href":"https:\/\/www.zukunft-lankwitz.de\/index.php?rest_route=\/wp\/v2\/posts\/367","targetHints":{"allow":["GET"]}}],"collection":[{"href":"https:\/\/www.zukunft-lankwitz.de\/index.php?rest_route=\/wp\/v2\/posts"}],"about":[{"href":"https:\/\/www.zukunft-lankwitz.de\/index.php?rest_route=\/wp\/v2\/types\/post"}],"author":[{"embeddable":true,"href":"https:\/\/www.zukunft-lankwitz.de\/index.php?rest_route=\/wp\/v2\/users\/2"}],"replies":[{"embeddable":true,"href":"https:\/\/www.zukunft-lankwitz.de\/index.php?rest_route=%2Fwp%2Fv2%2Fcomments&post=367"}],"version-history":[{"count":2,"href":"https:\/\/www.zukunft-lankwitz.de\/index.php?rest_route=\/wp\/v2\/posts\/367\/revisions"}],"predecessor-version":[{"id":388,"href":"https:\/\/www.zukunft-lankwitz.de\/index.php?rest_route=\/wp\/v2\/posts\/367\/revisions\/388"}],"wp:attachment":[{"href":"https:\/\/www.zukunft-lankwitz.de\/index.php?rest_route=%2Fwp%2Fv2%2Fmedia&parent=367"}],"wp:term":[{"taxonomy":"category","embeddable":true,"href":"https:\/\/www.zukunft-lankwitz.de\/index.php?rest_route=%2Fwp%2Fv2%2Fcategories&post=367"},{"taxonomy":"post_tag","embeddable":true,"href":"https:\/\/www.zukunft-lankwitz.de\/index.php?rest_route=%2Fwp%2Fv2%2Ftags&post=367"}],"curies":[{"name":"wp","href":"https:\/\/api.w.org\/{rel}","templated":true}]}}