{"id":422,"date":"2015-03-19T10:00:42","date_gmt":"2015-03-19T09:00:42","guid":{"rendered":"http:\/\/www.zukunft-lankwitz.de\/?p=422"},"modified":"2015-03-19T09:51:58","modified_gmt":"2015-03-19T08:51:58","slug":"wer-macht-die-loecher-zu-artikel-aus-der-berliner-woche","status":"publish","type":"post","link":"https:\/\/www.zukunft-lankwitz.de\/?p=422","title":{"rendered":"Wer macht die L\u00f6cher zu? &#8211; Berliner Woche"},"content":{"rendered":"<p>Berliner Woche \u00a0&#8211; 11. M\u00e4rz 2015 KW 11<br \/>\nStefanie Roloff<\/p>\n<p>Reparaturen von Stra\u00dfensch\u00e4den: Land fehlt Personal f\u00fcr Baustelleneinrichtung<\/p>\n<p>Steglitz-Zehlendorf. Die kurzen Frost-Tau-Wechsel in diesem Winter haben den Stra\u00dfen arg zugesetzt. Sondermittel zur Beseitigung der gr\u00f6\u00dften Sch\u00e4den stehen zur Verf\u00fcgung. Zur Durchf\u00fchrung fehlt h\u00e4ufig die stra\u00dfenverkehrsrechtliche Anordnung des Senats.<\/p>\n<p>Seit 2013 erh\u00e4lt der Bezirk mit dem Schlaglochsanierungsprogramm zus\u00e4tzliche Mittel. Doch die sind l\u00e4ngst nicht ausgegeben. Von den 3,8 Millionen Euro 2013 sind noch rund 1,2 Millionen vorhanden. Auch von den zus\u00e4tzlichen Mitteln aus demJahr 2014 von 2,15 Millionen ist noch etwas \u00fcbrig. \u201eLeider haben wir die stra\u00dfenverkehrsrechtlichen Anordnungen von der Verkehrslenkung Berlin (VLB) h\u00e4ufig nicht bekommen, sodass wir die Mittel nicht vollst\u00e4ndig ausgeben konnten\u201c, stellt Peter Auernhammer vom Fachbereich Tiefbau fest.<\/p>\n<p>Wichtige Projekte wie die Beseitigung der Schlagl\u00f6cher in der KaiserWilhelm-Stra\u00dfe oder dem Ostpreu\u00dfendamm l\u00e4gen daher auf Eis. Dabei n\u00e4hme das Stra\u00dfen- und Gr\u00fcnfl\u00e4chenamt die Beseitigung der Sch\u00e4den sehr Ernst. Sechs Stra\u00dfenbegeher kontrollieren Gehwege und Fahrbahnen und melden Sch\u00e4den. Sind diese gr\u00f6\u00dfer, muss eine Ausschreibung erfolgen. Im Anschluss muss die VLB auf Antrag eine Anordnung erteilen. Nur so kann der Verkehr um die Baustellen herumgelenkt werden. Hier sieht Auernhammer das gr\u00f6\u00dfte Problem, da deren Erteilung aus Personalgr\u00fcnden teilweise bis zu zwei Jahre dauert. Zudem m\u00fcssten die zus\u00e4tzlichen Mittel von 2013 und 2014 sp\u00e4testens dieses Jahr ausgegeben werden, um nicht zu verfallen.<\/p>\n<p>Martin Pallgen, Sprecher in der Senatsverwaltung f\u00fcr Stadtentwicklung und Umwelt, best\u00e4tigt den Engpass: \u201eDer zust\u00e4ndige Bereich war in der VLB unterbesetzt. Seit Anfang Februar sind jedoch zwei neue Mitarbeiter im Einsatz.\u201c Zudem seien den Bezirken zu diesem Zweck 34 neue Stellen zugesichert worden. Pallgen zufolge hake es aber auch an den Antr\u00e4- gen selbst. Oft m\u00fcssten diese mit der Bitte um \u00dcberarbeitung zur\u00fcckgeschickt werden. Deshalb arbeite die VLB daran, die Abstimmung zwischen Bezirks- und Landesebene zu sch\u00e4rfen. Die VLB gehe zudem davon aus, dass die Mittel des Programms aus fr\u00fcheren Jahren \u00fcbertragen werden k\u00f6nnen.<\/p>\n<div style=\"padding-bottom:10px; padding-top:5px;\" class=\"hupso-share-buttons\"><!-- Hupso Share Buttons - https:\/\/www.hupso.com\/share\/ --><a class=\"hupso_toolbar\" href=\"https:\/\/www.hupso.com\/share\/\"><img decoding=\"async\" src=\"https:\/\/static.hupso.com\/share\/buttons\/lang\/de\/share-medium.png\" style=\"border:0px; padding-top: 5px; float:left;\" alt=\"Share Button\"\/><\/a><script type=\"text\/javascript\">var hupso_services_t=new Array(\"Twitter\",\"Facebook\",\"Google Plus\");var hupso_background_t=\"#EAF4FF\";var hupso_border_t=\"#66CCFF\";var hupso_toolbar_size_t=\"medium\";var hupso_image_folder_url = \"\";var hupso_url_t=\"\";var hupso_title_t=\"Wer%20macht%20die%20L%C3%B6cher%20zu%3F%20-%20Berliner%20Woche\";<\/script><script type=\"text\/javascript\" src=\"https:\/\/static.hupso.com\/share\/js\/share_toolbar.js\"><\/script><!-- Hupso Share Buttons --><\/div>","protected":false},"excerpt":{"rendered":"<p>Berliner Woche \u00a0&#8211; 11. M\u00e4rz 2015 KW 11 Stefanie Roloff Reparaturen von Stra\u00dfensch\u00e4den: Land fehlt Personal f\u00fcr Baustelleneinrichtung Steglitz-Zehlendorf. Die kurzen Frost-Tau-Wechsel in diesem Winter haben den Stra\u00dfen arg zugesetzt. Sondermittel zur Beseitigung der gr\u00f6\u00dften Sch\u00e4den stehen zur Verf\u00fcgung. Zur Durchf\u00fchrung fehlt h\u00e4ufig die stra\u00dfenverkehrsrechtliche Anordnung des Senats. Seit 2013 erh\u00e4lt der Bezirk mit dem [&hellip;]<\/p>\n<div style=\"padding-bottom:10px; padding-top:5px;\" class=\"hupso-share-buttons\"><!-- Hupso Share Buttons - https:\/\/www.hupso.com\/share\/ --><a class=\"hupso_toolbar\" href=\"https:\/\/www.hupso.com\/share\/\"><img src=\"https:\/\/static.hupso.com\/share\/buttons\/lang\/de\/share-medium.png\" style=\"border:0px; padding-top: 5px; float:left;\" alt=\"Share Button\"\/><\/a><script type=\"text\/javascript\">var hupso_services_t=new Array(\"Twitter\",\"Facebook\",\"Google Plus\");var hupso_background_t=\"#EAF4FF\";var hupso_border_t=\"#66CCFF\";var hupso_toolbar_size_t=\"medium\";var hupso_image_folder_url = \"\";var hupso_url_t=\"\";var hupso_title_t=\"Wer%20macht%20die%20L%C3%B6cher%20zu%3F%20-%20Berliner%20Woche\";<\/script><script type=\"text\/javascript\" src=\"https:\/\/static.hupso.com\/share\/js\/share_toolbar.js\"><\/script><!-- Hupso Share Buttons --><\/div>","protected":false},"author":2,"featured_media":0,"comment_status":"open","ping_status":"open","sticky":false,"template":"","format":"standard","meta":{"footnotes":""},"categories":[2,28],"tags":[29,122,110,121],"class_list":["post-422","post","type-post","status-publish","format-standard","hentry","category-lankwitz","category-zeitung","tag-berliner-woche","tag-schlagloecher","tag-schlaglochmelder","tag-stefanie-roloff"],"_links":{"self":[{"href":"https:\/\/www.zukunft-lankwitz.de\/index.php?rest_route=\/wp\/v2\/posts\/422","targetHints":{"allow":["GET"]}}],"collection":[{"href":"https:\/\/www.zukunft-lankwitz.de\/index.php?rest_route=\/wp\/v2\/posts"}],"about":[{"href":"https:\/\/www.zukunft-lankwitz.de\/index.php?rest_route=\/wp\/v2\/types\/post"}],"author":[{"embeddable":true,"href":"https:\/\/www.zukunft-lankwitz.de\/index.php?rest_route=\/wp\/v2\/users\/2"}],"replies":[{"embeddable":true,"href":"https:\/\/www.zukunft-lankwitz.de\/index.php?rest_route=%2Fwp%2Fv2%2Fcomments&post=422"}],"version-history":[{"count":2,"href":"https:\/\/www.zukunft-lankwitz.de\/index.php?rest_route=\/wp\/v2\/posts\/422\/revisions"}],"predecessor-version":[{"id":428,"href":"https:\/\/www.zukunft-lankwitz.de\/index.php?rest_route=\/wp\/v2\/posts\/422\/revisions\/428"}],"wp:attachment":[{"href":"https:\/\/www.zukunft-lankwitz.de\/index.php?rest_route=%2Fwp%2Fv2%2Fmedia&parent=422"}],"wp:term":[{"taxonomy":"category","embeddable":true,"href":"https:\/\/www.zukunft-lankwitz.de\/index.php?rest_route=%2Fwp%2Fv2%2Fcategories&post=422"},{"taxonomy":"post_tag","embeddable":true,"href":"https:\/\/www.zukunft-lankwitz.de\/index.php?rest_route=%2Fwp%2Fv2%2Ftags&post=422"}],"curies":[{"name":"wp","href":"https:\/\/api.w.org\/{rel}","templated":true}]}}