{"id":443,"date":"2015-04-06T10:00:18","date_gmt":"2015-04-06T08:00:18","guid":{"rendered":"http:\/\/www.zukunft-lankwitz.de\/?p=443"},"modified":"2015-04-06T10:54:32","modified_gmt":"2015-04-06T08:54:32","slug":"etwas-neues-im-kiez-lankwitzer-salon","status":"publish","type":"post","link":"https:\/\/www.zukunft-lankwitz.de\/?p=443","title":{"rendered":"Etwas neues im Kiez: Lankwitzer Salon"},"content":{"rendered":"<p class=\"post-title entry-title\">Am Freitag, den 24. April, f\u00e4llt der Startschuss f\u00fcr die Gespr\u00e4chsrunde &#8222;Lankwitzer Salon&#8220;, einer gemeinsamen Veranstaltung vom &#8222;Runden Tisch Lankwitz-S\u00fcdende&#8220; und &#8222;<a href=\"http:\/\/www.kiez.report\/\" target=\"_blank\">Kiez.Report<\/a>&#8222;.<\/p>\n<div id=\"post-body-4171673799490804957\" class=\"post-body entry-content\">\n<p>Es gibt kein konkretes Thema und es ist keine klassische Diskussionsrunde. Ziel der Moderatoren ist es Menschen aus unserem Kiez vorzustellen, die in unterschiedlicher Weise unseren Bezirk gestalten.<\/p>\n<div><\/div>\n<p>Wir freuen uns \u00fcber die Zusagen folgender G\u00e4ste:<\/p>\n<p>Rik De Lisle, PD bei 94,3 rs2<a href=\"http:\/\/4.bp.blogspot.com\/-svVCSc7lj_8\/VRHib8Bbf5I\/AAAAAAAACOw\/f1TZTbvM_B4\/s1600\/Logo%2BLS%2B-Entwurf1.png\"><img loading=\"lazy\" decoding=\"async\" class=\" alignright\" src=\"http:\/\/4.bp.blogspot.com\/-svVCSc7lj_8\/VRHib8Bbf5I\/AAAAAAAACOw\/f1TZTbvM_B4\/s1600\/Logo%2BLS%2B-Entwurf1.png\" alt=\"\" width=\"320\" height=\"151\" border=\"0\" \/><\/a><\/p>\n<p>Christa Markl-Vieto, Stadtr\u00e4tin<\/p>\n<p>Yvonne Schaefers, Haus der Optik Lankwitz<\/p>\n<p>Tobias Viernickel, BFC Preussen<\/p>\n<p>&nbsp;<\/p>\n<p>Ab 19 Uhr geht es im <a href=\"http:\/\/www.film-kultur-cafe.de\/\" target=\"_blank\">Film-Kultur-Cafe<\/a> Lankwitz, Zietenstra\u00dfe 24, 12249 Berlin\u00a0los. Der Eintritt kostet 2 Euro und geht als Spende an ein soziales Projekt im Kiez. Es gibt maximal 30 Pl\u00e4tze. Weitere Informationen in K\u00fcrze.<\/p>\n<p>Anmeldungen per Mail an: redaktion@kiez.report<\/p>\n<\/div>\n<div style=\"padding-bottom:10px; padding-top:5px;\" class=\"hupso-share-buttons\"><!-- Hupso Share Buttons - https:\/\/www.hupso.com\/share\/ --><a class=\"hupso_toolbar\" href=\"https:\/\/www.hupso.com\/share\/\"><img decoding=\"async\" src=\"https:\/\/static.hupso.com\/share\/buttons\/lang\/de\/share-medium.png\" style=\"border:0px; padding-top: 5px; float:left;\" alt=\"Share Button\"\/><\/a><script type=\"text\/javascript\">var hupso_services_t=new Array(\"Twitter\",\"Facebook\",\"Google Plus\");var hupso_background_t=\"#EAF4FF\";var hupso_border_t=\"#66CCFF\";var hupso_toolbar_size_t=\"medium\";var hupso_image_folder_url = \"\";var hupso_url_t=\"\";var hupso_title_t=\"Etwas%20neues%20im%20Kiez%3A%20Lankwitzer%20Salon\";<\/script><script type=\"text\/javascript\" src=\"https:\/\/static.hupso.com\/share\/js\/share_toolbar.js\"><\/script><!-- Hupso Share Buttons --><\/div>","protected":false},"excerpt":{"rendered":"<p>Am Freitag, den 24. April, f\u00e4llt der Startschuss f\u00fcr die Gespr\u00e4chsrunde &#8222;Lankwitzer Salon&#8220;, einer gemeinsamen Veranstaltung vom &#8222;Runden Tisch Lankwitz-S\u00fcdende&#8220; und &#8222;Kiez.Report&#8222;. Es gibt kein konkretes Thema und es ist keine klassische Diskussionsrunde. Ziel der Moderatoren ist es Menschen aus unserem Kiez vorzustellen, die in unterschiedlicher Weise unseren Bezirk gestalten. Wir freuen uns \u00fcber die [&hellip;]<\/p>\n<div style=\"padding-bottom:10px; padding-top:5px;\" class=\"hupso-share-buttons\"><!-- Hupso Share Buttons - https:\/\/www.hupso.com\/share\/ --><a class=\"hupso_toolbar\" href=\"https:\/\/www.hupso.com\/share\/\"><img src=\"https:\/\/static.hupso.com\/share\/buttons\/lang\/de\/share-medium.png\" style=\"border:0px; padding-top: 5px; float:left;\" alt=\"Share Button\"\/><\/a><script type=\"text\/javascript\">var hupso_services_t=new Array(\"Twitter\",\"Facebook\",\"Google Plus\");var hupso_background_t=\"#EAF4FF\";var hupso_border_t=\"#66CCFF\";var hupso_toolbar_size_t=\"medium\";var hupso_image_folder_url = \"\";var hupso_url_t=\"\";var hupso_title_t=\"Etwas%20neues%20im%20Kiez%3A%20Lankwitzer%20Salon\";<\/script><script type=\"text\/javascript\" src=\"https:\/\/static.hupso.com\/share\/js\/share_toolbar.js\"><\/script><!-- Hupso Share Buttons --><\/div>","protected":false},"author":2,"featured_media":0,"comment_status":"open","ping_status":"open","sticky":false,"template":"","format":"standard","meta":{"footnotes":""},"categories":[1,2,3,52],"tags":[88,130,25],"class_list":["post-443","post","type-post","status-publish","format-standard","hentry","category-allgemein","category-lankwitz","category-runder-tisch","category-veranstaltungen","tag-kiez-report","tag-lankwitzer-salon","tag-runder-tisch-lankwitz-suedende"],"_links":{"self":[{"href":"https:\/\/www.zukunft-lankwitz.de\/index.php?rest_route=\/wp\/v2\/posts\/443","targetHints":{"allow":["GET"]}}],"collection":[{"href":"https:\/\/www.zukunft-lankwitz.de\/index.php?rest_route=\/wp\/v2\/posts"}],"about":[{"href":"https:\/\/www.zukunft-lankwitz.de\/index.php?rest_route=\/wp\/v2\/types\/post"}],"author":[{"embeddable":true,"href":"https:\/\/www.zukunft-lankwitz.de\/index.php?rest_route=\/wp\/v2\/users\/2"}],"replies":[{"embeddable":true,"href":"https:\/\/www.zukunft-lankwitz.de\/index.php?rest_route=%2Fwp%2Fv2%2Fcomments&post=443"}],"version-history":[{"count":3,"href":"https:\/\/www.zukunft-lankwitz.de\/index.php?rest_route=\/wp\/v2\/posts\/443\/revisions"}],"predecessor-version":[{"id":446,"href":"https:\/\/www.zukunft-lankwitz.de\/index.php?rest_route=\/wp\/v2\/posts\/443\/revisions\/446"}],"wp:attachment":[{"href":"https:\/\/www.zukunft-lankwitz.de\/index.php?rest_route=%2Fwp%2Fv2%2Fmedia&parent=443"}],"wp:term":[{"taxonomy":"category","embeddable":true,"href":"https:\/\/www.zukunft-lankwitz.de\/index.php?rest_route=%2Fwp%2Fv2%2Fcategories&post=443"},{"taxonomy":"post_tag","embeddable":true,"href":"https:\/\/www.zukunft-lankwitz.de\/index.php?rest_route=%2Fwp%2Fv2%2Ftags&post=443"}],"curies":[{"name":"wp","href":"https:\/\/api.w.org\/{rel}","templated":true}]}}