{"id":448,"date":"2015-04-08T10:00:08","date_gmt":"2015-04-08T08:00:08","guid":{"rendered":"http:\/\/www.zukunft-lankwitz.de\/?p=448"},"modified":"2015-04-06T17:07:20","modified_gmt":"2015-04-06T15:07:20","slug":"einladung-zum-runden-tisch-lankwitz-suedende-2","status":"publish","type":"post","link":"https:\/\/www.zukunft-lankwitz.de\/?p=448","title":{"rendered":"Einladung zum Runden Tisch Lankwitz-S\u00fcdende"},"content":{"rendered":"<p>Der n\u00e4chste Runde Tisch Lankwitz-S\u00fcdende steht vor der T\u00fcr, so wie der Fr\u00fchling in unseren Kiez Einzug genommen hat. Die Sonne zeigt sich immer mehr und auch die Menschen halten sich wieder mehr im Freien auf. Mit dem Einzug des Fr\u00fchlings n\u00e4hren sich auch die beiden Veranstaltungen des Jahres: Das \u201eKiez-Fest\u201c und der \u201eMarktplatz der Ideen\u201c. \u00a0Das Grobe ist f\u00fcr beide Veranstaltungen geplant, nun fehlt es nur noch am Feinen, das \u201eWer?, Was?\u201c, Wann? und Wo?\u201c. Das wird neben dem Spielplatz der Generationen, Berlin r\u00e4umt auf und W\u00fcnschen und Schenken das Schwerpunktthema sein.<\/p>\n<p>Der n\u00e4chste Runde Tisch wird stattfinden:<\/p>\n<p>Datum: \u00a0 \u00a0 <strong>15.04.2015<\/strong><br \/>\nZeit:<strong>\u00a0 \u00a0 \u00a0 \u00a0 \u00a0 \u00a018.00 Uhr 09<\/strong><br \/>\nOrt: \u00a0 \u00a0 \u00a0 \u00a0 \u00a0 \u00a0<strong>Kinder-, Jugend- und Familientreff K\u00e4seglocke<\/strong><br \/>\n<strong>\u00a0 \u00a0 \u00a0 \u00a0 \u00a0 \u00a0 \u00a0 \u00a0 \u00a0 \u00a0Leonorenstr. 65<\/strong><br \/>\n<strong>\u00a0 \u00a0 \u00a0 \u00a0 \u00a0 \u00a0 \u00a0 \u00a0 \u00a0 \u00a012247 Berlin<\/strong><br \/>\nWir haben wie immer die <a href=\"http:\/\/www.zukunft-lankwitz.de\/wp-content\/uploads\/2015\/04\/einl15042015.pdf\" target=\"_blank\">Einladung<\/a> als <a href=\"http:\/\/www.zukunft-lankwitz.de\/wp-content\/uploads\/2015\/04\/einl15042015.pdf\" target=\"_blank\">PDF<\/a> f\u00fcr Sie hinterlegt, uns w\u00fcrden \u00fcber eine rege Teilnahme freuen.<\/p>\n<div style=\"padding-bottom:10px; padding-top:5px;\" class=\"hupso-share-buttons\"><!-- Hupso Share Buttons - https:\/\/www.hupso.com\/share\/ --><a class=\"hupso_toolbar\" href=\"https:\/\/www.hupso.com\/share\/\"><img decoding=\"async\" src=\"https:\/\/static.hupso.com\/share\/buttons\/lang\/de\/share-medium.png\" style=\"border:0px; padding-top: 5px; float:left;\" alt=\"Share Button\"\/><\/a><script type=\"text\/javascript\">var hupso_services_t=new Array(\"Twitter\",\"Facebook\",\"Google Plus\");var hupso_background_t=\"#EAF4FF\";var hupso_border_t=\"#66CCFF\";var hupso_toolbar_size_t=\"medium\";var hupso_image_folder_url = \"\";var hupso_url_t=\"\";var hupso_title_t=\"Einladung%20zum%20Runden%20Tisch%20Lankwitz-S%C3%BCdende\";<\/script><script type=\"text\/javascript\" src=\"https:\/\/static.hupso.com\/share\/js\/share_toolbar.js\"><\/script><!-- Hupso Share Buttons --><\/div>","protected":false},"excerpt":{"rendered":"<p>Der n\u00e4chste Runde Tisch Lankwitz-S\u00fcdende steht vor der T\u00fcr, so wie der Fr\u00fchling in unseren Kiez Einzug genommen hat. Die Sonne zeigt sich immer mehr und auch die Menschen halten sich wieder mehr im Freien auf. Mit dem Einzug des Fr\u00fchlings n\u00e4hren sich auch die beiden Veranstaltungen des Jahres: Das \u201eKiez-Fest\u201c und der \u201eMarktplatz der [&hellip;]<\/p>\n<div style=\"padding-bottom:10px; padding-top:5px;\" class=\"hupso-share-buttons\"><!-- Hupso Share Buttons - https:\/\/www.hupso.com\/share\/ --><a class=\"hupso_toolbar\" href=\"https:\/\/www.hupso.com\/share\/\"><img src=\"https:\/\/static.hupso.com\/share\/buttons\/lang\/de\/share-medium.png\" style=\"border:0px; padding-top: 5px; float:left;\" alt=\"Share Button\"\/><\/a><script type=\"text\/javascript\">var hupso_services_t=new Array(\"Twitter\",\"Facebook\",\"Google Plus\");var hupso_background_t=\"#EAF4FF\";var hupso_border_t=\"#66CCFF\";var hupso_toolbar_size_t=\"medium\";var hupso_image_folder_url = \"\";var hupso_url_t=\"\";var hupso_title_t=\"Einladung%20zum%20Runden%20Tisch%20Lankwitz-S%C3%BCdende\";<\/script><script type=\"text\/javascript\" src=\"https:\/\/static.hupso.com\/share\/js\/share_toolbar.js\"><\/script><!-- Hupso Share Buttons --><\/div>","protected":false},"author":2,"featured_media":0,"comment_status":"open","ping_status":"open","sticky":false,"template":"","format":"standard","meta":{"footnotes":""},"categories":[2,117,3],"tags":[44,49,134,8,25],"class_list":["post-448","post","type-post","status-publish","format-standard","hentry","category-lankwitz","category-marktplatz-der-ideen","category-runder-tisch","tag-spielplatz-der-generationen","tag-einladung","tag-kiezfest","tag-marktplatz-der-ideen","tag-runder-tisch-lankwitz-suedende"],"_links":{"self":[{"href":"https:\/\/www.zukunft-lankwitz.de\/index.php?rest_route=\/wp\/v2\/posts\/448","targetHints":{"allow":["GET"]}}],"collection":[{"href":"https:\/\/www.zukunft-lankwitz.de\/index.php?rest_route=\/wp\/v2\/posts"}],"about":[{"href":"https:\/\/www.zukunft-lankwitz.de\/index.php?rest_route=\/wp\/v2\/types\/post"}],"author":[{"embeddable":true,"href":"https:\/\/www.zukunft-lankwitz.de\/index.php?rest_route=\/wp\/v2\/users\/2"}],"replies":[{"embeddable":true,"href":"https:\/\/www.zukunft-lankwitz.de\/index.php?rest_route=%2Fwp%2Fv2%2Fcomments&post=448"}],"version-history":[{"count":1,"href":"https:\/\/www.zukunft-lankwitz.de\/index.php?rest_route=\/wp\/v2\/posts\/448\/revisions"}],"predecessor-version":[{"id":450,"href":"https:\/\/www.zukunft-lankwitz.de\/index.php?rest_route=\/wp\/v2\/posts\/448\/revisions\/450"}],"wp:attachment":[{"href":"https:\/\/www.zukunft-lankwitz.de\/index.php?rest_route=%2Fwp%2Fv2%2Fmedia&parent=448"}],"wp:term":[{"taxonomy":"category","embeddable":true,"href":"https:\/\/www.zukunft-lankwitz.de\/index.php?rest_route=%2Fwp%2Fv2%2Fcategories&post=448"},{"taxonomy":"post_tag","embeddable":true,"href":"https:\/\/www.zukunft-lankwitz.de\/index.php?rest_route=%2Fwp%2Fv2%2Ftags&post=448"}],"curies":[{"name":"wp","href":"https:\/\/api.w.org\/{rel}","templated":true}]}}