{"id":466,"date":"2015-04-23T08:18:15","date_gmt":"2015-04-23T06:18:15","guid":{"rendered":"http:\/\/www.zukunft-lankwitz.de\/?p=466"},"modified":"2015-04-23T08:19:00","modified_gmt":"2015-04-23T06:19:00","slug":"aufruf-zur-gegenkundgebung-am-25-04-2015","status":"publish","type":"post","link":"https:\/\/www.zukunft-lankwitz.de\/?p=466","title":{"rendered":"Aufruf zur Gegenkundgebung am 25.04.2015"},"content":{"rendered":"<p><a href=\"http:\/\/www.zukunft-lankwitz.de\/wp-content\/uploads\/2015\/04\/demo2.jpg\"><img loading=\"lazy\" decoding=\"async\" class=\"alignleft  wp-image-468\" src=\"http:\/\/www.zukunft-lankwitz.de\/wp-content\/uploads\/2015\/04\/demo2-300x212.jpg\" alt=\"demo2\" width=\"300\" height=\"212\" data-wp-pid=\"468\" srcset=\"https:\/\/www.zukunft-lankwitz.de\/wp-content\/uploads\/2015\/04\/demo2-300x212.jpg 300w, https:\/\/www.zukunft-lankwitz.de\/wp-content\/uploads\/2015\/04\/demo2.jpg 578w\" sizes=\"auto, (max-width: 300px) 100vw, 300px\" \/><\/a>Am 25.04.2014 ruft pro Deutschland zu einer B\u00fcrgeranh\u00f6rung gegen die Unterbringung von Asylbewerbern in der Turnhalle Lippst\u00e4tterstra\u00dfe auf. Diese Nachricht wird bei Facebook und anderer Orts seit dem Wochenende verbreitet. Das Stadtteilzentrum Steglitz e.V. hat schnell die Innitiative ergriffen und zu einer Gegenkundgebung aufgerufen die wir hier gerne unterst\u00fctzen m\u00f6chten und Sie aufrufen daran teilzunehmen um das wir alle gemeinsam zeigen k\u00f6nnen wie wir zu einem solchen Aufruf stehen. Hier nun der Aufruf vom Stadtteilzentrum Steglitz e.V.:<\/p>\n<p><em><span id=\"fbPhotoSnowliftCaption\" class=\"fbPhotosPhotoCaption\"><span class=\"hasCaption\"><a href=\"http:\/\/www.zukunft-lankwitz.de\/wp-content\/uploads\/2015\/04\/demo.jpg\"><img loading=\"lazy\" decoding=\"async\" class=\"  wp-image-467 alignright\" src=\"http:\/\/www.zukunft-lankwitz.de\/wp-content\/uploads\/2015\/04\/demo-274x300.jpg\" alt=\"demo\" width=\"291\" height=\"319\" data-wp-pid=\"467\" srcset=\"https:\/\/www.zukunft-lankwitz.de\/wp-content\/uploads\/2015\/04\/demo-274x300.jpg 274w, https:\/\/www.zukunft-lankwitz.de\/wp-content\/uploads\/2015\/04\/demo.jpg 614w\" sizes=\"auto, (max-width: 291px) 100vw, 291px\" \/><\/a>Die rechtsextreme \u201cB\u00fcrgerbewegung\u201d Pro Deutschland hat f\u00fcr Samstag, den 25. April (15 Uhr) zu einer Kundgebung vor der Notunterkunft Lippst\u00e4dter Strasse in Lichterfelde S\u00fcd aufgerufen.<\/span><\/span><\/em><\/p>\n<p><em><strong>Wir rufen alle Demokraten \u2013 egal welcher Partei -, alle engagierten B\u00fcrgerinnen und B\u00fcrger und alle Unterst\u00fctzer einer menschenfreundlichen Willkommenskultur aus ganz Berlin auf, an einer Gegenkundgebung teilzunehmen. Wir stellen uns sch\u00fctzend vor die Notunterkunft und zeigen den Rechtsextremen, dass sie in unserem Bezirk unerw\u00fcnscht sind!<\/strong><\/em><\/p>\n<p><em><strong>Samstag, 25. April 2015 \u2013\u00a0Sporthalle Lippst\u00e4dter Strasse \/<wbr><\/wbr>Ostpreu\u00dfendamm<wbr><\/wbr>, 12207 Berlin.<\/strong><\/em><\/p>\n<p>Bitte teilen Sie diese Nachricht, sprechen mit ihren Freunden, Verwandten und Bekannten. Unterst\u00fctzen Sie bitte diese Aktion und kommen am Samstag den 25.04.2015 zur Lippst\u00e4tterstr. um zu zeigen was die Steglitz-Zehlendorfer von der Aktion halten.<\/p>\n<p>Vielen Dank!<\/p>\n<div style=\"padding-bottom:10px; padding-top:5px;\" class=\"hupso-share-buttons\"><!-- Hupso Share Buttons - https:\/\/www.hupso.com\/share\/ --><a class=\"hupso_toolbar\" href=\"https:\/\/www.hupso.com\/share\/\"><img decoding=\"async\" src=\"https:\/\/static.hupso.com\/share\/buttons\/lang\/de\/share-medium.png\" style=\"border:0px; padding-top: 5px; float:left;\" alt=\"Share Button\"\/><\/a><script type=\"text\/javascript\">var hupso_services_t=new Array(\"Twitter\",\"Facebook\",\"Google Plus\");var hupso_background_t=\"#EAF4FF\";var hupso_border_t=\"#66CCFF\";var hupso_toolbar_size_t=\"medium\";var hupso_image_folder_url = \"\";var hupso_url_t=\"\";var hupso_title_t=\"Aufruf%20zur%20Gegenkundgebung%20am%2025.04.2015\";<\/script><script type=\"text\/javascript\" src=\"https:\/\/static.hupso.com\/share\/js\/share_toolbar.js\"><\/script><!-- Hupso Share Buttons --><\/div>","protected":false},"excerpt":{"rendered":"<p>Am 25.04.2014 ruft pro Deutschland zu einer B\u00fcrgeranh\u00f6rung gegen die Unterbringung von Asylbewerbern in der Turnhalle Lippst\u00e4tterstra\u00dfe auf. Diese Nachricht wird bei Facebook und anderer Orts seit dem Wochenende verbreitet. Das Stadtteilzentrum Steglitz e.V. hat schnell die Innitiative ergriffen und zu einer Gegenkundgebung aufgerufen die wir hier gerne unterst\u00fctzen m\u00f6chten und Sie aufrufen daran teilzunehmen [&hellip;]<\/p>\n<div style=\"padding-bottom:10px; padding-top:5px;\" class=\"hupso-share-buttons\"><!-- Hupso Share Buttons - https:\/\/www.hupso.com\/share\/ --><a class=\"hupso_toolbar\" href=\"https:\/\/www.hupso.com\/share\/\"><img src=\"https:\/\/static.hupso.com\/share\/buttons\/lang\/de\/share-medium.png\" style=\"border:0px; padding-top: 5px; float:left;\" alt=\"Share Button\"\/><\/a><script type=\"text\/javascript\">var hupso_services_t=new Array(\"Twitter\",\"Facebook\",\"Google Plus\");var hupso_background_t=\"#EAF4FF\";var hupso_border_t=\"#66CCFF\";var hupso_toolbar_size_t=\"medium\";var hupso_image_folder_url = \"\";var hupso_url_t=\"\";var hupso_title_t=\"Aufruf%20zur%20Gegenkundgebung%20am%2025.04.2015\";<\/script><script type=\"text\/javascript\" src=\"https:\/\/static.hupso.com\/share\/js\/share_toolbar.js\"><\/script><!-- Hupso Share Buttons --><\/div>","protected":false},"author":2,"featured_media":0,"comment_status":"open","ping_status":"open","sticky":false,"template":"","format":"standard","meta":{"footnotes":""},"categories":[1,52],"tags":[141,139,140],"class_list":["post-466","post","type-post","status-publish","format-standard","hentry","category-allgemein","category-veranstaltungen","tag-fluechtlinge","tag-gegenkundgebung","tag-lippstaetterstrasse"],"_links":{"self":[{"href":"https:\/\/www.zukunft-lankwitz.de\/index.php?rest_route=\/wp\/v2\/posts\/466","targetHints":{"allow":["GET"]}}],"collection":[{"href":"https:\/\/www.zukunft-lankwitz.de\/index.php?rest_route=\/wp\/v2\/posts"}],"about":[{"href":"https:\/\/www.zukunft-lankwitz.de\/index.php?rest_route=\/wp\/v2\/types\/post"}],"author":[{"embeddable":true,"href":"https:\/\/www.zukunft-lankwitz.de\/index.php?rest_route=\/wp\/v2\/users\/2"}],"replies":[{"embeddable":true,"href":"https:\/\/www.zukunft-lankwitz.de\/index.php?rest_route=%2Fwp%2Fv2%2Fcomments&post=466"}],"version-history":[{"count":2,"href":"https:\/\/www.zukunft-lankwitz.de\/index.php?rest_route=\/wp\/v2\/posts\/466\/revisions"}],"predecessor-version":[{"id":470,"href":"https:\/\/www.zukunft-lankwitz.de\/index.php?rest_route=\/wp\/v2\/posts\/466\/revisions\/470"}],"wp:attachment":[{"href":"https:\/\/www.zukunft-lankwitz.de\/index.php?rest_route=%2Fwp%2Fv2%2Fmedia&parent=466"}],"wp:term":[{"taxonomy":"category","embeddable":true,"href":"https:\/\/www.zukunft-lankwitz.de\/index.php?rest_route=%2Fwp%2Fv2%2Fcategories&post=466"},{"taxonomy":"post_tag","embeddable":true,"href":"https:\/\/www.zukunft-lankwitz.de\/index.php?rest_route=%2Fwp%2Fv2%2Ftags&post=466"}],"curies":[{"name":"wp","href":"https:\/\/api.w.org\/{rel}","templated":true}]}}