{"id":471,"date":"2015-04-26T23:51:07","date_gmt":"2015-04-26T21:51:07","guid":{"rendered":"http:\/\/www.zukunft-lankwitz.de\/?p=471"},"modified":"2015-04-26T23:52:08","modified_gmt":"2015-04-26T21:52:08","slug":"steglitz-zehlendorf-zeigt-gesicht","status":"publish","type":"post","link":"https:\/\/www.zukunft-lankwitz.de\/?p=471","title":{"rendered":"Steglitz-Zehlendorf zeigt Gesicht"},"content":{"rendered":"<p><img loading=\"lazy\" decoding=\"async\" class=\"alignleft size-medium wp-image-475\" src=\"http:\/\/www.zukunft-lankwitz.de\/wp-content\/uploads\/2015\/04\/IMG-20150425-WA0042-300x169.jpg\" alt=\"IMG-20150425-WA0042\" width=\"300\" height=\"169\" data-wp-pid=\"475\" srcset=\"https:\/\/www.zukunft-lankwitz.de\/wp-content\/uploads\/2015\/04\/IMG-20150425-WA0042-300x169.jpg 300w, https:\/\/www.zukunft-lankwitz.de\/wp-content\/uploads\/2015\/04\/IMG-20150425-WA0042-1024x576.jpg 1024w, https:\/\/www.zukunft-lankwitz.de\/wp-content\/uploads\/2015\/04\/IMG-20150425-WA0042-624x351.jpg 624w, https:\/\/www.zukunft-lankwitz.de\/wp-content\/uploads\/2015\/04\/IMG-20150425-WA0042-800x450.jpg 800w, https:\/\/www.zukunft-lankwitz.de\/wp-content\/uploads\/2015\/04\/IMG-20150425-WA0042.jpg 1280w\" sizes=\"auto, (max-width: 300px) 100vw, 300px\" \/>Am Samstag den 25.04.2015, 14.30 Uhr vor der Sporthalle an der Lippst\u00e4tterstra\u00dfe wo seid Weihnachten Fl\u00fcchtlinge aus aller Welt in einer Notunterkunft untergebracht werden bis sie zu ihren entg\u00fcltigen Unterk\u00fcnften gebracht werden k\u00f6nnen. Die Lippst\u00e4tterstra\u00dfe ist vorne und hinten abgesprerrt. Auf dem Ostpreu\u00dfendamm laufen soviele Menschen einzeln und in Gruppen wie wahrscheinlich nicht in einem Monat da lang laufen. Die Frage ist wo wollen sie hin? Zur Kundgebung von Pro Deutschland oder zur Gegenkundgebung wo das Stadtteilzentrum Steglitz e.V. und das Willkommensb\u00fcndnis Steglitz-Zehlendorf zu aufgerufen hat. Wir haben hinter der Lippst\u00e4tterstr. einen Parkplatz gefunden und kommen von hinten an\u00a0eine grosse Gruppe von Menschen ran. Es stellt sich immernoch die Frage wer sind sie? Je <a href=\"http:\/\/www.zukunft-lankwitz.de\/wp-content\/uploads\/2015\/04\/20150425_154725.jpg\"><img loading=\"lazy\" decoding=\"async\" class=\"  wp-image-472 alignright\" src=\"http:\/\/www.zukunft-lankwitz.de\/wp-content\/uploads\/2015\/04\/20150425_154725-300x225.jpg\" alt=\"20150425_154725\" width=\"271\" height=\"203\" data-wp-pid=\"472\" srcset=\"https:\/\/www.zukunft-lankwitz.de\/wp-content\/uploads\/2015\/04\/20150425_154725-300x225.jpg 300w, https:\/\/www.zukunft-lankwitz.de\/wp-content\/uploads\/2015\/04\/20150425_154725-1024x768.jpg 1024w, https:\/\/www.zukunft-lankwitz.de\/wp-content\/uploads\/2015\/04\/20150425_154725-624x468.jpg 624w, https:\/\/www.zukunft-lankwitz.de\/wp-content\/uploads\/2015\/04\/20150425_154725-800x600.jpg 800w\" sizes=\"auto, (max-width: 271px) 100vw, 271px\" \/><\/a>n\u00e4her wir kommen, desdo klarer wird es. Es sind Fahnen der verschiedenen Parteien der BVV zu sehen, Transparente werden hochgehalten, Menschen haben Schilder um. Wir haben die Gegenkundgebung gefunden. Wo aber ist die Kundgebung. Es war ein Mann mit einem Mikro, ein Mann mit einem Schild und \u00a0vielleicht 10 bis 15 Zuh\u00f6rer. Ihnen Gegen\u00fcber standen rund 450 Menschen die klar sagten Fl\u00fcchtlinge sind Willkommen und kein Platz f\u00fcr rechtes Gedankengut!<\/p>\n<p><img loading=\"lazy\" decoding=\"async\" class=\"  wp-image-473 alignleft\" src=\"http:\/\/www.zukunft-lankwitz.de\/wp-content\/uploads\/2015\/04\/IMG-20150425-WA0040-300x169.jpg\" alt=\"IMG-20150425-WA0040\" width=\"357\" height=\"201\" data-wp-pid=\"473\" srcset=\"https:\/\/www.zukunft-lankwitz.de\/wp-content\/uploads\/2015\/04\/IMG-20150425-WA0040-300x169.jpg 300w, https:\/\/www.zukunft-lankwitz.de\/wp-content\/uploads\/2015\/04\/IMG-20150425-WA0040-1024x576.jpg 1024w, https:\/\/www.zukunft-lankwitz.de\/wp-content\/uploads\/2015\/04\/IMG-20150425-WA0040-624x351.jpg 624w, https:\/\/www.zukunft-lankwitz.de\/wp-content\/uploads\/2015\/04\/IMG-20150425-WA0040-800x450.jpg 800w, https:\/\/www.zukunft-lankwitz.de\/wp-content\/uploads\/2015\/04\/IMG-20150425-WA0040.jpg 1280w\" sizes=\"auto, (max-width: 357px) 100vw, 357px\" \/>Es war sch\u00f6n dabei gewesen zu sein, speziell in der heutigen Zeit wo man immer mehr das Gef\u00fchl hat das die Menschen nur noch bis zu ihrer eigenen Wohnungst\u00fcr und ihrern Vorgarten denken, ist es sch\u00f6n das wir gemeinsam bei einer solch wichtigen Sache wie den Rechten die Stirn zu zeigen die Menschen rauskommen und gemeinsam eine Front bilden mit der ganz klaren Nachricht: Fl\u00fcchtlinge sind Willkommen!<\/p>\n<div style=\"padding-bottom:10px; padding-top:5px;\" class=\"hupso-share-buttons\"><!-- Hupso Share Buttons - https:\/\/www.hupso.com\/share\/ --><a class=\"hupso_toolbar\" href=\"https:\/\/www.hupso.com\/share\/\"><img decoding=\"async\" src=\"https:\/\/static.hupso.com\/share\/buttons\/lang\/de\/share-medium.png\" style=\"border:0px; padding-top: 5px; float:left;\" alt=\"Share Button\"\/><\/a><script type=\"text\/javascript\">var hupso_services_t=new Array(\"Twitter\",\"Facebook\",\"Google Plus\");var hupso_background_t=\"#EAF4FF\";var hupso_border_t=\"#66CCFF\";var hupso_toolbar_size_t=\"medium\";var hupso_image_folder_url = \"\";var hupso_url_t=\"\";var hupso_title_t=\"Steglitz-Zehlendorf%20zeigt%20Gesicht\";<\/script><script type=\"text\/javascript\" src=\"https:\/\/static.hupso.com\/share\/js\/share_toolbar.js\"><\/script><!-- Hupso Share Buttons --><\/div>","protected":false},"excerpt":{"rendered":"<p>Am Samstag den 25.04.2015, 14.30 Uhr vor der Sporthalle an der Lippst\u00e4tterstra\u00dfe wo seid Weihnachten Fl\u00fcchtlinge aus aller Welt in einer Notunterkunft untergebracht werden bis sie zu ihren entg\u00fcltigen Unterk\u00fcnften gebracht werden k\u00f6nnen. Die Lippst\u00e4tterstra\u00dfe ist vorne und hinten abgesprerrt. Auf dem Ostpreu\u00dfendamm laufen soviele Menschen einzeln und in Gruppen wie wahrscheinlich nicht in einem [&hellip;]<\/p>\n<div style=\"padding-bottom:10px; padding-top:5px;\" class=\"hupso-share-buttons\"><!-- Hupso Share Buttons - https:\/\/www.hupso.com\/share\/ --><a class=\"hupso_toolbar\" href=\"https:\/\/www.hupso.com\/share\/\"><img src=\"https:\/\/static.hupso.com\/share\/buttons\/lang\/de\/share-medium.png\" style=\"border:0px; padding-top: 5px; float:left;\" alt=\"Share Button\"\/><\/a><script type=\"text\/javascript\">var hupso_services_t=new Array(\"Twitter\",\"Facebook\",\"Google Plus\");var hupso_background_t=\"#EAF4FF\";var hupso_border_t=\"#66CCFF\";var hupso_toolbar_size_t=\"medium\";var hupso_image_folder_url = \"\";var hupso_url_t=\"\";var hupso_title_t=\"Steglitz-Zehlendorf%20zeigt%20Gesicht\";<\/script><script type=\"text\/javascript\" src=\"https:\/\/static.hupso.com\/share\/js\/share_toolbar.js\"><\/script><!-- Hupso Share Buttons --><\/div>","protected":false},"author":2,"featured_media":0,"comment_status":"open","ping_status":"open","sticky":false,"template":"","format":"standard","meta":{"footnotes":""},"categories":[1],"tags":[141,139,142],"class_list":["post-471","post","type-post","status-publish","format-standard","hentry","category-allgemein","tag-fluechtlinge","tag-gegenkundgebung","tag-lichterfelde"],"_links":{"self":[{"href":"https:\/\/www.zukunft-lankwitz.de\/index.php?rest_route=\/wp\/v2\/posts\/471","targetHints":{"allow":["GET"]}}],"collection":[{"href":"https:\/\/www.zukunft-lankwitz.de\/index.php?rest_route=\/wp\/v2\/posts"}],"about":[{"href":"https:\/\/www.zukunft-lankwitz.de\/index.php?rest_route=\/wp\/v2\/types\/post"}],"author":[{"embeddable":true,"href":"https:\/\/www.zukunft-lankwitz.de\/index.php?rest_route=\/wp\/v2\/users\/2"}],"replies":[{"embeddable":true,"href":"https:\/\/www.zukunft-lankwitz.de\/index.php?rest_route=%2Fwp%2Fv2%2Fcomments&post=471"}],"version-history":[{"count":2,"href":"https:\/\/www.zukunft-lankwitz.de\/index.php?rest_route=\/wp\/v2\/posts\/471\/revisions"}],"predecessor-version":[{"id":477,"href":"https:\/\/www.zukunft-lankwitz.de\/index.php?rest_route=\/wp\/v2\/posts\/471\/revisions\/477"}],"wp:attachment":[{"href":"https:\/\/www.zukunft-lankwitz.de\/index.php?rest_route=%2Fwp%2Fv2%2Fmedia&parent=471"}],"wp:term":[{"taxonomy":"category","embeddable":true,"href":"https:\/\/www.zukunft-lankwitz.de\/index.php?rest_route=%2Fwp%2Fv2%2Fcategories&post=471"},{"taxonomy":"post_tag","embeddable":true,"href":"https:\/\/www.zukunft-lankwitz.de\/index.php?rest_route=%2Fwp%2Fv2%2Ftags&post=471"}],"curies":[{"name":"wp","href":"https:\/\/api.w.org\/{rel}","templated":true}]}}