{"id":479,"date":"2015-04-27T08:07:51","date_gmt":"2015-04-27T06:07:51","guid":{"rendered":"http:\/\/www.zukunft-lankwitz.de\/?p=479"},"modified":"2015-04-27T08:13:28","modified_gmt":"2015-04-27T06:13:28","slug":"lankwitzer-salon-1-auflage-ein-erfolg","status":"publish","type":"post","link":"https:\/\/www.zukunft-lankwitz.de\/?p=479","title":{"rendered":"Lankwitzer Salon 1`te Auflage &#8211; Ein Erfolg"},"content":{"rendered":"<p><img loading=\"lazy\" decoding=\"async\" class=\" alignleft\" src=\"http:\/\/4.bp.blogspot.com\/-svVCSc7lj_8\/VRHib8Bbf5I\/AAAAAAAACOw\/f1TZTbvM_B4\/s1600\/Logo%2BLS%2B-Entwurf1.png\" alt=\"\" width=\"320\" height=\"151\" border=\"0\" \/>Am Anfang ist wie bei den meisten Dingen eine Idee! Diese entstand bei einem netten Plausch im Film-Kultur-Caf\u00e9 mit unserem allseits beliebten Kiez-Reporter. Wir plauschten \u00fcber dies und das, \u00fcber Lankwitz und die Menschen, die in unser aller Kiez wohnen. Die Lankwitzer sind besonders. Das denken wahrscheinlich alle Bezirke irgendwo von sich, aber ich denke in Lankwitz ist alles ein bisschen langsamer, als im Rest der Welt. Das ist nicht negativ gemeint, sonder total positiv. Ich bin selbst in Lankwitz gro\u00df geworden und h\u00e4tte mich das Schicksal nicht nach Lichterfelde verschlagen, w\u00fcrde ich da heute noch wohnen und nicht nur arbeiten. &#8211; Die Frage die im Raum stand war, was k\u00f6nnte die Lankwitzer interessieren, was k\u00f6nnten sie spannend finden und w\u00fcrden sie\u00a0an einem Abend ihr Haus verlassen? Wir kamen auf eine Art von Talkrunde mit interessanten G\u00e4sten aus den unterschiedlichsten Bereichen. Die Idee war geboren und war einfach toll. Nur man wei\u00df ja nie, ob das auch andere Menschen finden? Das war die Herausforderung. Die G\u00e4ste waren schnell gefunden und sie hatten auch alle Zeit und Lust zu kommen. Am Freitag war es dann soweit, 19.00 Uhr im Film-Kultur-Caf\u00e9 in Lankwitz. Ab 18.30 Uhr f\u00fcllte sich der kleine Raum. Die Stimmung war gut und die Spannung gro\u00df.<\/p>\n<p>Das Konzept sieht einen unterhaltsamen kleinen Plausch \u00fcber 2 Stunden mit den verschiedensten Menschen aus den unterschiedlichsten \u00a0Bereichen vor. Es gibt kein vorgefertigtes Thema, sondern die Themen entstehen im Gespr\u00e4ch. Das ganze wurde moderiert von Silvia H\u00e4rtel, Sprecherin vom Runden Tisch Lankwitz-S\u00fcdende und Patrick Meyer, freier Fernsehjournalist und Kiez-Reporter. Unsere G\u00e4ste kamen aus den Bereichen Rundfunk, Politik, Gewerbe und Sport:<\/p>\n<div id=\"attachment_481\" style=\"width: 310px\" class=\"wp-caption alignleft\"><img loading=\"lazy\" decoding=\"async\" aria-describedby=\"caption-attachment-481\" class=\"wp-image-481 size-medium\" src=\"http:\/\/www.zukunft-lankwitz.de\/wp-content\/uploads\/2015\/04\/IMG-20150425-WA0006-300x169.jpg\" alt=\"IMG-20150425-WA0006\" width=\"300\" height=\"169\" data-wp-pid=\"481\" srcset=\"https:\/\/www.zukunft-lankwitz.de\/wp-content\/uploads\/2015\/04\/IMG-20150425-WA0006-300x169.jpg 300w, https:\/\/www.zukunft-lankwitz.de\/wp-content\/uploads\/2015\/04\/IMG-20150425-WA0006-1024x578.jpg 1024w, https:\/\/www.zukunft-lankwitz.de\/wp-content\/uploads\/2015\/04\/IMG-20150425-WA0006-624x352.jpg 624w, https:\/\/www.zukunft-lankwitz.de\/wp-content\/uploads\/2015\/04\/IMG-20150425-WA0006-800x452.jpg 800w, https:\/\/www.zukunft-lankwitz.de\/wp-content\/uploads\/2015\/04\/IMG-20150425-WA0006.jpg 1280w\" sizes=\"auto, (max-width: 300px) 100vw, 300px\" \/><p id=\"caption-attachment-481\" class=\"wp-caption-text\">Frau Schaefers und Rik de Lise<\/p><\/div>\n<p>Rik De Lisle,\u00a0 Programmdirektor von 94,3 rs2<\/p>\n<p>Yvonne Schaefers, Gesch\u00e4ftsf\u00fchrerin Haus der Optik Lankwitz, Verkaufs- und Kommunikationstrainerin<\/p>\n<p>&nbsp;<\/p>\n<div id=\"attachment_482\" style=\"width: 310px\" class=\"wp-caption alignleft\"><img loading=\"lazy\" decoding=\"async\" aria-describedby=\"caption-attachment-482\" class=\"wp-image-482 size-medium\" src=\"http:\/\/www.zukunft-lankwitz.de\/wp-content\/uploads\/2015\/04\/IMG-20150425-WA0007-300x169.jpg\" alt=\"IMG-20150425-WA0007\" width=\"300\" height=\"169\" data-wp-pid=\"482\" srcset=\"https:\/\/www.zukunft-lankwitz.de\/wp-content\/uploads\/2015\/04\/IMG-20150425-WA0007-300x169.jpg 300w, https:\/\/www.zukunft-lankwitz.de\/wp-content\/uploads\/2015\/04\/IMG-20150425-WA0007-1024x578.jpg 1024w, https:\/\/www.zukunft-lankwitz.de\/wp-content\/uploads\/2015\/04\/IMG-20150425-WA0007-624x352.jpg 624w, https:\/\/www.zukunft-lankwitz.de\/wp-content\/uploads\/2015\/04\/IMG-20150425-WA0007-800x452.jpg 800w, https:\/\/www.zukunft-lankwitz.de\/wp-content\/uploads\/2015\/04\/IMG-20150425-WA0007.jpg 1280w\" sizes=\"auto, (max-width: 300px) 100vw, 300px\" \/><p id=\"caption-attachment-482\" class=\"wp-caption-text\">Herr Viernickel und Frau Markl-Vieto<\/p><\/div>\n<p>&nbsp;<\/p>\n<p>Christa Markl-Vieto, Bezirksstadtr\u00e4tin f\u00fcr die Abteilungen Jugend, Gesundheit, Umwelt und Tiefbau<\/p>\n<p>Tobias Viernickel, Vize-Pr\u00e4sident des BFC Preussen 1894 e.V.<\/p>\n<p>&nbsp;<\/p>\n<p><!--more--><\/p>\n<p>&nbsp;<\/p>\n<p>Eine interessante Mischung von Menschen, die alle was zum Kiez und Steglitz-Zehlendorf zu erz\u00e4hlen hatten. Wir k\u00f6nnen hier nicht die Gespr\u00e4che wiedergeben, das w\u00e4re zuviel und auch nicht der Sinn des Lankwitzer-Salons. Die Geschichten waren ein bunter Mix aus beruflich und privat, interessant und unterhaltsam. Die zwei Stunden waren schwups vorbei und der erste Lankwitzer Salon ist mit Erfolg zu Ende gegangen.<\/p>\n<p><a href=\"http:\/\/www.zukunft-lankwitz.de\/wp-content\/uploads\/2015\/04\/IMG-20150425-WA0011.jpg\"><img loading=\"lazy\" decoding=\"async\" class=\"  wp-image-483 aligncenter\" src=\"http:\/\/www.zukunft-lankwitz.de\/wp-content\/uploads\/2015\/04\/IMG-20150425-WA0011-300x169.jpg\" alt=\"IMG-20150425-WA0011\" width=\"394\" height=\"222\" data-wp-pid=\"483\" srcset=\"https:\/\/www.zukunft-lankwitz.de\/wp-content\/uploads\/2015\/04\/IMG-20150425-WA0011-300x169.jpg 300w, https:\/\/www.zukunft-lankwitz.de\/wp-content\/uploads\/2015\/04\/IMG-20150425-WA0011-1024x578.jpg 1024w, https:\/\/www.zukunft-lankwitz.de\/wp-content\/uploads\/2015\/04\/IMG-20150425-WA0011-624x352.jpg 624w, https:\/\/www.zukunft-lankwitz.de\/wp-content\/uploads\/2015\/04\/IMG-20150425-WA0011-800x452.jpg 800w, https:\/\/www.zukunft-lankwitz.de\/wp-content\/uploads\/2015\/04\/IMG-20150425-WA0011.jpg 1280w\" sizes=\"auto, (max-width: 394px) 100vw, 394px\" \/><\/a><\/p>\n<p>Von vielen verschiedenen Seiten wurde an uns herangetragen, und auch von unseren G\u00e4sten am Tisch, das dies eine wirklich gute Idee sei und wir das unbedingt wieder machen m\u00fcssen. Das sehen wir beide genauso. Ein neuer Termin steht noch nicht fest, aber wir machen an dieser Stelle weiter. Sobald wir einen Termin haben, werden wir ihn bekannt geben. So freuen wir uns auch den zweiten Lankwitzer Salon und vielleicht waren sie ja bei der ersten Auflage dabei und haben Lust ein paar Ihrer Eindr\u00fccke in den Kommentar dieses Artikels zu schreiben.<\/p>\n<p><img loading=\"lazy\" decoding=\"async\" class=\"  wp-image-484 alignleft\" src=\"http:\/\/www.zukunft-lankwitz.de\/wp-content\/uploads\/2015\/04\/IMG-20150425-WA0023-300x169.jpg\" alt=\"IMG-20150425-WA0023\" width=\"264\" height=\"149\" data-wp-pid=\"484\" srcset=\"https:\/\/www.zukunft-lankwitz.de\/wp-content\/uploads\/2015\/04\/IMG-20150425-WA0023-300x169.jpg 300w, https:\/\/www.zukunft-lankwitz.de\/wp-content\/uploads\/2015\/04\/IMG-20150425-WA0023-1024x578.jpg 1024w, https:\/\/www.zukunft-lankwitz.de\/wp-content\/uploads\/2015\/04\/IMG-20150425-WA0023-624x352.jpg 624w, https:\/\/www.zukunft-lankwitz.de\/wp-content\/uploads\/2015\/04\/IMG-20150425-WA0023-800x452.jpg 800w, https:\/\/www.zukunft-lankwitz.de\/wp-content\/uploads\/2015\/04\/IMG-20150425-WA0023.jpg 1280w\" sizes=\"auto, (max-width: 264px) 100vw, 264px\" \/>Vielen Dank an dieser Stelle an alle, die da waren und den ersten Lankwitzer Salon zu einem guten ersten Auftritt verholfen haben.<\/p>\n<p><img loading=\"lazy\" decoding=\"async\" class=\"  wp-image-485 alignright\" src=\"http:\/\/www.zukunft-lankwitz.de\/wp-content\/uploads\/2015\/04\/IMG-20150425-WA0029-300x169.jpg\" alt=\"IMG-20150425-WA0029\" width=\"256\" height=\"144\" data-wp-pid=\"485\" srcset=\"https:\/\/www.zukunft-lankwitz.de\/wp-content\/uploads\/2015\/04\/IMG-20150425-WA0029-300x169.jpg 300w, https:\/\/www.zukunft-lankwitz.de\/wp-content\/uploads\/2015\/04\/IMG-20150425-WA0029-1024x578.jpg 1024w, https:\/\/www.zukunft-lankwitz.de\/wp-content\/uploads\/2015\/04\/IMG-20150425-WA0029-624x352.jpg 624w, https:\/\/www.zukunft-lankwitz.de\/wp-content\/uploads\/2015\/04\/IMG-20150425-WA0029-800x452.jpg 800w, https:\/\/www.zukunft-lankwitz.de\/wp-content\/uploads\/2015\/04\/IMG-20150425-WA0029.jpg 1280w\" sizes=\"auto, (max-width: 256px) 100vw, 256px\" \/><\/p>\n<p>&nbsp;<\/p>\n<div style=\"padding-bottom:10px; padding-top:5px;\" class=\"hupso-share-buttons\"><!-- Hupso Share Buttons - https:\/\/www.hupso.com\/share\/ --><a class=\"hupso_toolbar\" href=\"https:\/\/www.hupso.com\/share\/\"><img decoding=\"async\" src=\"https:\/\/static.hupso.com\/share\/buttons\/lang\/de\/share-medium.png\" style=\"border:0px; padding-top: 5px; float:left;\" alt=\"Share Button\"\/><\/a><script type=\"text\/javascript\">var hupso_services_t=new Array(\"Twitter\",\"Facebook\",\"Google Plus\");var hupso_background_t=\"#EAF4FF\";var hupso_border_t=\"#66CCFF\";var hupso_toolbar_size_t=\"medium\";var hupso_image_folder_url = \"\";var hupso_url_t=\"\";var hupso_title_t=\"Lankwitzer%20Salon%201%60te%20Auflage%20-%20Ein%20Erfolg\";<\/script><script type=\"text\/javascript\" src=\"https:\/\/static.hupso.com\/share\/js\/share_toolbar.js\"><\/script><!-- Hupso Share Buttons --><\/div>","protected":false},"excerpt":{"rendered":"<p>Am Anfang ist wie bei den meisten Dingen eine Idee! Diese entstand bei einem netten Plausch im Film-Kultur-Caf\u00e9 mit unserem allseits beliebten Kiez-Reporter. Wir plauschten \u00fcber dies und das, \u00fcber Lankwitz und die Menschen, die in unser aller Kiez wohnen. Die Lankwitzer sind besonders. Das denken wahrscheinlich alle Bezirke irgendwo von sich, aber ich denke [&hellip;]<\/p>\n<div style=\"padding-bottom:10px; padding-top:5px;\" class=\"hupso-share-buttons\"><!-- Hupso Share Buttons - https:\/\/www.hupso.com\/share\/ --><a class=\"hupso_toolbar\" href=\"https:\/\/www.hupso.com\/share\/\"><img src=\"https:\/\/static.hupso.com\/share\/buttons\/lang\/de\/share-medium.png\" style=\"border:0px; padding-top: 5px; float:left;\" alt=\"Share Button\"\/><\/a><script type=\"text\/javascript\">var hupso_services_t=new Array(\"Twitter\",\"Facebook\",\"Google Plus\");var hupso_background_t=\"#EAF4FF\";var hupso_border_t=\"#66CCFF\";var hupso_toolbar_size_t=\"medium\";var hupso_image_folder_url = \"\";var hupso_url_t=\"\";var hupso_title_t=\"Lankwitzer%20Salon%201%60te%20Auflage%20-%20Ein%20Erfolg\";<\/script><script type=\"text\/javascript\" src=\"https:\/\/static.hupso.com\/share\/js\/share_toolbar.js\"><\/script><!-- Hupso Share Buttons --><\/div>","protected":false},"author":2,"featured_media":0,"comment_status":"open","ping_status":"open","sticky":false,"template":"","format":"standard","meta":{"footnotes":""},"categories":[1,143,52],"tags":[145,149,144,146,147,148],"class_list":["post-479","post","type-post","status-publish","format-standard","hentry","category-allgemein","category-lankwitzer-salon","category-veranstaltungen","tag-christa-markl-vieto","tag-film-kultur-cafe","tag-lankwitzer-salaon","tag-rik-de-lise","tag-tobias-viernickel","tag-yvonne-schaerfers"],"_links":{"self":[{"href":"https:\/\/www.zukunft-lankwitz.de\/index.php?rest_route=\/wp\/v2\/posts\/479","targetHints":{"allow":["GET"]}}],"collection":[{"href":"https:\/\/www.zukunft-lankwitz.de\/index.php?rest_route=\/wp\/v2\/posts"}],"about":[{"href":"https:\/\/www.zukunft-lankwitz.de\/index.php?rest_route=\/wp\/v2\/types\/post"}],"author":[{"embeddable":true,"href":"https:\/\/www.zukunft-lankwitz.de\/index.php?rest_route=\/wp\/v2\/users\/2"}],"replies":[{"embeddable":true,"href":"https:\/\/www.zukunft-lankwitz.de\/index.php?rest_route=%2Fwp%2Fv2%2Fcomments&post=479"}],"version-history":[{"count":5,"href":"https:\/\/www.zukunft-lankwitz.de\/index.php?rest_route=\/wp\/v2\/posts\/479\/revisions"}],"predecessor-version":[{"id":489,"href":"https:\/\/www.zukunft-lankwitz.de\/index.php?rest_route=\/wp\/v2\/posts\/479\/revisions\/489"}],"wp:attachment":[{"href":"https:\/\/www.zukunft-lankwitz.de\/index.php?rest_route=%2Fwp%2Fv2%2Fmedia&parent=479"}],"wp:term":[{"taxonomy":"category","embeddable":true,"href":"https:\/\/www.zukunft-lankwitz.de\/index.php?rest_route=%2Fwp%2Fv2%2Fcategories&post=479"},{"taxonomy":"post_tag","embeddable":true,"href":"https:\/\/www.zukunft-lankwitz.de\/index.php?rest_route=%2Fwp%2Fv2%2Ftags&post=479"}],"curies":[{"name":"wp","href":"https:\/\/api.w.org\/{rel}","templated":true}]}}