{"id":543,"date":"2015-06-06T12:58:04","date_gmt":"2015-06-06T10:58:04","guid":{"rendered":"http:\/\/www.zukunft-lankwitz.de\/?p=543"},"modified":"2015-06-06T13:09:35","modified_gmt":"2015-06-06T11:09:35","slug":"marktplatz-der-ideen-2015-es-geht-bald-los","status":"publish","type":"post","link":"https:\/\/www.zukunft-lankwitz.de\/?p=543","title":{"rendered":"Marktplatz der Ideen 2015 &#8211; Es geht bald los!"},"content":{"rendered":"<p><img loading=\"lazy\" decoding=\"async\" class=\"alignright wp-image-257\" src=\"http:\/\/lalisz.files.wordpress.com\/2014\/08\/logo.jpg?w=300\" alt=\"Logo\" width=\"254\" height=\"171\" \/><br \/>\nJeder hat etwas was ihn st\u00f6rt, was er erhaltenswert findet oder was er gerne ver\u00e4ndernw\u00fcrde. Velleicht hat noch jemand anderes die gleiche Idee oder eine \u00e4hnliche. Wie bekommt man die beiden zusammen? Auf einem Marktplatz hat man die M\u00f6glichkeit sich zu begegnen kurz oder auch l\u00e4nger zu plauschen und Verabredungen zu treffen.<\/p>\n<p><a href=\"https:\/\/lalisz.files.wordpress.com\/2014\/08\/2013.jpg\"><img loading=\"lazy\" decoding=\"async\" class=\"alignleft wp-image-258 size-medium\" src=\"http:\/\/lalisz.files.wordpress.com\/2014\/08\/2013.jpg?w=255\" alt=\"2013\" width=\"255\" height=\"300\" \/><\/a>Die Idee wurde am\u00a0<a href=\"http:\/\/www.runde-tische-steglitz-zehlendorf.de\/index.php?option=com_content&amp;view=article&amp;id=14&amp;Itemid=15\" target=\"_blank\">Runden Tisch Lankwitz-S\u00fcdende<\/a>\u00a0entwickelt und \u00a02013 das erste mal durchgef\u00fchrt. 2014 waren unter anderem zusammengefasst Themen wie zum Beispiel:<\/p>\n<ul>\n<li>Senioren und B\u00fcrger:<br \/>\nBegegnungen der Generationen schaffen &#8211; woraus die Idee f\u00fcr den <a href=\"http:\/\/www.zukunft-lankwitz.de\/?p=207\">Spielplatz der Generationen<\/a>\u00a0entstanden ist<br \/>\nSaubere Parkanlagen<\/li>\n<\/ul>\n<ul>\n<li>Gewerbe:<br \/>\nVielfalt bewahren<br \/>\nGewerbe st\u00e4rken<\/li>\n<\/ul>\n<ul>\n<li>Politik:<br \/>\nBarrierefreies Lankwitz<\/li>\n<\/ul>\n<ul>\n<li>\u00a0Themen von Kindern waren:<br \/>\nHecken beschneiden &#8211; was innerhalb von 14 Tagen im Anschluss passiert ist<br \/>\nRutsche f\u00fcr den Spielplatz &#8211; die im Herbst umgesetzt wird<br \/>\nParkb\u00e4nke im Rosengarten erneuern\u00a0&#8211; was innerhalb von 14 Tagen im Anschluss passiert ist<\/li>\n<\/ul>\n<p><!--moremore-->Wichtig ist das es geht darum gemeinsam etwas zu bewegen, das geht im kleinen und im grossen, aber gemeinsam ist es leichter. Beim Marktplatz der Ideen werden Expertinnen und Experten aus den unterschiedlichen Bereichen der Verwaltung und der Polizei beratend zu unterst\u00fctzen.<a href=\"https:\/\/lalisz.files.wordpress.com\/2014\/08\/ablauf.jpg\"><img loading=\"lazy\" decoding=\"async\" class=\"aligncenter wp-image-256 size-large\" src=\"https:\/\/lalisz.files.wordpress.com\/2014\/08\/ablauf.jpg?w=625\" alt=\"ablauf\" width=\"625\" height=\"568\" \/><\/a>Jeder hat die M\u00f6glichkeit sich einzubringen oder bei dem einen oder anderen Thema eines anderen mitzudenken. Man kann Menschen aus dem Kiez kennenlernen, einen Plausch bei einem St\u00fcckchen Kuchen und einem Schluck Kaffee halten, und einfach den sch\u00f6nen Rosengarten genie\u00dfen.Der Marktplatz der Ideen 2015 findet wie folgt statt:<\/p>\n<p>Freitag, den 19.Juni\u00a02015 von 15.00 Uhr bis 20.00 Uhr<br \/>\nSamstag, den 20. Juni\u00a02014 von 11.00 bis 18.00 Uhr<\/p>\n<p>Ort:<br \/>\nIm Rosengarten hinter dem<br \/>\nKinder-, Jugend- und Familientreff K\u00e4seglocke<br \/>\nLeonorenstr. 65<br \/>\n12247 Berlin<\/p>\n<p>In den folgenden Tagen werden wir noch mehr \u00fcber die G\u00e4ste, genaue Zeiten und und und berichten.<\/p>\n<div style=\"padding-bottom:10px; padding-top:5px;\" class=\"hupso-share-buttons\"><!-- Hupso Share Buttons - https:\/\/www.hupso.com\/share\/ --><a class=\"hupso_toolbar\" href=\"https:\/\/www.hupso.com\/share\/\"><img decoding=\"async\" src=\"https:\/\/static.hupso.com\/share\/buttons\/lang\/de\/share-medium.png\" style=\"border:0px; padding-top: 5px; float:left;\" alt=\"Share Button\"\/><\/a><script type=\"text\/javascript\">var hupso_services_t=new Array(\"Twitter\",\"Facebook\",\"Google Plus\");var hupso_background_t=\"#EAF4FF\";var hupso_border_t=\"#66CCFF\";var hupso_toolbar_size_t=\"medium\";var hupso_image_folder_url = \"\";var hupso_url_t=\"\";var hupso_title_t=\"Marktplatz%20der%20Ideen%202015%20-%20Es%20geht%20bald%20los%21\";<\/script><script type=\"text\/javascript\" src=\"https:\/\/static.hupso.com\/share\/js\/share_toolbar.js\"><\/script><!-- Hupso Share Buttons --><\/div>","protected":false},"excerpt":{"rendered":"<p>Jeder hat etwas was ihn st\u00f6rt, was er erhaltenswert findet oder was er gerne ver\u00e4ndernw\u00fcrde. Velleicht hat noch jemand anderes die gleiche Idee oder eine \u00e4hnliche. Wie bekommt man die beiden zusammen? Auf einem Marktplatz hat man die M\u00f6glichkeit sich zu begegnen kurz oder auch l\u00e4nger zu plauschen und Verabredungen zu treffen. Die Idee wurde [&hellip;]<\/p>\n<div style=\"padding-bottom:10px; padding-top:5px;\" class=\"hupso-share-buttons\"><!-- Hupso Share Buttons - https:\/\/www.hupso.com\/share\/ --><a class=\"hupso_toolbar\" href=\"https:\/\/www.hupso.com\/share\/\"><img src=\"https:\/\/static.hupso.com\/share\/buttons\/lang\/de\/share-medium.png\" style=\"border:0px; padding-top: 5px; float:left;\" alt=\"Share Button\"\/><\/a><script type=\"text\/javascript\">var hupso_services_t=new Array(\"Twitter\",\"Facebook\",\"Google Plus\");var hupso_background_t=\"#EAF4FF\";var hupso_border_t=\"#66CCFF\";var hupso_toolbar_size_t=\"medium\";var hupso_image_folder_url = \"\";var hupso_url_t=\"\";var hupso_title_t=\"Marktplatz%20der%20Ideen%202015%20-%20Es%20geht%20bald%20los%21\";<\/script><script type=\"text\/javascript\" src=\"https:\/\/static.hupso.com\/share\/js\/share_toolbar.js\"><\/script><!-- Hupso Share Buttons --><\/div>","protected":false},"author":2,"featured_media":0,"comment_status":"open","ping_status":"open","sticky":false,"template":"","format":"standard","meta":{"footnotes":""},"categories":[1,117,3],"tags":[6,8,38],"class_list":["post-543","post","type-post","status-publish","format-standard","hentry","category-allgemein","category-marktplatz-der-ideen","category-runder-tisch","tag-buergerinnen-und-buerger","tag-marktplatz-der-ideen","tag-rosengarten"],"_links":{"self":[{"href":"https:\/\/www.zukunft-lankwitz.de\/index.php?rest_route=\/wp\/v2\/posts\/543","targetHints":{"allow":["GET"]}}],"collection":[{"href":"https:\/\/www.zukunft-lankwitz.de\/index.php?rest_route=\/wp\/v2\/posts"}],"about":[{"href":"https:\/\/www.zukunft-lankwitz.de\/index.php?rest_route=\/wp\/v2\/types\/post"}],"author":[{"embeddable":true,"href":"https:\/\/www.zukunft-lankwitz.de\/index.php?rest_route=\/wp\/v2\/users\/2"}],"replies":[{"embeddable":true,"href":"https:\/\/www.zukunft-lankwitz.de\/index.php?rest_route=%2Fwp%2Fv2%2Fcomments&post=543"}],"version-history":[{"count":2,"href":"https:\/\/www.zukunft-lankwitz.de\/index.php?rest_route=\/wp\/v2\/posts\/543\/revisions"}],"predecessor-version":[{"id":545,"href":"https:\/\/www.zukunft-lankwitz.de\/index.php?rest_route=\/wp\/v2\/posts\/543\/revisions\/545"}],"wp:attachment":[{"href":"https:\/\/www.zukunft-lankwitz.de\/index.php?rest_route=%2Fwp%2Fv2%2Fmedia&parent=543"}],"wp:term":[{"taxonomy":"category","embeddable":true,"href":"https:\/\/www.zukunft-lankwitz.de\/index.php?rest_route=%2Fwp%2Fv2%2Fcategories&post=543"},{"taxonomy":"post_tag","embeddable":true,"href":"https:\/\/www.zukunft-lankwitz.de\/index.php?rest_route=%2Fwp%2Fv2%2Ftags&post=543"}],"curies":[{"name":"wp","href":"https:\/\/api.w.org\/{rel}","templated":true}]}}