{"id":546,"date":"2015-06-08T10:00:08","date_gmt":"2015-06-08T08:00:08","guid":{"rendered":"http:\/\/www.zukunft-lankwitz.de\/?p=546"},"modified":"2015-06-15T23:57:20","modified_gmt":"2015-06-15T21:57:20","slug":"gaeste-beim-marktplatz-der-ideen","status":"publish","type":"post","link":"https:\/\/www.zukunft-lankwitz.de\/?p=546","title":{"rendered":"G\u00e4ste beim Marktplatz der Ideen"},"content":{"rendered":"<p>Wie bereits angek\u00fcndigt m\u00f6chten wir Ihnen es nicht vorenthalten zu verraten wer zu den Themenstunden beim Marktplatz der Ideen kommen wird.<\/p>\n<h3>Am Freitag, den 19. Juni 2015 (in der Reihenfolge wie sie da sind):<\/h3>\n<p><strong><a href=\"http:\/\/www.zukunft-lankwitz.de\/wp-content\/uploads\/2015\/06\/stadtrmv.jpg\"><img loading=\"lazy\" decoding=\"async\" class=\"alignleft size-medium wp-image-550\" src=\"http:\/\/www.zukunft-lankwitz.de\/wp-content\/uploads\/2015\/06\/stadtrmv-300x179.jpg\" alt=\"stadtrmv\" width=\"300\" height=\"179\" srcset=\"https:\/\/www.zukunft-lankwitz.de\/wp-content\/uploads\/2015\/06\/stadtrmv-300x179.jpg 300w, https:\/\/www.zukunft-lankwitz.de\/wp-content\/uploads\/2015\/06\/stadtrmv-1024x612.jpg 1024w, https:\/\/www.zukunft-lankwitz.de\/wp-content\/uploads\/2015\/06\/stadtrmv-624x373.jpg 624w\" sizes=\"auto, (max-width: 300px) 100vw, 300px\" \/><\/a>16.00 bis 17.00 Uhr Bezirksstadtr\u00e4tin Stadtr\u00e4tin Christa Markl-Vieto \u00a0zust\u00e4ndig f\u00fcr die Abteilungen Jugend, Gesundheit, Umwelt und Tiefbau<\/strong><\/p>\n<p>An Frau Markl-Vieto k\u00f6nnen Fragen und Anliegen gerichtet werden rund um die Themen Natur und Gr\u00fcnfl\u00e4chen, Kinder und Jugendarbeit, KIta, Hort und Schule, Stra\u00dfenbau (nicht Verkehr) und vieles mehr.<\/p>\n<p><strong><a href=\"http:\/\/www.zukunft-lankwitz.de\/wp-content\/uploads\/2015\/06\/marktplatz2014_089.jpg\"><img loading=\"lazy\" decoding=\"async\" class=\" size-medium wp-image-551 alignright\" src=\"http:\/\/www.zukunft-lankwitz.de\/wp-content\/uploads\/2015\/06\/marktplatz2014_089-300x200.jpg\" alt=\"marktplatz2014_089\" width=\"300\" height=\"200\" srcset=\"https:\/\/www.zukunft-lankwitz.de\/wp-content\/uploads\/2015\/06\/marktplatz2014_089-300x200.jpg 300w, https:\/\/www.zukunft-lankwitz.de\/wp-content\/uploads\/2015\/06\/marktplatz2014_089-1024x683.jpg 1024w, https:\/\/www.zukunft-lankwitz.de\/wp-content\/uploads\/2015\/06\/marktplatz2014_089-624x416.jpg 624w\" sizes=\"auto, (max-width: 300px) 100vw, 300px\" \/><\/a>17.15 &#8211; 18.15 Uhr und 18.30 bis 19.30 Uhr Polizei und Ordnungsamt, vertreten durch die Pr\u00e4ventionsbeauftragten der Polizei Abschnitt 45 und Abschnitt 46, und das Ordnungsamt ist vertreten durch die Jugendschutzkontrollen und dem Nichtraucherschutz<\/strong><\/p>\n<p>An die Polizei und das Ordnungsamt k\u00f6nnen Fragen rund um die\u00a0Arbeitsbereiche gestellt werden und auch Anliegen formuliert werden, welche die Damen dann gerne mitnehmen und weiterleiten, auch wenn es nicht in ihre Zust\u00e4ndigkeit f\u00e4llt. Durch ihre aktive Teilnahme am Runden Tisch kennen sie den Kiez sehr genau und konnten in der Vergangenheit schon das \u00f6fteren helfen und unterst\u00fctzen.<\/p>\n<p><strong><a href=\"http:\/\/www.zukunft-lankwitz.de\/wp-content\/uploads\/2015\/06\/stadtrrk.jpg\"><img loading=\"lazy\" decoding=\"async\" class=\"alignleft size-medium wp-image-552\" src=\"http:\/\/www.zukunft-lankwitz.de\/wp-content\/uploads\/2015\/06\/stadtrrk-300x191.jpg\" alt=\"stadtrrk\" width=\"300\" height=\"191\" srcset=\"https:\/\/www.zukunft-lankwitz.de\/wp-content\/uploads\/2015\/06\/stadtrrk-300x191.jpg 300w, https:\/\/www.zukunft-lankwitz.de\/wp-content\/uploads\/2015\/06\/stadtrrk-1024x650.jpg 1024w, https:\/\/www.zukunft-lankwitz.de\/wp-content\/uploads\/2015\/06\/stadtrrk-624x396.jpg 624w\" sizes=\"auto, (max-width: 300px) 100vw, 300px\" \/><\/a>17.15 bis 18.00 Uhr <\/strong>(durch dringende Anschlusstermine hat sich dieser Termin nach Ver\u00f6ffentlichung des Artikels verschoben)<strong> Bezirksstadtr\u00e4tin Cerstin Richter Kotowski zust\u00e4ndig f\u00fcr die Abteilungen\u00a0Abteilung Bildung, Kultur, Sport und B\u00fcrgerdienste<\/strong><\/p>\n<p>An Frau Richter-Kotowski k\u00f6nnen Fragen gerichtet werden rund um die Themen Schulen, Bildung und Kultur, Sportpl\u00e4tze, B\u00fcrgeramt und B\u00fcrgerdienste und vieles mehr.<\/p>\n<p><!--more--><\/p>\n<h3>Samstag, den 20. Juli 2015\u00a0 (in der Reihenfolge wie sie da sind):<\/h3>\n<p>12.00 bis 13.00 Uhr steht der Gast durch eine Terminverschiebung noch nicht fest, aber wir sind bem\u00fcht schnell jemanden zu finden.<\/p>\n<p><strong>13.15 bis 14.15 Uhr Herr Seidel vom <img loading=\"lazy\" decoding=\"async\" class=\"size-medium wp-image-84 alignright\" src=\"http:\/\/www.zukunft-lankwitz.de\/wp-content\/uploads\/2014\/09\/marktplatz2014_119-300x200.jpg\" alt=\"marktplatz2014_119\" width=\"300\" height=\"200\" srcset=\"https:\/\/www.zukunft-lankwitz.de\/wp-content\/uploads\/2014\/09\/marktplatz2014_119-300x200.jpg 300w, https:\/\/www.zukunft-lankwitz.de\/wp-content\/uploads\/2014\/09\/marktplatz2014_119-624x416.jpg 624w, https:\/\/www.zukunft-lankwitz.de\/wp-content\/uploads\/2014\/09\/marktplatz2014_119-800x533.jpg 800w, https:\/\/www.zukunft-lankwitz.de\/wp-content\/uploads\/2014\/09\/marktplatz2014_119.jpg 1000w\" sizes=\"auto, (max-width: 300px) 100vw, 300px\" \/>Unternehmerforum Mein Lila<\/strong><\/p>\n<p>Ein Zusammenschluss der Gewerbetreibenden aus Lichterfelde und Lankwitz. Themen und Fragen k\u00f6nnten rund um das Thema Gewerbe st\u00e4rken, gemeinsame Strategien und und und sein.<\/p>\n<p>&nbsp;<\/p>\n<p><strong><a href=\"http:\/\/www.zukunft-lankwitz.de\/wp-content\/uploads\/2014\/09\/marktplatz2014_036.jpg\"><img loading=\"lazy\" decoding=\"async\" class=\"alignleft size-full wp-image-70\" src=\"http:\/\/www.zukunft-lankwitz.de\/wp-content\/uploads\/2014\/09\/marktplatz2014_036.jpg\" alt=\"marktplatz2014_036\" width=\"200\" height=\"300\" \/><\/a>14.30 bis 15.30 Uhr Bezirksb\u00fcrgermeister Norbert Kopp zust\u00e4ndig f\u00fcr die Abteilungen\u00a0Personal, Verwaltung und Wirtschaftsf\u00f6rderung<\/strong><\/p>\n<p>An Herrn Kopp k\u00f6nnen alle Fragen rund um den Bezirk gestellt werden. Als B\u00fcrgermeister ist er die H\u00f6chste Instanz im Bezirk und wei\u00df zudem auch eine ganze Menge. Da ein Ressort von ihm auch die Wirtschaftf\u00f6rderung ist, w\u00e4ren Fragen zu dem Bereich Gewerbe st\u00e4rken &#8211; Aber wie, oder wer entscheidet welches Gewerbe in den frei werdenden Ladengesch\u00e4ften reinkommt? An dieser Stelle gut angebracht.<\/p>\n<p>&nbsp;<\/p>\n<p>15.45 bis 16.45 Uhr steht der Gast durch eine Terminverschiebung noch nicht fest, aber wir sind bem\u00fcht schnell jemanden zu finden.<\/p>\n<p><strong><img loading=\"lazy\" decoding=\"async\" class=\"alignleft size-medium wp-image-86\" src=\"http:\/\/www.zukunft-lankwitz.de\/wp-content\/uploads\/2014\/09\/marktplatz2014_131-300x200.jpg\" alt=\"marktplatz2014_131\" width=\"300\" height=\"200\" srcset=\"https:\/\/www.zukunft-lankwitz.de\/wp-content\/uploads\/2014\/09\/marktplatz2014_131-300x200.jpg 300w, https:\/\/www.zukunft-lankwitz.de\/wp-content\/uploads\/2014\/09\/marktplatz2014_131-624x416.jpg 624w, https:\/\/www.zukunft-lankwitz.de\/wp-content\/uploads\/2014\/09\/marktplatz2014_131-800x533.jpg 800w, https:\/\/www.zukunft-lankwitz.de\/wp-content\/uploads\/2014\/09\/marktplatz2014_131.jpg 1000w\" sizes=\"auto, (max-width: 300px) 100vw, 300px\" \/><\/strong><\/p>\n<p><strong>17.00 bis 17.45 Uhr Bezirksstadtrat Michael Karnetzki zust\u00e4ndig f\u00fcr die Abteilung\u00a0Immobilien und Verkehr<\/strong><\/p>\n<p>An Herrn Karnetzki k\u00f6nnen Fragen rund um das Verkehr, Ordnungsamt \u00a0und Bezirkseigene Immobilien gestellt werden.<\/p>\n<p>&nbsp;<\/p>\n<p>&nbsp;<\/p>\n<p>Eine bunte MIschung von G\u00e4sten aus den unterschiedlichsten Bereichen. Es versprechen spanndende Gespr\u00e4che und Diskussionen zu werden, und wir hoffen Sie sind dabei. Sollten ihnen schon Fragen einfallen oder haben Sie Themen f\u00fcr den Kiez die sie bewegen dann scheuen Sie sich nicht sie in die Kommentare zu diesem Beitrag zu schreiben.<\/p>\n<p>&nbsp;<\/p>\n<p>&nbsp;<\/p>\n<p>&nbsp;<\/p>\n<p>&nbsp;<\/p>\n<p>&nbsp;<\/p>\n<p>&nbsp;<\/p>\n<h3 class=\"title-sub\"><\/h3>\n<div style=\"padding-bottom:10px; padding-top:5px;\" class=\"hupso-share-buttons\"><!-- Hupso Share Buttons - https:\/\/www.hupso.com\/share\/ --><a class=\"hupso_toolbar\" href=\"https:\/\/www.hupso.com\/share\/\"><img decoding=\"async\" src=\"https:\/\/static.hupso.com\/share\/buttons\/lang\/de\/share-medium.png\" style=\"border:0px; padding-top: 5px; float:left;\" alt=\"Share Button\"\/><\/a><script type=\"text\/javascript\">var hupso_services_t=new Array(\"Twitter\",\"Facebook\",\"Google Plus\");var hupso_background_t=\"#EAF4FF\";var hupso_border_t=\"#66CCFF\";var hupso_toolbar_size_t=\"medium\";var hupso_image_folder_url = \"\";var hupso_url_t=\"\";var hupso_title_t=\"G%C3%A4ste%20beim%20Marktplatz%20der%20Ideen\";<\/script><script type=\"text\/javascript\" src=\"https:\/\/static.hupso.com\/share\/js\/share_toolbar.js\"><\/script><!-- Hupso Share Buttons --><\/div>","protected":false},"excerpt":{"rendered":"<p>Wie bereits angek\u00fcndigt m\u00f6chten wir Ihnen es nicht vorenthalten zu verraten wer zu den Themenstunden beim Marktplatz der Ideen kommen wird. Am Freitag, den 19. Juni 2015 (in der Reihenfolge wie sie da sind): 16.00 bis 17.00 Uhr Bezirksstadtr\u00e4tin Stadtr\u00e4tin Christa Markl-Vieto \u00a0zust\u00e4ndig f\u00fcr die Abteilungen Jugend, Gesundheit, Umwelt und Tiefbau An Frau Markl-Vieto k\u00f6nnen [&hellip;]<\/p>\n<div style=\"padding-bottom:10px; padding-top:5px;\" class=\"hupso-share-buttons\"><!-- Hupso Share Buttons - https:\/\/www.hupso.com\/share\/ --><a class=\"hupso_toolbar\" href=\"https:\/\/www.hupso.com\/share\/\"><img src=\"https:\/\/static.hupso.com\/share\/buttons\/lang\/de\/share-medium.png\" style=\"border:0px; padding-top: 5px; float:left;\" alt=\"Share Button\"\/><\/a><script type=\"text\/javascript\">var hupso_services_t=new Array(\"Twitter\",\"Facebook\",\"Google Plus\");var hupso_background_t=\"#EAF4FF\";var hupso_border_t=\"#66CCFF\";var hupso_toolbar_size_t=\"medium\";var hupso_image_folder_url = \"\";var hupso_url_t=\"\";var hupso_title_t=\"G%C3%A4ste%20beim%20Marktplatz%20der%20Ideen\";<\/script><script type=\"text\/javascript\" src=\"https:\/\/static.hupso.com\/share\/js\/share_toolbar.js\"><\/script><!-- Hupso Share Buttons --><\/div>","protected":false},"author":2,"featured_media":0,"comment_status":"open","ping_status":"open","sticky":false,"template":"","format":"standard","meta":{"footnotes":""},"categories":[1,2,117,52],"tags":[163,145,165,164,150,166],"class_list":["post-546","post","type-post","status-publish","format-standard","hentry","category-allgemein","category-lankwitz","category-marktplatz-der-ideen","category-veranstaltungen","tag-cerstin-richter-kotowski","tag-christa-markl-vieto","tag-lila-mein-kiez","tag-michael-karnetzki","tag-norbert-kopp","tag-polizei-und-ordnungsamt"],"_links":{"self":[{"href":"https:\/\/www.zukunft-lankwitz.de\/index.php?rest_route=\/wp\/v2\/posts\/546","targetHints":{"allow":["GET"]}}],"collection":[{"href":"https:\/\/www.zukunft-lankwitz.de\/index.php?rest_route=\/wp\/v2\/posts"}],"about":[{"href":"https:\/\/www.zukunft-lankwitz.de\/index.php?rest_route=\/wp\/v2\/types\/post"}],"author":[{"embeddable":true,"href":"https:\/\/www.zukunft-lankwitz.de\/index.php?rest_route=\/wp\/v2\/users\/2"}],"replies":[{"embeddable":true,"href":"https:\/\/www.zukunft-lankwitz.de\/index.php?rest_route=%2Fwp%2Fv2%2Fcomments&post=546"}],"version-history":[{"count":9,"href":"https:\/\/www.zukunft-lankwitz.de\/index.php?rest_route=\/wp\/v2\/posts\/546\/revisions"}],"predecessor-version":[{"id":561,"href":"https:\/\/www.zukunft-lankwitz.de\/index.php?rest_route=\/wp\/v2\/posts\/546\/revisions\/561"}],"wp:attachment":[{"href":"https:\/\/www.zukunft-lankwitz.de\/index.php?rest_route=%2Fwp%2Fv2%2Fmedia&parent=546"}],"wp:term":[{"taxonomy":"category","embeddable":true,"href":"https:\/\/www.zukunft-lankwitz.de\/index.php?rest_route=%2Fwp%2Fv2%2Fcategories&post=546"},{"taxonomy":"post_tag","embeddable":true,"href":"https:\/\/www.zukunft-lankwitz.de\/index.php?rest_route=%2Fwp%2Fv2%2Ftags&post=546"}],"curies":[{"name":"wp","href":"https:\/\/api.w.org\/{rel}","templated":true}]}}