{"id":562,"date":"2015-06-20T00:56:33","date_gmt":"2015-06-19T22:56:33","guid":{"rendered":"http:\/\/www.zukunft-lankwitz.de\/?p=562"},"modified":"2020-02-19T22:24:36","modified_gmt":"2020-02-19T21:24:36","slug":"marktplatz-der-ideen-bericht-vom-ersten-tag","status":"publish","type":"post","link":"https:\/\/www.zukunft-lankwitz.de\/?p=562","title":{"rendered":"Marktplatz der Ideen &#8211; Bericht vom ersten Tag"},"content":{"rendered":"<p><a href=\"http:\/\/www.zukunft-lankwitz.de\/wp-content\/uploads\/2015\/06\/IMG-20150619-WA0015.jpg\"><img loading=\"lazy\" decoding=\"async\" class=\"alignleft size-medium wp-image-569\" src=\"http:\/\/www.zukunft-lankwitz.de\/wp-content\/uploads\/2015\/06\/IMG-20150619-WA0015-300x169.jpg\" alt=\"IMG-20150619-WA0015\" width=\"300\" height=\"169\" srcset=\"https:\/\/www.zukunft-lankwitz.de\/wp-content\/uploads\/2015\/06\/IMG-20150619-WA0015-300x169.jpg 300w, https:\/\/www.zukunft-lankwitz.de\/wp-content\/uploads\/2015\/06\/IMG-20150619-WA0015-1024x576.jpg 1024w, https:\/\/www.zukunft-lankwitz.de\/wp-content\/uploads\/2015\/06\/IMG-20150619-WA0015-624x351.jpg 624w, https:\/\/www.zukunft-lankwitz.de\/wp-content\/uploads\/2015\/06\/IMG-20150619-WA0015.jpg 1280w\" sizes=\"auto, (max-width: 300px) 100vw, 300px\" \/><\/a> Aufgrund der schon sehr fortgeschrittenen Uhrzeit hier nur ein ganz kurzer Bericht des ersten Tages vom Marktplatz der Ideen 2015. Das Wetter war heute f\u00fcr eine Open Air Veranstaltung sehr Adrenalin f\u00f6rdernd. Wir hatten uns dazu entschlossen es auf jeden Fall drau\u00dfen zu versuchen und hatten einen Notfallplan f\u00fcr das umziehen nach drinnen. P\u00fcnktlich zur ersten Themenrunde kam der Regen, damit der Umzug nach drinnen und die Thementische haben sich nicht so richtig finden k\u00f6nnen, aber die Menschen haben sich gefunden und sind miteinander ins Gespr\u00e4ch gegangen. Als der Regen vorbei war wurde flugs von vielen helfenden H\u00e4nden alles trocken gewischt und drau\u00dfen haben sich die Tische gefunden und es wurde \u00fcber die verschiedensten Anliegen gesprochen, Wissen ausgetauscht und Pl\u00e4ne geschmiegt.<\/p>\n<p><img loading=\"lazy\" decoding=\"async\" class=\" size-medium wp-image-565 alignleft\" src=\"http:\/\/www.zukunft-lankwitz.de\/wp-content\/uploads\/2015\/06\/20150619_180416-300x225.jpg\" alt=\"20150619_180416\" width=\"300\" height=\"225\" srcset=\"https:\/\/www.zukunft-lankwitz.de\/wp-content\/uploads\/2015\/06\/20150619_180416-300x225.jpg 300w, https:\/\/www.zukunft-lankwitz.de\/wp-content\/uploads\/2015\/06\/20150619_180416-1024x768.jpg 1024w, https:\/\/www.zukunft-lankwitz.de\/wp-content\/uploads\/2015\/06\/20150619_180416-624x468.jpg 624w\" sizes=\"auto, (max-width: 300px) 100vw, 300px\" \/><\/p>\n<p>&nbsp;<\/p>\n<p>&nbsp;<\/p>\n<p><a href=\"http:\/\/www.zukunft-lankwitz.de\/wp-content\/uploads\/2015\/06\/20150619_1747041.jpg\"><img loading=\"lazy\" decoding=\"async\" class=\"alignleft size-medium wp-image-572\" src=\"http:\/\/www.zukunft-lankwitz.de\/wp-content\/uploads\/2015\/06\/20150619_1747041-300x225.jpg\" alt=\"20150619_174704\" width=\"300\" height=\"225\" srcset=\"https:\/\/www.zukunft-lankwitz.de\/wp-content\/uploads\/2015\/06\/20150619_1747041-300x225.jpg 300w, https:\/\/www.zukunft-lankwitz.de\/wp-content\/uploads\/2015\/06\/20150619_1747041-1024x768.jpg 1024w, https:\/\/www.zukunft-lankwitz.de\/wp-content\/uploads\/2015\/06\/20150619_1747041-624x468.jpg 624w\" sizes=\"auto, (max-width: 300px) 100vw, 300px\" \/><\/a><\/p>\n<p>Zu den Themenstunden waren da die Bezirksstadtr\u00e4tin Richter Kotowski und die Pr\u00e4ventionsbeauftragte der Polizei Abschnitt 46 Frau M\u00fcller, vom Ordnugsamt Jugendschutzkontrollen Frau Salpius und Herr von Halem. An beiden Tischen entstanden kleine Gespr\u00e4chsrunden mit ganz vielen unterschiedlichen Anliegen und sehr interessanten Gespr\u00e4chen. Alle G\u00e4ste haben was mitgenommen, wo sie nun schauen k\u00f6nnen was man da machen kann. Wir werden hier im Blog und auch beim n\u00e4chsten Runden Tisch berichten.<\/p>\n<p>&nbsp;<\/p>\n<p>&nbsp;<\/p>\n<p><!--more--><\/p>\n<p><img loading=\"lazy\" decoding=\"async\" class=\" size-medium wp-image-574 alignright\" src=\"http:\/\/www.zukunft-lankwitz.de\/wp-content\/uploads\/2015\/06\/rosen-225x300.jpg\" alt=\"rosen\" width=\"225\" height=\"300\" srcset=\"https:\/\/www.zukunft-lankwitz.de\/wp-content\/uploads\/2015\/06\/rosen-225x300.jpg 225w, https:\/\/www.zukunft-lankwitz.de\/wp-content\/uploads\/2015\/06\/rosen-768x1024.jpg 768w, https:\/\/www.zukunft-lankwitz.de\/wp-content\/uploads\/2015\/06\/rosen-624x832.jpg 624w, https:\/\/www.zukunft-lankwitz.de\/wp-content\/uploads\/2015\/06\/rosen.jpg 1000w\" sizes=\"auto, (max-width: 225px) 100vw, 225px\" \/><\/p>\n<p>&nbsp;<\/p>\n<p>Morgen haben wir wie bereits angek\u00fcndigt auch viele interessante Themen und G\u00e4ste. Sie sind herzlich eingeladen vorbei zu kommen und mitzureden, zuzuh\u00f6ren und mit uns gemeinsam was zu bewegen. Um 11 Uhr geht es los!<\/p>\n\n\t\t<style type=\"text\/css\">\n\t\t\t#gallery-1 {\n\t\t\t\tmargin: auto;\n\t\t\t}\n\t\t\t#gallery-1 .gallery-item {\n\t\t\t\tfloat: left;\n\t\t\t\tmargin-top: 10px;\n\t\t\t\ttext-align: center;\n\t\t\t\twidth: 33%;\n\t\t\t}\n\t\t\t#gallery-1 img {\n\t\t\t\tborder: 2px solid #cfcfcf;\n\t\t\t}\n\t\t\t#gallery-1 .gallery-caption {\n\t\t\t\tmargin-left: 0;\n\t\t\t}\n\t\t\t\/* see gallery_shortcode() in wp-includes\/media.php *\/\n\t\t<\/style>\n\t\t<div id='gallery-1' class='gallery galleryid-562 gallery-columns-3 gallery-size-thumbnail'><dl class='gallery-item'>\n\t\t\t<dt class='gallery-icon landscape'>\n\t\t\t\t<a href='https:\/\/www.zukunft-lankwitz.de\/?attachment_id=569'><img loading=\"lazy\" decoding=\"async\" width=\"150\" height=\"150\" src=\"https:\/\/www.zukunft-lankwitz.de\/wp-content\/uploads\/2015\/06\/IMG-20150619-WA0015-150x150.jpg\" class=\"attachment-thumbnail size-thumbnail\" alt=\"\" \/><\/a>\n\t\t\t<\/dt><\/dl><dl class='gallery-item'>\n\t\t\t<dt class='gallery-icon landscape'>\n\t\t\t\t<a href='https:\/\/www.zukunft-lankwitz.de\/?attachment_id=564'><img loading=\"lazy\" decoding=\"async\" width=\"150\" height=\"150\" src=\"https:\/\/www.zukunft-lankwitz.de\/wp-content\/uploads\/2015\/06\/20150619_174704-150x150.jpg\" class=\"attachment-thumbnail size-thumbnail\" alt=\"\" \/><\/a>\n\t\t\t<\/dt><\/dl><dl class='gallery-item'>\n\t\t\t<dt class='gallery-icon landscape'>\n\t\t\t\t<a href='https:\/\/www.zukunft-lankwitz.de\/?attachment_id=565'><img loading=\"lazy\" decoding=\"async\" width=\"150\" height=\"150\" src=\"https:\/\/www.zukunft-lankwitz.de\/wp-content\/uploads\/2015\/06\/20150619_180416-150x150.jpg\" class=\"attachment-thumbnail size-thumbnail\" alt=\"\" \/><\/a>\n\t\t\t<\/dt><\/dl><br style=\"clear: both\" \/><dl class='gallery-item'>\n\t\t\t<dt class='gallery-icon landscape'>\n\t\t\t\t<a href='https:\/\/www.zukunft-lankwitz.de\/?attachment_id=566'><img loading=\"lazy\" decoding=\"async\" width=\"150\" height=\"150\" src=\"https:\/\/www.zukunft-lankwitz.de\/wp-content\/uploads\/2015\/06\/20150619_180437-150x150.jpg\" class=\"attachment-thumbnail size-thumbnail\" alt=\"\" \/><\/a>\n\t\t\t<\/dt><\/dl><dl class='gallery-item'>\n\t\t\t<dt class='gallery-icon landscape'>\n\t\t\t\t<a href='https:\/\/www.zukunft-lankwitz.de\/?attachment_id=567'><img loading=\"lazy\" decoding=\"async\" width=\"150\" height=\"150\" src=\"https:\/\/www.zukunft-lankwitz.de\/wp-content\/uploads\/2015\/06\/20150619_180448-150x150.jpg\" class=\"attachment-thumbnail size-thumbnail\" alt=\"\" \/><\/a>\n\t\t\t<\/dt><\/dl><dl class='gallery-item'>\n\t\t\t<dt class='gallery-icon portrait'>\n\t\t\t\t<a href='https:\/\/www.zukunft-lankwitz.de\/?attachment_id=568'><img loading=\"lazy\" decoding=\"async\" width=\"150\" height=\"150\" src=\"https:\/\/www.zukunft-lankwitz.de\/wp-content\/uploads\/2015\/06\/IMG-20150619-WA0012-150x150.jpg\" class=\"attachment-thumbnail size-thumbnail\" alt=\"\" \/><\/a>\n\t\t\t<\/dt><\/dl><br style=\"clear: both\" \/><dl class='gallery-item'>\n\t\t\t<dt class='gallery-icon landscape'>\n\t\t\t\t<a href='https:\/\/www.zukunft-lankwitz.de\/?attachment_id=570'><img loading=\"lazy\" decoding=\"async\" width=\"150\" height=\"150\" src=\"https:\/\/www.zukunft-lankwitz.de\/wp-content\/uploads\/2015\/06\/IMG-20150619-WA0020-150x150.jpg\" class=\"attachment-thumbnail size-thumbnail\" alt=\"\" \/><\/a>\n\t\t\t<\/dt><\/dl><dl class='gallery-item'>\n\t\t\t<dt class='gallery-icon landscape'>\n\t\t\t\t<a href='https:\/\/www.zukunft-lankwitz.de\/?attachment_id=572'><img loading=\"lazy\" decoding=\"async\" width=\"150\" height=\"150\" src=\"https:\/\/www.zukunft-lankwitz.de\/wp-content\/uploads\/2015\/06\/20150619_1747041-150x150.jpg\" class=\"attachment-thumbnail size-thumbnail\" alt=\"\" \/><\/a>\n\t\t\t<\/dt><\/dl><dl class='gallery-item'>\n\t\t\t<dt class='gallery-icon landscape'>\n\t\t\t\t<a href='https:\/\/www.zukunft-lankwitz.de\/?attachment_id=573'><img loading=\"lazy\" decoding=\"async\" width=\"150\" height=\"150\" src=\"https:\/\/www.zukunft-lankwitz.de\/wp-content\/uploads\/2015\/06\/20150619_180444-150x150.jpg\" class=\"attachment-thumbnail size-thumbnail\" alt=\"\" \/><\/a>\n\t\t\t<\/dt><\/dl><br style=\"clear: both\" \/><dl class='gallery-item'>\n\t\t\t<dt class='gallery-icon landscape'>\n\t\t\t\t<a href='https:\/\/www.zukunft-lankwitz.de\/?attachment_id=571'><img loading=\"lazy\" decoding=\"async\" width=\"150\" height=\"150\" src=\"https:\/\/www.zukunft-lankwitz.de\/wp-content\/uploads\/2015\/06\/IMG-20150619-WA0021-150x150.jpg\" class=\"attachment-thumbnail size-thumbnail\" alt=\"\" \/><\/a>\n\t\t\t<\/dt><\/dl>\n\t\t\t<br style='clear: both' \/>\n\t\t<\/div>\n\n<p>&nbsp;<\/p>\n<div style=\"padding-bottom:10px; padding-top:5px;\" class=\"hupso-share-buttons\"><!-- Hupso Share Buttons - https:\/\/www.hupso.com\/share\/ --><a class=\"hupso_toolbar\" href=\"https:\/\/www.hupso.com\/share\/\"><img decoding=\"async\" src=\"https:\/\/static.hupso.com\/share\/buttons\/lang\/de\/share-medium.png\" style=\"border:0px; padding-top: 5px; float:left;\" alt=\"Share Button\"\/><\/a><script type=\"text\/javascript\">var hupso_services_t=new Array(\"Twitter\",\"Facebook\",\"Google Plus\");var hupso_background_t=\"#EAF4FF\";var hupso_border_t=\"#66CCFF\";var hupso_toolbar_size_t=\"medium\";var hupso_image_folder_url = \"\";var hupso_url_t=\"\";var hupso_title_t=\"Marktplatz%20der%20Ideen%20-%20Bericht%20vom%20ersten%20Tag\";<\/script><script type=\"text\/javascript\" src=\"https:\/\/static.hupso.com\/share\/js\/share_toolbar.js\"><\/script><!-- Hupso Share Buttons --><\/div>","protected":false},"excerpt":{"rendered":"<p>Aufgrund der schon sehr fortgeschrittenen Uhrzeit hier nur ein ganz kurzer Bericht des ersten Tages vom Marktplatz der Ideen 2015. Das Wetter war heute f\u00fcr eine Open Air Veranstaltung sehr Adrenalin f\u00f6rdernd. Wir hatten uns dazu entschlossen es auf jeden Fall drau\u00dfen zu versuchen und hatten einen Notfallplan f\u00fcr das umziehen nach drinnen. P\u00fcnktlich zur [&hellip;]<\/p>\n<div style=\"padding-bottom:10px; padding-top:5px;\" class=\"hupso-share-buttons\"><!-- Hupso Share Buttons - https:\/\/www.hupso.com\/share\/ --><a class=\"hupso_toolbar\" href=\"https:\/\/www.hupso.com\/share\/\"><img src=\"https:\/\/static.hupso.com\/share\/buttons\/lang\/de\/share-medium.png\" style=\"border:0px; padding-top: 5px; float:left;\" alt=\"Share Button\"\/><\/a><script type=\"text\/javascript\">var hupso_services_t=new Array(\"Twitter\",\"Facebook\",\"Google Plus\");var hupso_background_t=\"#EAF4FF\";var hupso_border_t=\"#66CCFF\";var hupso_toolbar_size_t=\"medium\";var hupso_image_folder_url = \"\";var hupso_url_t=\"\";var hupso_title_t=\"Marktplatz%20der%20Ideen%20-%20Bericht%20vom%20ersten%20Tag\";<\/script><script type=\"text\/javascript\" src=\"https:\/\/static.hupso.com\/share\/js\/share_toolbar.js\"><\/script><!-- Hupso Share Buttons --><\/div>","protected":false},"author":2,"featured_media":0,"comment_status":"closed","ping_status":"open","sticky":false,"template":"","format":"standard","meta":{"footnotes":""},"categories":[178,117,3,52],"tags":[173,8,172,166],"class_list":["post-562","post","type-post","status-publish","format-standard","hentry","category-spielplatz-der-generationen","category-marktplatz-der-ideen","category-runder-tisch","category-veranstaltungen","tag-bezirksstadtraetin-richter-kotowski","tag-marktplatz-der-ideen","tag-playfit","tag-polizei-und-ordnungsamt"],"_links":{"self":[{"href":"https:\/\/www.zukunft-lankwitz.de\/index.php?rest_route=\/wp\/v2\/posts\/562","targetHints":{"allow":["GET"]}}],"collection":[{"href":"https:\/\/www.zukunft-lankwitz.de\/index.php?rest_route=\/wp\/v2\/posts"}],"about":[{"href":"https:\/\/www.zukunft-lankwitz.de\/index.php?rest_route=\/wp\/v2\/types\/post"}],"author":[{"embeddable":true,"href":"https:\/\/www.zukunft-lankwitz.de\/index.php?rest_route=\/wp\/v2\/users\/2"}],"replies":[{"embeddable":true,"href":"https:\/\/www.zukunft-lankwitz.de\/index.php?rest_route=%2Fwp%2Fv2%2Fcomments&post=562"}],"version-history":[{"count":3,"href":"https:\/\/www.zukunft-lankwitz.de\/index.php?rest_route=\/wp\/v2\/posts\/562\/revisions"}],"predecessor-version":[{"id":590,"href":"https:\/\/www.zukunft-lankwitz.de\/index.php?rest_route=\/wp\/v2\/posts\/562\/revisions\/590"}],"wp:attachment":[{"href":"https:\/\/www.zukunft-lankwitz.de\/index.php?rest_route=%2Fwp%2Fv2%2Fmedia&parent=562"}],"wp:term":[{"taxonomy":"category","embeddable":true,"href":"https:\/\/www.zukunft-lankwitz.de\/index.php?rest_route=%2Fwp%2Fv2%2Fcategories&post=562"},{"taxonomy":"post_tag","embeddable":true,"href":"https:\/\/www.zukunft-lankwitz.de\/index.php?rest_route=%2Fwp%2Fv2%2Ftags&post=562"}],"curies":[{"name":"wp","href":"https:\/\/api.w.org\/{rel}","templated":true}]}}