{"id":576,"date":"2015-06-21T13:31:19","date_gmt":"2015-06-21T11:31:19","guid":{"rendered":"http:\/\/www.zukunft-lankwitz.de\/?p=576"},"modified":"2015-06-21T13:32:41","modified_gmt":"2015-06-21T11:32:41","slug":"marktplatz-der-ideen-bericht-vom-zweiten-tag","status":"publish","type":"post","link":"https:\/\/www.zukunft-lankwitz.de\/?p=576","title":{"rendered":"Marktplatz der Ideen &#8211; Bericht vom zweiten Tag"},"content":{"rendered":"<p><a href=\"http:\/\/www.zukunft-lankwitz.de\/wp-content\/uploads\/2015\/06\/bild7.jpg\"><img loading=\"lazy\" decoding=\"async\" class=\"alignleft size-medium wp-image-583\" src=\"http:\/\/www.zukunft-lankwitz.de\/wp-content\/uploads\/2015\/06\/bild7-225x300.jpg\" alt=\"bild7\" width=\"225\" height=\"300\" srcset=\"https:\/\/www.zukunft-lankwitz.de\/wp-content\/uploads\/2015\/06\/bild7-225x300.jpg 225w, https:\/\/www.zukunft-lankwitz.de\/wp-content\/uploads\/2015\/06\/bild7-768x1024.jpg 768w, https:\/\/www.zukunft-lankwitz.de\/wp-content\/uploads\/2015\/06\/bild7-624x832.jpg 624w, https:\/\/www.zukunft-lankwitz.de\/wp-content\/uploads\/2015\/06\/bild7.jpg 1000w\" sizes=\"auto, (max-width: 225px) 100vw, 225px\" \/><\/a>Der zweite Tag wurde vom Wetter sehr beherrscht. Es gab nur wenige Regenpausen, was uns dazu veranlasste den Gro\u00dfteil des Tages drinnen zu verbringen. Auch an diesem Tag kamen einige B\u00fcrgerinnen und B\u00fcrger vorbei um ihre Themen anzubringen und mit den G\u00e4sten ins Gespr\u00e4ch zu kommen. Die G\u00e4ste und Themen am zweiten Tag waren:<\/p>\n<p>W\u00fcnschen und Schenken &#8211; Hr. Nilse hatte die Idee schon in 2013 eingebracht und sie wurde beim Runden Tisch weitergedacht, und hier ist er im Rahmen einer Themenstunde \u00a0mit den B\u00fcrgerinnen und B\u00fcrgern ins Gespr\u00e4ch gegangen.<\/p>\n<p><a href=\"http:\/\/www.zukunft-lankwitz.de\/wp-content\/uploads\/2015\/06\/bild3.jpg\"><img loading=\"lazy\" decoding=\"async\" class=\" size-medium wp-image-579 alignright\" src=\"http:\/\/www.zukunft-lankwitz.de\/wp-content\/uploads\/2015\/06\/bild3-300x174.jpg\" alt=\"bild3\" width=\"300\" height=\"174\" srcset=\"https:\/\/www.zukunft-lankwitz.de\/wp-content\/uploads\/2015\/06\/bild3-300x174.jpg 300w, https:\/\/www.zukunft-lankwitz.de\/wp-content\/uploads\/2015\/06\/bild3-624x361.jpg 624w, https:\/\/www.zukunft-lankwitz.de\/wp-content\/uploads\/2015\/06\/bild3.jpg 1000w\" sizes=\"auto, (max-width: 300px) 100vw, 300px\" \/><\/a><\/p>\n<p>&nbsp;<\/p>\n<p>Gewerbe st\u00e4rken im Kiez &#8211; Hr. Seidel vom Unternehmerforum Mein LiLa (ein zusammenschluss der Gewerbetreibenden in Lichterfelde und Lankwitz) hat sich mit B\u00fcrgerinnen und B\u00fcrgern ausgetauscht und \u00fcber Mein LiLa berichtet.<\/p>\n<p>&nbsp;<\/p>\n<p><a href=\"http:\/\/www.zukunft-lankwitz.de\/wp-content\/uploads\/2015\/06\/bild4.jpg\"><img loading=\"lazy\" decoding=\"async\" class=\"alignleft size-medium wp-image-580\" src=\"http:\/\/www.zukunft-lankwitz.de\/wp-content\/uploads\/2015\/06\/bild4-300x140.jpg\" alt=\"bild4\" width=\"300\" height=\"140\" srcset=\"https:\/\/www.zukunft-lankwitz.de\/wp-content\/uploads\/2015\/06\/bild4-300x140.jpg 300w, https:\/\/www.zukunft-lankwitz.de\/wp-content\/uploads\/2015\/06\/bild4-624x291.jpg 624w, https:\/\/www.zukunft-lankwitz.de\/wp-content\/uploads\/2015\/06\/bild4.jpg 1000w\" sizes=\"auto, (max-width: 300px) 100vw, 300px\" \/><\/a>In der dritten Themenstunde war der B\u00fcgermeister Norbert Kopp f\u00fcr alle Fragen welche die B\u00fcrgerinnen und B\u00fcrger interessierten ansprechbar. Und auch das Thema Gewerbe st\u00e4rken war hier nochmals Thema und es sind Ideen entstanden wie man vielleicht entgegenwirken kann das nicht doch noch der sechste B\u00e4cker in der Leonorenstra\u00dfe aufmacht. Wir bleiben an diesem Thema dran.<!--more--><\/p>\n<p><a href=\"http:\/\/www.zukunft-lankwitz.de\/wp-content\/uploads\/2015\/06\/bild2.jpg\"><img loading=\"lazy\" decoding=\"async\" class=\" size-medium wp-image-578 alignright\" src=\"http:\/\/www.zukunft-lankwitz.de\/wp-content\/uploads\/2015\/06\/bild2-300x227.jpg\" alt=\"bild2\" width=\"300\" height=\"227\" srcset=\"https:\/\/www.zukunft-lankwitz.de\/wp-content\/uploads\/2015\/06\/bild2-300x227.jpg 300w, https:\/\/www.zukunft-lankwitz.de\/wp-content\/uploads\/2015\/06\/bild2-624x472.jpg 624w, https:\/\/www.zukunft-lankwitz.de\/wp-content\/uploads\/2015\/06\/bild2.jpg 1000w\" sizes=\"auto, (max-width: 300px) 100vw, 300px\" \/><\/a><\/p>\n<p>&nbsp;<\/p>\n<p>Gefolgt wurde Herr Kopp nahtlos von der Bezirksstadtr\u00e4tin Christa Markl-Vieto die in diese Themenstunde gerutscht ist. Neben den Hunden am Schlachtensee, waren auch z.B. Gr\u00fcnfl\u00e4chen, Parkanlagen und anderes Thema.<\/p>\n<p>&nbsp;<\/p>\n<p>&nbsp;<\/p>\n<p><a href=\"http:\/\/www.zukunft-lankwitz.de\/wp-content\/uploads\/2015\/06\/bild1.jpg\"><img loading=\"lazy\" decoding=\"async\" class=\"alignleft size-medium wp-image-577\" src=\"http:\/\/www.zukunft-lankwitz.de\/wp-content\/uploads\/2015\/06\/bild1-300x238.jpg\" alt=\"bild1\" width=\"300\" height=\"238\" srcset=\"https:\/\/www.zukunft-lankwitz.de\/wp-content\/uploads\/2015\/06\/bild1-300x238.jpg 300w, https:\/\/www.zukunft-lankwitz.de\/wp-content\/uploads\/2015\/06\/bild1-624x495.jpg 624w, https:\/\/www.zukunft-lankwitz.de\/wp-content\/uploads\/2015\/06\/bild1.jpg 1000w\" sizes=\"auto, (max-width: 300px) 100vw, 300px\" \/><\/a><\/p>\n<p>&nbsp;<\/p>\n<p>Den Abschluss vom Marktplatz der Ideen machte Bezikstadtrat Michael Karnetzki. In seinen Ressort liegt unter anderem das Ordnugsamt, was Themen wie die Parksituation in der Melanchtonstr. und die Ein \/ Ausfahrt am Lio auf die Agenda holte.<\/p>\n<p>&nbsp;<\/p>\n<p>&nbsp;<\/p>\n<p><a href=\"http:\/\/www.zukunft-lankwitz.de\/wp-content\/uploads\/2015\/06\/Unbenannt-10.jpg\"><img loading=\"lazy\" decoding=\"async\" class=\" size-medium wp-image-586 alignright\" src=\"http:\/\/www.zukunft-lankwitz.de\/wp-content\/uploads\/2015\/06\/Unbenannt-10-300x200.jpg\" alt=\"Unbenannt - 10\" width=\"300\" height=\"200\" srcset=\"https:\/\/www.zukunft-lankwitz.de\/wp-content\/uploads\/2015\/06\/Unbenannt-10-300x200.jpg 300w, https:\/\/www.zukunft-lankwitz.de\/wp-content\/uploads\/2015\/06\/Unbenannt-10-624x416.jpg 624w, https:\/\/www.zukunft-lankwitz.de\/wp-content\/uploads\/2015\/06\/Unbenannt-10.jpg 1000w\" sizes=\"auto, (max-width: 300px) 100vw, 300px\" \/><\/a>Es waren spannende zwei Tage mit vielen unterschiedlichen Ideen und Themen. Wir werden wie auch schon im Bericht vom ersten Tag geschrieben \u00fcber alles ausf\u00fchrlich berichten, aber jetzt m\u00fcssen auch wir uns ersteinmal ein wenig erholen.<\/p>\n<p>Danke auch an alle G\u00e4ste der zwei Tage das sie sich die Zeit genommen haben und den Fragen und Anliegen der B\u00fcrgerinnen und B\u00fcrger gestellt haben.<\/p>\n<p><a href=\"http:\/\/www.zukunft-lankwitz.de\/wp-content\/uploads\/2015\/06\/bild10.jpg\"><img loading=\"lazy\" decoding=\"async\" class=\" size-medium wp-image-587 alignleft\" src=\"http:\/\/www.zukunft-lankwitz.de\/wp-content\/uploads\/2015\/06\/bild10-233x300.jpg\" alt=\"bild10\" width=\"233\" height=\"300\" srcset=\"https:\/\/www.zukunft-lankwitz.de\/wp-content\/uploads\/2015\/06\/bild10-233x300.jpg 233w, https:\/\/www.zukunft-lankwitz.de\/wp-content\/uploads\/2015\/06\/bild10-794x1024.jpg 794w, https:\/\/www.zukunft-lankwitz.de\/wp-content\/uploads\/2015\/06\/bild10-624x805.jpg 624w, https:\/\/www.zukunft-lankwitz.de\/wp-content\/uploads\/2015\/06\/bild10.jpg 1617w\" sizes=\"auto, (max-width: 233px) 100vw, 233px\" \/><\/a>An dieser Stelle m\u00f6chte ich mich auch bei Frau Prillwitz der Firma Play Fit bedanken das sie die beiden Tage, trotz des schlechten Wetters mit zwei Ger\u00e4ten vor Ort war und allen Interessierten Auskunft gegeben hat, um das Thema des Aktivplatzes der Generationen weiter voranzutreiben.<\/p>\n<p>Ich m\u00f6chte mich bei allen engagierten B\u00fcrgerinnen und B\u00fcrgern des Runden Tisches und dem Team des Kinder-, Jugend- und Familientreff K\u00e4seglocke bedanken f\u00fcr die tolle Unterst\u00fctzung beim Auf- und Abbau. Es war eine sch\u00f6ne Veranstaltung und ich freue mich auf das n\u00e4chste Jahr.<\/p>\n\n\t\t<style type=\"text\/css\">\n\t\t\t#gallery-1 {\n\t\t\t\tmargin: auto;\n\t\t\t}\n\t\t\t#gallery-1 .gallery-item {\n\t\t\t\tfloat: left;\n\t\t\t\tmargin-top: 10px;\n\t\t\t\ttext-align: center;\n\t\t\t\twidth: 33%;\n\t\t\t}\n\t\t\t#gallery-1 img {\n\t\t\t\tborder: 2px solid #cfcfcf;\n\t\t\t}\n\t\t\t#gallery-1 .gallery-caption {\n\t\t\t\tmargin-left: 0;\n\t\t\t}\n\t\t\t\/* see gallery_shortcode() in wp-includes\/media.php *\/\n\t\t<\/style>\n\t\t<div id='gallery-1' class='gallery galleryid-576 gallery-columns-3 gallery-size-thumbnail'><dl class='gallery-item'>\n\t\t\t<dt class='gallery-icon landscape'>\n\t\t\t\t<a href='https:\/\/www.zukunft-lankwitz.de\/?attachment_id=585'><img loading=\"lazy\" decoding=\"async\" width=\"150\" height=\"150\" src=\"https:\/\/www.zukunft-lankwitz.de\/wp-content\/uploads\/2015\/06\/bild9-150x150.jpg\" class=\"attachment-thumbnail size-thumbnail\" alt=\"\" \/><\/a>\n\t\t\t<\/dt><\/dl><dl class='gallery-item'>\n\t\t\t<dt class='gallery-icon portrait'>\n\t\t\t\t<a href='https:\/\/www.zukunft-lankwitz.de\/?attachment_id=584'><img loading=\"lazy\" decoding=\"async\" width=\"150\" height=\"150\" src=\"https:\/\/www.zukunft-lankwitz.de\/wp-content\/uploads\/2015\/06\/bild8-150x150.jpg\" class=\"attachment-thumbnail size-thumbnail\" alt=\"\" \/><\/a>\n\t\t\t<\/dt><\/dl><dl class='gallery-item'>\n\t\t\t<dt class='gallery-icon portrait'>\n\t\t\t\t<a href='https:\/\/www.zukunft-lankwitz.de\/?attachment_id=583'><img loading=\"lazy\" decoding=\"async\" width=\"150\" height=\"150\" src=\"https:\/\/www.zukunft-lankwitz.de\/wp-content\/uploads\/2015\/06\/bild7-150x150.jpg\" class=\"attachment-thumbnail size-thumbnail\" alt=\"\" \/><\/a>\n\t\t\t<\/dt><\/dl><br style=\"clear: both\" \/><dl class='gallery-item'>\n\t\t\t<dt class='gallery-icon portrait'>\n\t\t\t\t<a href='https:\/\/www.zukunft-lankwitz.de\/?attachment_id=582'><img loading=\"lazy\" decoding=\"async\" width=\"150\" height=\"150\" src=\"https:\/\/www.zukunft-lankwitz.de\/wp-content\/uploads\/2015\/06\/bild6-150x150.jpg\" class=\"attachment-thumbnail size-thumbnail\" alt=\"\" \/><\/a>\n\t\t\t<\/dt><\/dl><dl class='gallery-item'>\n\t\t\t<dt class='gallery-icon landscape'>\n\t\t\t\t<a href='https:\/\/www.zukunft-lankwitz.de\/?attachment_id=581'><img loading=\"lazy\" decoding=\"async\" width=\"150\" height=\"150\" src=\"https:\/\/www.zukunft-lankwitz.de\/wp-content\/uploads\/2015\/06\/bild5-150x150.jpg\" class=\"attachment-thumbnail size-thumbnail\" alt=\"\" \/><\/a>\n\t\t\t<\/dt><\/dl><dl class='gallery-item'>\n\t\t\t<dt class='gallery-icon landscape'>\n\t\t\t\t<a href='https:\/\/www.zukunft-lankwitz.de\/?attachment_id=580'><img loading=\"lazy\" decoding=\"async\" width=\"150\" height=\"150\" src=\"https:\/\/www.zukunft-lankwitz.de\/wp-content\/uploads\/2015\/06\/bild4-150x150.jpg\" class=\"attachment-thumbnail size-thumbnail\" alt=\"\" \/><\/a>\n\t\t\t<\/dt><\/dl><br style=\"clear: both\" \/><dl class='gallery-item'>\n\t\t\t<dt class='gallery-icon landscape'>\n\t\t\t\t<a href='https:\/\/www.zukunft-lankwitz.de\/?attachment_id=579'><img loading=\"lazy\" decoding=\"async\" width=\"150\" height=\"150\" src=\"https:\/\/www.zukunft-lankwitz.de\/wp-content\/uploads\/2015\/06\/bild3-150x150.jpg\" class=\"attachment-thumbnail size-thumbnail\" alt=\"\" \/><\/a>\n\t\t\t<\/dt><\/dl><dl class='gallery-item'>\n\t\t\t<dt class='gallery-icon landscape'>\n\t\t\t\t<a href='https:\/\/www.zukunft-lankwitz.de\/?attachment_id=578'><img loading=\"lazy\" decoding=\"async\" width=\"150\" height=\"150\" src=\"https:\/\/www.zukunft-lankwitz.de\/wp-content\/uploads\/2015\/06\/bild2-150x150.jpg\" class=\"attachment-thumbnail size-thumbnail\" alt=\"\" \/><\/a>\n\t\t\t<\/dt><\/dl><dl class='gallery-item'>\n\t\t\t<dt class='gallery-icon landscape'>\n\t\t\t\t<a href='https:\/\/www.zukunft-lankwitz.de\/?attachment_id=577'><img loading=\"lazy\" decoding=\"async\" width=\"150\" height=\"150\" src=\"https:\/\/www.zukunft-lankwitz.de\/wp-content\/uploads\/2015\/06\/bild1-150x150.jpg\" class=\"attachment-thumbnail size-thumbnail\" alt=\"\" \/><\/a>\n\t\t\t<\/dt><\/dl><br style=\"clear: both\" \/>\n\t\t<\/div>\n\n<div style=\"padding-bottom:10px; padding-top:5px;\" class=\"hupso-share-buttons\"><!-- Hupso Share Buttons - https:\/\/www.hupso.com\/share\/ --><a class=\"hupso_toolbar\" href=\"https:\/\/www.hupso.com\/share\/\"><img decoding=\"async\" src=\"https:\/\/static.hupso.com\/share\/buttons\/lang\/de\/share-medium.png\" style=\"border:0px; padding-top: 5px; float:left;\" alt=\"Share Button\"\/><\/a><script type=\"text\/javascript\">var hupso_services_t=new Array(\"Twitter\",\"Facebook\",\"Google Plus\");var hupso_background_t=\"#EAF4FF\";var hupso_border_t=\"#66CCFF\";var hupso_toolbar_size_t=\"medium\";var hupso_image_folder_url = \"\";var hupso_url_t=\"\";var hupso_title_t=\"Marktplatz%20der%20Ideen%20-%20Bericht%20vom%20zweiten%20Tag\";<\/script><script type=\"text\/javascript\" src=\"https:\/\/static.hupso.com\/share\/js\/share_toolbar.js\"><\/script><!-- Hupso Share Buttons --><\/div>","protected":false},"excerpt":{"rendered":"<p>Der zweite Tag wurde vom Wetter sehr beherrscht. Es gab nur wenige Regenpausen, was uns dazu veranlasste den Gro\u00dfteil des Tages drinnen zu verbringen. Auch an diesem Tag kamen einige B\u00fcrgerinnen und B\u00fcrger vorbei um ihre Themen anzubringen und mit den G\u00e4sten ins Gespr\u00e4ch zu kommen. Die G\u00e4ste und Themen am zweiten Tag waren: W\u00fcnschen [&hellip;]<\/p>\n<div style=\"padding-bottom:10px; padding-top:5px;\" class=\"hupso-share-buttons\"><!-- Hupso Share Buttons - https:\/\/www.hupso.com\/share\/ --><a class=\"hupso_toolbar\" href=\"https:\/\/www.hupso.com\/share\/\"><img src=\"https:\/\/static.hupso.com\/share\/buttons\/lang\/de\/share-medium.png\" style=\"border:0px; padding-top: 5px; float:left;\" alt=\"Share Button\"\/><\/a><script type=\"text\/javascript\">var hupso_services_t=new Array(\"Twitter\",\"Facebook\",\"Google Plus\");var hupso_background_t=\"#EAF4FF\";var hupso_border_t=\"#66CCFF\";var hupso_toolbar_size_t=\"medium\";var hupso_image_folder_url = \"\";var hupso_url_t=\"\";var hupso_title_t=\"Marktplatz%20der%20Ideen%20-%20Bericht%20vom%20zweiten%20Tag\";<\/script><script type=\"text\/javascript\" src=\"https:\/\/static.hupso.com\/share\/js\/share_toolbar.js\"><\/script><!-- Hupso Share Buttons --><\/div>","protected":false},"author":2,"featured_media":0,"comment_status":"open","ping_status":"open","sticky":false,"template":"","format":"standard","meta":{"footnotes":""},"categories":[117,3,52],"tags":[167,168,169,171,170,8,172],"class_list":["post-576","post","type-post","status-publish","format-standard","hentry","category-marktplatz-der-ideen","category-runder-tisch","category-veranstaltungen","tag-bezirksstadtrat-michael-karnetzki","tag-bezirksstadtraetin-christa-markl-vieto","tag-buergermeister-norbert-kopp","tag-herr-nilse-wuenschen-und-schenken","tag-herr-seidel-unternehmenforum-mein-lila","tag-marktplatz-der-ideen","tag-playfit"],"_links":{"self":[{"href":"https:\/\/www.zukunft-lankwitz.de\/index.php?rest_route=\/wp\/v2\/posts\/576","targetHints":{"allow":["GET"]}}],"collection":[{"href":"https:\/\/www.zukunft-lankwitz.de\/index.php?rest_route=\/wp\/v2\/posts"}],"about":[{"href":"https:\/\/www.zukunft-lankwitz.de\/index.php?rest_route=\/wp\/v2\/types\/post"}],"author":[{"embeddable":true,"href":"https:\/\/www.zukunft-lankwitz.de\/index.php?rest_route=\/wp\/v2\/users\/2"}],"replies":[{"embeddable":true,"href":"https:\/\/www.zukunft-lankwitz.de\/index.php?rest_route=%2Fwp%2Fv2%2Fcomments&post=576"}],"version-history":[{"count":2,"href":"https:\/\/www.zukunft-lankwitz.de\/index.php?rest_route=\/wp\/v2\/posts\/576\/revisions"}],"predecessor-version":[{"id":589,"href":"https:\/\/www.zukunft-lankwitz.de\/index.php?rest_route=\/wp\/v2\/posts\/576\/revisions\/589"}],"wp:attachment":[{"href":"https:\/\/www.zukunft-lankwitz.de\/index.php?rest_route=%2Fwp%2Fv2%2Fmedia&parent=576"}],"wp:term":[{"taxonomy":"category","embeddable":true,"href":"https:\/\/www.zukunft-lankwitz.de\/index.php?rest_route=%2Fwp%2Fv2%2Fcategories&post=576"},{"taxonomy":"post_tag","embeddable":true,"href":"https:\/\/www.zukunft-lankwitz.de\/index.php?rest_route=%2Fwp%2Fv2%2Ftags&post=576"}],"curies":[{"name":"wp","href":"https:\/\/api.w.org\/{rel}","templated":true}]}}