{"id":600,"date":"2015-07-06T22:18:34","date_gmt":"2015-07-06T20:18:34","guid":{"rendered":"http:\/\/www.zukunft-lankwitz.de\/?p=600"},"modified":"2015-07-06T22:19:49","modified_gmt":"2015-07-06T20:19:49","slug":"bericht-vom-runden-tisch-im-juli-2015","status":"publish","type":"post","link":"https:\/\/www.zukunft-lankwitz.de\/?p=600","title":{"rendered":"Bericht vom Runden Tisch im Juli 2015"},"content":{"rendered":"<p><a href=\"http:\/\/www.zukunft-lankwitz.de\/wp-content\/uploads\/2015\/07\/046.jpg\"><img loading=\"lazy\" decoding=\"async\" class=\"alignleft size-medium wp-image-601\" src=\"http:\/\/www.zukunft-lankwitz.de\/wp-content\/uploads\/2015\/07\/046-300x200.jpg\" alt=\"046\" width=\"300\" height=\"200\" srcset=\"https:\/\/www.zukunft-lankwitz.de\/wp-content\/uploads\/2015\/07\/046-300x200.jpg 300w, https:\/\/www.zukunft-lankwitz.de\/wp-content\/uploads\/2015\/07\/046-1024x683.jpg 1024w, https:\/\/www.zukunft-lankwitz.de\/wp-content\/uploads\/2015\/07\/046-624x416.jpg 624w, https:\/\/www.zukunft-lankwitz.de\/wp-content\/uploads\/2015\/07\/046.jpg 1200w\" sizes=\"auto, (max-width: 300px) 100vw, 300px\" \/><\/a>In der vergangenen Woche hat der Runde Tisch getagt mit unter anderem den folgenden Themen:<\/p>\n<p>&#8211; R\u00fcckblick Marktplatz der Ideen<\/p>\n<p>&#8211; Zukunftsblick f\u00fcr den Runden Tisch<\/p>\n<p>&#8211; Beteiligung bei der Berlinweiten Aktion &#8222;Berlin r\u00e4umt auf&#8220;<\/p>\n<p>Wir waren in kleiner Runde, was durch wichtige Aussch\u00fcsse und anderen Terminen nicht anders gelungen ist und waren und fast alle einig dar\u00fcber das f\u00fcr das Wetter und alle anderen Umst\u00e4nde bei dem Marktplatz der Ideen genau das passiert ist was passieren konnte und das war eine Menge. Wir werden nun auch wirklich in den n\u00e4chsten Tagen dar\u00fcber Artikel ver\u00f6ffentlichen, und wir m\u00f6chten uns an dieser Stelle entschuldigen, aber auch bei uns klappt manchmal nicht alles so wie man es sich w\u00fcnscht, und so einen Artikel zu schreiben braucht Zeit und Ruhe, und die war nicht da. &#8211; Aber nun zur\u00fcck zum Runden Tisch. Die Themen wurden nacheinander angesprochen und diskutiert. Unter den anwesenden wurde beschlossen sich am Berlinweiten Aktionstag &#8222;Berlin r\u00e4umt auf&#8220; zu beteiligen und vielleicht auch mit der einen oder anderen Gruppe zusammenzutun. &#8222;Gemeinsam f\u00fcr den Kiez!&#8220; wie das Motto vom Runden Tisch Lankwitz-S\u00fcdende.<\/p>\n<p><a href=\"http:\/\/www.zukunft-lankwitz.de\/wp-content\/uploads\/2015\/07\/Rose-mit-Tropfen_001.jpg\"><img loading=\"lazy\" decoding=\"async\" class=\" size-medium wp-image-602 alignright\" src=\"http:\/\/www.zukunft-lankwitz.de\/wp-content\/uploads\/2015\/07\/Rose-mit-Tropfen_001-300x200.jpg\" alt=\"Rose mit Tropfen_001\" width=\"300\" height=\"200\" srcset=\"https:\/\/www.zukunft-lankwitz.de\/wp-content\/uploads\/2015\/07\/Rose-mit-Tropfen_001-300x200.jpg 300w, https:\/\/www.zukunft-lankwitz.de\/wp-content\/uploads\/2015\/07\/Rose-mit-Tropfen_001-1024x683.jpg 1024w, https:\/\/www.zukunft-lankwitz.de\/wp-content\/uploads\/2015\/07\/Rose-mit-Tropfen_001-624x416.jpg 624w, https:\/\/www.zukunft-lankwitz.de\/wp-content\/uploads\/2015\/07\/Rose-mit-Tropfen_001.jpg 1200w\" sizes=\"auto, (max-width: 300px) 100vw, 300px\" \/><\/a>Es wurde auch \u00fcber den aktuellen Stand der Planung des Aktivplatzes der Generationen (ehemals Spielplatz der Generationen) berichtet, die Frau D.-G. und Frau H. am Freitag danach in der Spielplatzkommission vorgestellt haben. Ein Artikel hierzu folgt in der kommenden Woche.<\/p>\n<p>Das war nun der ziemlich kurze Bericht vom Runden Tisch Lankwitz-S\u00fcdende, und wir m\u00f6chten die gelegenheit nutzen nochmals darauf aufmerksam zu machen das wir auch bei Facebook aktiv sind, wo wir aktuelle Sachen aus dem Kiez kurz und knackig posten, und uns \u00fcber jede &#8222;Gef\u00e4llt mir&#8220; &#8211; Angabe f\u00fcr die Seite freuen. Vielleicht schauen Sie ja mal vorbei unter:<\/p>\n<p><a href=\"https:\/\/www.facebook.com\/zukunft.lankwitz\" target=\"_blank\">https:\/\/www.facebook.com\/zukunft.lankwitz<\/a> (um etwas mit &#8222;Gef\u00e4llt mir&#8220; anklicken zu k\u00f6nnen mu\u00df man angemeldet sein, aber schauen kann man auch ohne Facebookmitglied zu sein)<\/p>\n<p>Wir freuen uns \u00fcber Ihre &#8222;Gef\u00e4llt mir&#8220; &#8211; Angabe f\u00fcr die Seite und nat\u00fcrlich auch wie bei allen anderen Artikeln in diesem Blog \u00fcber ihren Kommentar!<\/p>\n<p>&nbsp;<\/p>\n<p>&nbsp;<\/p>\n<div style=\"padding-bottom:10px; padding-top:5px;\" class=\"hupso-share-buttons\"><!-- Hupso Share Buttons - https:\/\/www.hupso.com\/share\/ --><a class=\"hupso_toolbar\" href=\"https:\/\/www.hupso.com\/share\/\"><img decoding=\"async\" src=\"https:\/\/static.hupso.com\/share\/buttons\/lang\/de\/share-medium.png\" style=\"border:0px; padding-top: 5px; float:left;\" alt=\"Share Button\"\/><\/a><script type=\"text\/javascript\">var hupso_services_t=new Array(\"Twitter\",\"Facebook\",\"Google Plus\");var hupso_background_t=\"#EAF4FF\";var hupso_border_t=\"#66CCFF\";var hupso_toolbar_size_t=\"medium\";var hupso_image_folder_url = \"\";var hupso_url_t=\"\";var hupso_title_t=\"Bericht%20vom%20Runden%20Tisch%20im%20Juli%202015\";<\/script><script type=\"text\/javascript\" src=\"https:\/\/static.hupso.com\/share\/js\/share_toolbar.js\"><\/script><!-- Hupso Share Buttons --><\/div>","protected":false},"excerpt":{"rendered":"<p>In der vergangenen Woche hat der Runde Tisch getagt mit unter anderem den folgenden Themen: &#8211; R\u00fcckblick Marktplatz der Ideen &#8211; Zukunftsblick f\u00fcr den Runden Tisch &#8211; Beteiligung bei der Berlinweiten Aktion &#8222;Berlin r\u00e4umt auf&#8220; Wir waren in kleiner Runde, was durch wichtige Aussch\u00fcsse und anderen Terminen nicht anders gelungen ist und waren und fast [&hellip;]<\/p>\n<div style=\"padding-bottom:10px; padding-top:5px;\" class=\"hupso-share-buttons\"><!-- Hupso Share Buttons - https:\/\/www.hupso.com\/share\/ --><a class=\"hupso_toolbar\" href=\"https:\/\/www.hupso.com\/share\/\"><img src=\"https:\/\/static.hupso.com\/share\/buttons\/lang\/de\/share-medium.png\" style=\"border:0px; padding-top: 5px; float:left;\" alt=\"Share Button\"\/><\/a><script type=\"text\/javascript\">var hupso_services_t=new Array(\"Twitter\",\"Facebook\",\"Google Plus\");var hupso_background_t=\"#EAF4FF\";var hupso_border_t=\"#66CCFF\";var hupso_toolbar_size_t=\"medium\";var hupso_image_folder_url = \"\";var hupso_url_t=\"\";var hupso_title_t=\"Bericht%20vom%20Runden%20Tisch%20im%20Juli%202015\";<\/script><script type=\"text\/javascript\" src=\"https:\/\/static.hupso.com\/share\/js\/share_toolbar.js\"><\/script><!-- Hupso Share Buttons --><\/div>","protected":false},"author":2,"featured_media":0,"comment_status":"open","ping_status":"open","sticky":false,"template":"","format":"standard","meta":{"footnotes":""},"categories":[117,3],"tags":[],"class_list":["post-600","post","type-post","status-publish","format-standard","hentry","category-marktplatz-der-ideen","category-runder-tisch"],"_links":{"self":[{"href":"https:\/\/www.zukunft-lankwitz.de\/index.php?rest_route=\/wp\/v2\/posts\/600","targetHints":{"allow":["GET"]}}],"collection":[{"href":"https:\/\/www.zukunft-lankwitz.de\/index.php?rest_route=\/wp\/v2\/posts"}],"about":[{"href":"https:\/\/www.zukunft-lankwitz.de\/index.php?rest_route=\/wp\/v2\/types\/post"}],"author":[{"embeddable":true,"href":"https:\/\/www.zukunft-lankwitz.de\/index.php?rest_route=\/wp\/v2\/users\/2"}],"replies":[{"embeddable":true,"href":"https:\/\/www.zukunft-lankwitz.de\/index.php?rest_route=%2Fwp%2Fv2%2Fcomments&post=600"}],"version-history":[{"count":3,"href":"https:\/\/www.zukunft-lankwitz.de\/index.php?rest_route=\/wp\/v2\/posts\/600\/revisions"}],"predecessor-version":[{"id":605,"href":"https:\/\/www.zukunft-lankwitz.de\/index.php?rest_route=\/wp\/v2\/posts\/600\/revisions\/605"}],"wp:attachment":[{"href":"https:\/\/www.zukunft-lankwitz.de\/index.php?rest_route=%2Fwp%2Fv2%2Fmedia&parent=600"}],"wp:term":[{"taxonomy":"category","embeddable":true,"href":"https:\/\/www.zukunft-lankwitz.de\/index.php?rest_route=%2Fwp%2Fv2%2Fcategories&post=600"},{"taxonomy":"post_tag","embeddable":true,"href":"https:\/\/www.zukunft-lankwitz.de\/index.php?rest_route=%2Fwp%2Fv2%2Ftags&post=600"}],"curies":[{"name":"wp","href":"https:\/\/api.w.org\/{rel}","templated":true}]}}