{"id":606,"date":"2015-07-12T18:22:26","date_gmt":"2015-07-12T16:22:26","guid":{"rendered":"http:\/\/www.zukunft-lankwitz.de\/?p=606"},"modified":"2015-07-12T18:22:26","modified_gmt":"2015-07-12T16:22:26","slug":"aktivplatz-der-generationen","status":"publish","type":"post","link":"https:\/\/www.zukunft-lankwitz.de\/?p=606","title":{"rendered":"Aktivplatz der Generationen"},"content":{"rendered":"<p><a href=\"http:\/\/www.zukunft-lankwitz.de\/wp-content\/uploads\/2015\/07\/spkom071531.jpg\"><img loading=\"lazy\" decoding=\"async\" class=\"alignleft size-medium wp-image-611\" src=\"http:\/\/www.zukunft-lankwitz.de\/wp-content\/uploads\/2015\/07\/spkom071531-300x225.jpg\" alt=\"spkom07153\" width=\"300\" height=\"225\" srcset=\"https:\/\/www.zukunft-lankwitz.de\/wp-content\/uploads\/2015\/07\/spkom071531-300x225.jpg 300w, https:\/\/www.zukunft-lankwitz.de\/wp-content\/uploads\/2015\/07\/spkom071531-624x467.jpg 624w, https:\/\/www.zukunft-lankwitz.de\/wp-content\/uploads\/2015\/07\/spkom071531.jpg 903w\" sizes=\"auto, (max-width: 300px) 100vw, 300px\" \/><\/a>Was ist den nun der Aktivplatz der Generationen? Soll es nun einen Spielplatz der Generationen und einen Aktivplatz geben? Die Antwort ist NEIN! Es ist der Spielplatz der Generationen, nur haben uns mehrere Experten gesagt das Erwachsene sich eher von dem Namen &#8222;Spielplatz&#8220; abschrecken als motivieren lassen. Von daher hier nun die offizielle Umbenennung in Aktivplatz der Generationen.<\/p>\n<p>Am Freitag, den 3. Juli 2015 hat die Spielplatzkommission Steglitz-Zehlendorf in dem Kinder-, Jugend- und Familientreff K\u00e4seglocke getagt mit dem Schwerpunktthema des Aktivplatzes der Generationen. Frau D.-G. und Frau H. haben das Konzept und einen kurzen zeitlichen Abriss dargestellt. Im Anschluss ist die Kommission noch auf den gegen\u00fcberliegenden Rathausplatz gegangen und hat sich das Gel\u00e4nde angeschaut. Es sind viele neue Ideen entstanden die es nun zu pr\u00fcfen gilt und es mu\u00df geschaut werden wie und wo der Aktivplatz realisiert werden kann. Es ist aufjedenfall zu bemerken das die Kommision den Platz als eine Bereicherung sieht und ihre Unterst\u00fczung zugesagt. Ein kleiner aber wichtiger Schritt f\u00fcr den Aktivplatz der Generationen.<\/p>\n<p>Wie hei\u00dft so sch\u00f6n das Sprichwort &#8222;M\u00fchsam ern\u00e4hrt sich <img loading=\"lazy\" decoding=\"async\" class=\" size-medium wp-image-608 alignright\" src=\"http:\/\/www.zukunft-lankwitz.de\/wp-content\/uploads\/2015\/07\/spkom0715-212x300.jpg\" alt=\"spkom0715\" width=\"212\" height=\"300\" srcset=\"https:\/\/www.zukunft-lankwitz.de\/wp-content\/uploads\/2015\/07\/spkom0715-212x300.jpg 212w, https:\/\/www.zukunft-lankwitz.de\/wp-content\/uploads\/2015\/07\/spkom0715-724x1024.jpg 724w, https:\/\/www.zukunft-lankwitz.de\/wp-content\/uploads\/2015\/07\/spkom0715-624x882.jpg 624w\" sizes=\"auto, (max-width: 212px) 100vw, 212px\" \/>das Eichh\u00f6rnchen&#8220;, wir machen weiter. Es ist schon so viel passiert und nun geht\u00b4s richtig los. Das Bezirksamt hat auf unsere Initiative hin ein Spendenkonto eingerichtet wo Zweckgebunden f\u00fcr den Aktivplatz gespendet werden kann. Hier die Kontodaten:<\/p>\n<p><strong>Bezirkskasse Steglitz-Zehlendorf<\/strong><br \/>\n<strong> IBAN: DE36 1005 0000 1210 0034 02<\/strong><br \/>\n<strong> Verwendungszweck:\u00a01536000489275<\/strong><\/p>\n<p>Eine Spendenquittung wird ab 200 Euro auf Wunsch ausgestellt, davor reicht laut Bezirksamt der Einzahlbeleg aus. Bitte wenden Sie sich hierzu an das Bezirksamt Steglitz-Zehlendorf.<\/p>\n<p>Die gesammelten Gelder werden ausschlie\u00dflich f\u00fcr den Aktivplatz der Generationen f\u00fcr Anschaffung und Instandhaltung der Ger\u00e4te und der Anlage verwendet.<\/p>\n<div><\/div>\n<p>Wir halten Sie auf dem laufenden und w\u00fcrden uns sehr freuen wenn Sie mit einer kleinen Spende diese Idee unterst\u00fctzen w\u00fcrden.<\/p>\n<div style=\"padding-bottom:10px; padding-top:5px;\" class=\"hupso-share-buttons\"><!-- Hupso Share Buttons - https:\/\/www.hupso.com\/share\/ --><a class=\"hupso_toolbar\" href=\"https:\/\/www.hupso.com\/share\/\"><img decoding=\"async\" src=\"https:\/\/static.hupso.com\/share\/buttons\/lang\/de\/share-medium.png\" style=\"border:0px; padding-top: 5px; float:left;\" alt=\"Share Button\"\/><\/a><script type=\"text\/javascript\">var hupso_services_t=new Array(\"Twitter\",\"Facebook\",\"Google Plus\");var hupso_background_t=\"#EAF4FF\";var hupso_border_t=\"#66CCFF\";var hupso_toolbar_size_t=\"medium\";var hupso_image_folder_url = \"\";var hupso_url_t=\"\";var hupso_title_t=\"Aktivplatz%20der%20Generationen\";<\/script><script type=\"text\/javascript\" src=\"https:\/\/static.hupso.com\/share\/js\/share_toolbar.js\"><\/script><!-- Hupso Share Buttons --><\/div>","protected":false},"excerpt":{"rendered":"<p>Was ist den nun der Aktivplatz der Generationen? Soll es nun einen Spielplatz der Generationen und einen Aktivplatz geben? Die Antwort ist NEIN! Es ist der Spielplatz der Generationen, nur haben uns mehrere Experten gesagt das Erwachsene sich eher von dem Namen &#8222;Spielplatz&#8220; abschrecken als motivieren lassen. Von daher hier nun die offizielle Umbenennung in [&hellip;]<\/p>\n<div style=\"padding-bottom:10px; padding-top:5px;\" class=\"hupso-share-buttons\"><!-- Hupso Share Buttons - https:\/\/www.hupso.com\/share\/ --><a class=\"hupso_toolbar\" href=\"https:\/\/www.hupso.com\/share\/\"><img src=\"https:\/\/static.hupso.com\/share\/buttons\/lang\/de\/share-medium.png\" style=\"border:0px; padding-top: 5px; float:left;\" alt=\"Share Button\"\/><\/a><script type=\"text\/javascript\">var hupso_services_t=new Array(\"Twitter\",\"Facebook\",\"Google Plus\");var hupso_background_t=\"#EAF4FF\";var hupso_border_t=\"#66CCFF\";var hupso_toolbar_size_t=\"medium\";var hupso_image_folder_url = \"\";var hupso_url_t=\"\";var hupso_title_t=\"Aktivplatz%20der%20Generationen\";<\/script><script type=\"text\/javascript\" src=\"https:\/\/static.hupso.com\/share\/js\/share_toolbar.js\"><\/script><!-- Hupso Share Buttons --><\/div>","protected":false},"author":2,"featured_media":0,"comment_status":"open","ping_status":"open","sticky":false,"template":"","format":"standard","meta":{"footnotes":""},"categories":[178,1,2],"tags":[44,177,175],"class_list":["post-606","post","type-post","status-publish","format-standard","hentry","category-spielplatz-der-generationen","category-allgemein","category-lankwitz","tag-spielplatz-der-generationen","tag-spendenkkonto","tag-spielplatzkommission-steglitz-zehlendorf"],"_links":{"self":[{"href":"https:\/\/www.zukunft-lankwitz.de\/index.php?rest_route=\/wp\/v2\/posts\/606","targetHints":{"allow":["GET"]}}],"collection":[{"href":"https:\/\/www.zukunft-lankwitz.de\/index.php?rest_route=\/wp\/v2\/posts"}],"about":[{"href":"https:\/\/www.zukunft-lankwitz.de\/index.php?rest_route=\/wp\/v2\/types\/post"}],"author":[{"embeddable":true,"href":"https:\/\/www.zukunft-lankwitz.de\/index.php?rest_route=\/wp\/v2\/users\/2"}],"replies":[{"embeddable":true,"href":"https:\/\/www.zukunft-lankwitz.de\/index.php?rest_route=%2Fwp%2Fv2%2Fcomments&post=606"}],"version-history":[{"count":2,"href":"https:\/\/www.zukunft-lankwitz.de\/index.php?rest_route=\/wp\/v2\/posts\/606\/revisions"}],"predecessor-version":[{"id":612,"href":"https:\/\/www.zukunft-lankwitz.de\/index.php?rest_route=\/wp\/v2\/posts\/606\/revisions\/612"}],"wp:attachment":[{"href":"https:\/\/www.zukunft-lankwitz.de\/index.php?rest_route=%2Fwp%2Fv2%2Fmedia&parent=606"}],"wp:term":[{"taxonomy":"category","embeddable":true,"href":"https:\/\/www.zukunft-lankwitz.de\/index.php?rest_route=%2Fwp%2Fv2%2Fcategories&post=606"},{"taxonomy":"post_tag","embeddable":true,"href":"https:\/\/www.zukunft-lankwitz.de\/index.php?rest_route=%2Fwp%2Fv2%2Ftags&post=606"}],"curies":[{"name":"wp","href":"https:\/\/api.w.org\/{rel}","templated":true}]}}