{"id":627,"date":"2015-11-15T12:36:03","date_gmt":"2015-11-15T11:36:03","guid":{"rendered":"http:\/\/www.zukunft-lankwitz.de\/?p=627"},"modified":"2015-11-15T13:09:22","modified_gmt":"2015-11-15T12:09:22","slug":"bericht-vom-runden-tisch-oktober-2015","status":"publish","type":"post","link":"https:\/\/www.zukunft-lankwitz.de\/?p=627","title":{"rendered":"Bericht vom Runden Tisch Oktober 2015"},"content":{"rendered":"<p>Der Runde Tisch hat am \u00a0 \u00a0 getagt. Auf der Tagesordnung stand das Thema &#8222;Fl\u00fcchtlinge &#8211; Wie und wo kann man helfen?&#8220; Es war leider kein Referent von au\u00dferhalb da, aber das Thema wurde trotzdem fachkundig diskutiert. Es gibt zwei Internetseiten f\u00fcr Steglitz-Zehlendorf die f\u00fcr alle Menschen die Helfen und Unterst\u00fctzen m\u00f6chten hilfreich sein werden:<\/p>\n<p><a href=\"http:\/\/www.willkommensbuendnis-steglitz-zehlendorf.de\/\" target=\"_blank\"><img loading=\"lazy\" decoding=\"async\" class=\" size-medium wp-image-628 alignright\" src=\"http:\/\/www.zukunft-lankwitz.de\/wp-content\/uploads\/2015\/11\/willkommen-300x198.jpg\" alt=\"willkommen\" width=\"300\" height=\"198\" srcset=\"https:\/\/www.zukunft-lankwitz.de\/wp-content\/uploads\/2015\/11\/willkommen-300x198.jpg 300w, https:\/\/www.zukunft-lankwitz.de\/wp-content\/uploads\/2015\/11\/willkommen.jpg 343w\" sizes=\"auto, (max-width: 300px) 100vw, 300px\" \/><\/a><\/p>\n<p>&nbsp;<\/p>\n<p>&nbsp;<\/p>\n<p><a href=\"http:\/\/www.willkommensbuendnis-steglitz-zehlendorf.de\/\" target=\"_blank\">Willkommensb\u00fcndnis Steglitz-Zehlendorf<\/a><\/p>\n<p>&nbsp;<\/p>\n<p>&nbsp;<\/p>\n<p>&nbsp;<\/p>\n<p><a href=\"https:\/\/steglitzhilft.wordpress.com\/\"><img loading=\"lazy\" decoding=\"async\" class=\" size-medium wp-image-629 alignleft\" src=\"http:\/\/www.zukunft-lankwitz.de\/wp-content\/uploads\/2015\/11\/steglitz-300x193.jpg\" alt=\"steglitz\" width=\"300\" height=\"193\" srcset=\"https:\/\/www.zukunft-lankwitz.de\/wp-content\/uploads\/2015\/11\/steglitz-300x193.jpg 300w, https:\/\/www.zukunft-lankwitz.de\/wp-content\/uploads\/2015\/11\/steglitz.jpg 599w\" sizes=\"auto, (max-width: 300px) 100vw, 300px\" \/><\/a><\/p>\n<p>&nbsp;<\/p>\n<p>&nbsp;<\/p>\n<p><a href=\"https:\/\/steglitzhilft.wordpress.com\/\" target=\"_blank\">Steglitz-Hilft<\/a><\/p>\n<p>&nbsp;<\/p>\n<p>&nbsp;<\/p>\n<p>&nbsp;<\/p>\n<p>Auf beiden Seiten werden Tagesaktuell die Bedarfe der verschiedenen Unterk\u00fcnfte gemeldet und ver\u00f6ffentlicht, sowie auch wo helfende H\u00e4nde gebraucht werden. Schauen Sie selbst.<\/p>\n<p><!--more--><\/p>\n<p><a href=\"http:\/\/www.zukunft-lankwitz.de\/wp-content\/uploads\/2014\/09\/lank1.jpg\"><img loading=\"lazy\" decoding=\"async\" class=\"alignleft size-medium wp-image-47\" src=\"http:\/\/www.zukunft-lankwitz.de\/wp-content\/uploads\/2014\/09\/lank1-300x224.jpg\" alt=\"lank1\" width=\"300\" height=\"224\" srcset=\"https:\/\/www.zukunft-lankwitz.de\/wp-content\/uploads\/2014\/09\/lank1-300x224.jpg 300w, https:\/\/www.zukunft-lankwitz.de\/wp-content\/uploads\/2014\/09\/lank1.jpg 526w\" sizes=\"auto, (max-width: 300px) 100vw, 300px\" \/><\/a>Weitere Themen an diesem Abend waren Anliegen von B\u00fcrgerinnen und B\u00fcrgern. Zum einen was sind die Rechte eines Gewerbetreibenden? Kann ein Gewerbetreibender mit Hausverbot geben nur weil ich aus einem anderen Bundesland komme, im falschen Ton meine Ware bestellt habe oder zu lange \u00fcberlegen muss? Die Antwort war leider &#8222;Ja!&#8220;. Der Gewerbetreibende hat das Hausrecht und damit darf er auch entscheiden wenn er was verkauft und wem nicht. Es geht hier nur eine Abstimmung mit den F\u00fcssen, und ein solches Verhalten \u00f6ffentlich zu machen, mit anderen zu reden und damit vielleicht zu erreichen das es eine \u00c4nderung gibt. Wir schreiben hier und auch im Protokoll nicht um welches Gewerbe es ging, weil wir diesen Blog nicht betreiben um \u00f6ffentlich anzuprangern.<\/p>\n<p><a href=\"http:\/\/www.zukunft-lankwitz.de\/wp-content\/uploads\/2014\/11\/20141013_180843.jpg\"><img loading=\"lazy\" decoding=\"async\" class=\"alignright size-medium wp-image-202\" src=\"http:\/\/www.zukunft-lankwitz.de\/wp-content\/uploads\/2014\/11\/20141013_180843-300x225.jpg\" alt=\"20141013_180843\" width=\"300\" height=\"225\" srcset=\"https:\/\/www.zukunft-lankwitz.de\/wp-content\/uploads\/2014\/11\/20141013_180843-300x225.jpg 300w, https:\/\/www.zukunft-lankwitz.de\/wp-content\/uploads\/2014\/11\/20141013_180843-1024x768.jpg 1024w, https:\/\/www.zukunft-lankwitz.de\/wp-content\/uploads\/2014\/11\/20141013_180843-624x467.jpg 624w, https:\/\/www.zukunft-lankwitz.de\/wp-content\/uploads\/2014\/11\/20141013_180843-800x600.jpg 800w\" sizes=\"auto, (max-width: 300px) 100vw, 300px\" \/><\/a>Ein anderes Thema war Graffiti im \u00f6ffentlichen Raum, sowie die suche nach Paten f\u00fcr den Rosengarten und den Park hinter dem Rathaus Lankwitz. Die Initiative wird im Fr\u00fchjahr starten und wir werden hier an dieser Stelle nochmals berichten wenn es dann an den Start geht.<\/p>\n<p>Das besondere an dem Runden Tisch war das die Bezirksstadtr\u00e4tin Christa Markl-Vieto nach ihrer B\u00fcrgersprechstunde sich Zeit genommen hat und beim Start noch mit dabei war und die Anliegen der B\u00fcrgerinnen und B\u00fcrger nicht nur auf- und ernstgenommen hat, sondern auch sich das eine oder andere mitgenommen hat. Vielen lieben Dank daf\u00fcr!<\/p>\n<p>&nbsp;<\/p>\n<div style=\"padding-bottom:10px; padding-top:5px;\" class=\"hupso-share-buttons\"><!-- Hupso Share Buttons - https:\/\/www.hupso.com\/share\/ --><a class=\"hupso_toolbar\" href=\"https:\/\/www.hupso.com\/share\/\"><img decoding=\"async\" src=\"https:\/\/static.hupso.com\/share\/buttons\/lang\/de\/share-medium.png\" style=\"border:0px; padding-top: 5px; float:left;\" alt=\"Share Button\"\/><\/a><script type=\"text\/javascript\">var hupso_services_t=new Array(\"Twitter\",\"Facebook\",\"Google Plus\");var hupso_background_t=\"#EAF4FF\";var hupso_border_t=\"#66CCFF\";var hupso_toolbar_size_t=\"medium\";var hupso_image_folder_url = \"\";var hupso_url_t=\"\";var hupso_title_t=\"Bericht%20vom%20Runden%20Tisch%20Oktober%202015\";<\/script><script type=\"text\/javascript\" src=\"https:\/\/static.hupso.com\/share\/js\/share_toolbar.js\"><\/script><!-- Hupso Share Buttons --><\/div>","protected":false},"excerpt":{"rendered":"<p>Der Runde Tisch hat am \u00a0 \u00a0 getagt. Auf der Tagesordnung stand das Thema &#8222;Fl\u00fcchtlinge &#8211; Wie und wo kann man helfen?&#8220; Es war leider kein Referent von au\u00dferhalb da, aber das Thema wurde trotzdem fachkundig diskutiert. Es gibt zwei Internetseiten f\u00fcr Steglitz-Zehlendorf die f\u00fcr alle Menschen die Helfen und Unterst\u00fctzen m\u00f6chten hilfreich sein werden: [&hellip;]<\/p>\n<div style=\"padding-bottom:10px; padding-top:5px;\" class=\"hupso-share-buttons\"><!-- Hupso Share Buttons - https:\/\/www.hupso.com\/share\/ --><a class=\"hupso_toolbar\" href=\"https:\/\/www.hupso.com\/share\/\"><img src=\"https:\/\/static.hupso.com\/share\/buttons\/lang\/de\/share-medium.png\" style=\"border:0px; padding-top: 5px; float:left;\" alt=\"Share Button\"\/><\/a><script type=\"text\/javascript\">var hupso_services_t=new Array(\"Twitter\",\"Facebook\",\"Google Plus\");var hupso_background_t=\"#EAF4FF\";var hupso_border_t=\"#66CCFF\";var hupso_toolbar_size_t=\"medium\";var hupso_image_folder_url = \"\";var hupso_url_t=\"\";var hupso_title_t=\"Bericht%20vom%20Runden%20Tisch%20Oktober%202015\";<\/script><script type=\"text\/javascript\" src=\"https:\/\/static.hupso.com\/share\/js\/share_toolbar.js\"><\/script><!-- Hupso Share Buttons --><\/div>","protected":false},"author":2,"featured_media":0,"comment_status":"open","ping_status":"open","sticky":false,"template":"","format":"standard","meta":{"footnotes":""},"categories":[1,2,3],"tags":[183,141,26,184],"class_list":["post-627","post","type-post","status-publish","format-standard","hentry","category-allgemein","category-lankwitz","category-runder-tisch","tag-ehrenamt","tag-fluechtlinge","tag-gewerbe","tag-graffiti"],"_links":{"self":[{"href":"https:\/\/www.zukunft-lankwitz.de\/index.php?rest_route=\/wp\/v2\/posts\/627","targetHints":{"allow":["GET"]}}],"collection":[{"href":"https:\/\/www.zukunft-lankwitz.de\/index.php?rest_route=\/wp\/v2\/posts"}],"about":[{"href":"https:\/\/www.zukunft-lankwitz.de\/index.php?rest_route=\/wp\/v2\/types\/post"}],"author":[{"embeddable":true,"href":"https:\/\/www.zukunft-lankwitz.de\/index.php?rest_route=\/wp\/v2\/users\/2"}],"replies":[{"embeddable":true,"href":"https:\/\/www.zukunft-lankwitz.de\/index.php?rest_route=%2Fwp%2Fv2%2Fcomments&post=627"}],"version-history":[{"count":3,"href":"https:\/\/www.zukunft-lankwitz.de\/index.php?rest_route=\/wp\/v2\/posts\/627\/revisions"}],"predecessor-version":[{"id":636,"href":"https:\/\/www.zukunft-lankwitz.de\/index.php?rest_route=\/wp\/v2\/posts\/627\/revisions\/636"}],"wp:attachment":[{"href":"https:\/\/www.zukunft-lankwitz.de\/index.php?rest_route=%2Fwp%2Fv2%2Fmedia&parent=627"}],"wp:term":[{"taxonomy":"category","embeddable":true,"href":"https:\/\/www.zukunft-lankwitz.de\/index.php?rest_route=%2Fwp%2Fv2%2Fcategories&post=627"},{"taxonomy":"post_tag","embeddable":true,"href":"https:\/\/www.zukunft-lankwitz.de\/index.php?rest_route=%2Fwp%2Fv2%2Ftags&post=627"}],"curies":[{"name":"wp","href":"https:\/\/api.w.org\/{rel}","templated":true}]}}