{"id":633,"date":"2015-11-19T10:00:13","date_gmt":"2015-11-19T09:00:13","guid":{"rendered":"http:\/\/www.zukunft-lankwitz.de\/?p=633"},"modified":"2015-11-29T08:30:43","modified_gmt":"2015-11-29T07:30:43","slug":"seniorenvertretung-steglitz-zehlendorf-interview-mit-der-berliner-woche","status":"publish","type":"post","link":"https:\/\/www.zukunft-lankwitz.de\/?p=633","title":{"rendered":"Seniorenvertretung Steglitz-Zehlendorf &#8211; Interview mit der Berliner Woche"},"content":{"rendered":"<p>Berliner Woche 6.11.2015, Karla Menge<\/p>\n<p><span class=\"docTextLocation\">Steglitz-Zehlendorf<\/span>. Die Seniorenvertretung k\u00fcmmert sich um die Probleme der \u00e4lteren Menschen im Bezirk. \u00dcber die Arbeit der Seniorenvertretung und die Seniorenpolitik im Bezirk sprach Berliner Woche-Reporterin Karla Menge mit dem stellvertretenden Vorsitzenden Elmar Krause.<\/p>\n<p><span style=\"text-decoration: underline;\"><strong>? Warum braucht der Bezirk eine Seniorenvertretung?<\/strong><\/span><\/p>\n<p><b>Elmar Krause:<\/b> Wir sehen uns als Interessensvertretung von rund 40\u2005000 B\u00fcrgern der Generation 65plus im Bezirk. Wir setzen politisch durch, was Senioren wollen und brauchen. Wir nehmen im Sinne der Senioren auf Planungen und Entscheidungen im Bezirk Einfluss.<\/p>\n<p><strong>? Was sind die wichtigsten Aufgaben? <\/strong><\/p>\n<p><b>Elmar Krause<\/b>: Schwerpunkte unserer Arbeit sind unter anderem die Mitarbeit am bezirklichen Altenplan, die Verbesserung ambulanter Dienste sowie der behindertengerechten Angebote und Einrichtungen. Wichtige Themen sind auch Mobilit\u00e4t, bezahlbarer Wohnraum und die Pflege im Alter. Wir sprechen dar\u00fcber in unseren Plenarsitzungen, die einmal im Monat stattfinden und \u00f6ffentlich sind. Au\u00dferdem sind wir in den Ortsteilen vor Ort und bieten regelm\u00e4\u00dfige Sprechstunden an.<\/p>\n<p><strong>? Mit welchen Problemen kommen die Senioren in die Sprechstunden?<\/strong><\/p>\n<p><b>Elmar Krause:<\/b> Vor allem geht es um Mobilit\u00e4t, Wohnen und Pflege. Im Detail sind das Probleme wie fehlende Fu\u00dfg\u00e4nger\u00fcberwege, zu kurze Gr\u00fcnphasen der Fu\u00dfg\u00e4ngerampeln oder fehlende Sitzb\u00e4nke. Ein gro\u00dfes Thema sind immer wieder die \u00f6ffentlichen Toiletten. Davon gibt es viel zu wenige im Bezirk. Das schr\u00e4nkt die Mobilit\u00e4t \u00e4lterer Menschen sehr ein. Wir haben f\u00fcr diese Kernthemen Arbeitsgruppen gebildet und befassen uns intensiv damit.<\/p>\n<p><!--more--><\/p>\n<p><strong>? Am 19. November l\u00e4dt die Seniorenvertretung zum Seniorenforum ein? Worum geht es?<\/strong><\/p>\n<p><b>Elmar Krause<\/b>: Das Seniorenforum bietet die Chance zum direkten Dialog mit den Bezirkspolitikern. Daf\u00fcr bietet wir mit dem Forum eine Plattform. Im vorigen Jahr gab es erstmals eine \u00e4hnliche Veranstaltung. Die Resonanz war gro\u00df. Rund 150 Personen kamen ins Rathaus. In \u00fcber 70 Antr\u00e4gen formulierten die B\u00fcrger ihre Anfragen und Anregungen. Auch in diesem Jahr stehen 64 Themen auf der Liste.<\/p>\n<p><strong>? Worum geht es in den Antr\u00e4gen?<\/strong><\/p>\n<p><b>Elmar Krause: <\/b>Unter anderem geht es um die Angebote des \u00f6ffentlichen Nahverkehrs, barrierefrei Zug\u00e4nge in \u00f6ffentlichen Geb\u00e4uden, Fahrradspuren auf der Schlo\u00dfstra\u00dfe, fehlende Parkm\u00f6glichkeiten f\u00fcr Fahrr\u00e4der, der bauliche Zustand von Senioren- und Behinderteneinrichtungen, die Absenkung von Bordsteinen oder auch die Wahlen zur Seniorenvertretung 2016. Hierf\u00fcr fordern wir die Novellierung des Seniorenmitwirkungsgesetzes und damit die M\u00f6glichkeit der Briefwahl.<\/p>\n<p><strong>? Im vorigen Jahr hie\u00df die Veranstaltung noch Senioren-BVV. Warum die Namens\u00e4nderung?<\/strong><\/p>\n<p><b>Elmar Krause:<\/b> Senioren-BVV war eine Veranstaltung der Bezirksverordneten. Wir als Seniorenvertretung hatten die Sache angeschoben und waren Zubringer der Anfragen. Den Verantwortlichen war das offenbar zu viel Arbeit. Sie wollten keine j\u00e4hrliche Veranstaltung. Also haben wir die Veranstaltung selbst in die Hand genommen. Das Seniorenforum ist unsere eigene Veranstaltung.<\/p>\n<p><strong>? Mangelt es an Unterst\u00fctzung seitens des Bezirksamtes?<\/strong><\/p>\n<p><b>Elmar Krause: <\/b>Manchmal haben wir das Gef\u00fchl, l\u00e4stige Querulanten zu sein. Vielleicht sind wir das ja. Aber auch nur, weil viele Dinge, die Senioren im Bezirk betreffend, leider nicht selbstverst\u00e4ndlich sind und erk\u00e4mpft werden m\u00fcssen. Wir Senioren m\u00fcssen mehr angeh\u00f6rt werden.<\/p>\n<p><strong>? Wie sehe f\u00fcr Sie der Idealfall aus? <\/strong><\/p>\n<p><b>Elmar Krause:<\/b> Ein eigenes B\u00fcro w\u00fcrde uns reichen. Derzeit teilen wir uns ein B\u00fcro im Rathaus Lankwitz mit anderen Einrichtungen und k\u00f6nnen nur montags von 10 bis 12 Uhr eine Sprechstunde anbieten. <b>KM<\/b><\/p>\n<div class=\"docTextServiceText\">Kontakt zur Seniorenvertretung unter \u2005902\u200599\u200533\u200518 (AB) oder \u200501723\/12\u200586\u200539, E-Mail:\u00a0<a href=\"mailto:seniorenvertretung@ba-sz.berlin.de\" target=\"_blank\" rel=\"nofollow\">seniorenvertretung @ ba-sz.berlin.de<\/a><\/div>\n<div style=\"padding-bottom:10px; padding-top:5px;\" class=\"hupso-share-buttons\"><!-- Hupso Share Buttons - https:\/\/www.hupso.com\/share\/ --><a class=\"hupso_toolbar\" href=\"https:\/\/www.hupso.com\/share\/\"><img decoding=\"async\" src=\"https:\/\/static.hupso.com\/share\/buttons\/lang\/de\/share-medium.png\" style=\"border:0px; padding-top: 5px; float:left;\" alt=\"Share Button\"\/><\/a><script type=\"text\/javascript\">var hupso_services_t=new Array(\"Twitter\",\"Facebook\",\"Google Plus\");var hupso_background_t=\"#EAF4FF\";var hupso_border_t=\"#66CCFF\";var hupso_toolbar_size_t=\"medium\";var hupso_image_folder_url = \"\";var hupso_url_t=\"\";var hupso_title_t=\"Seniorenvertretung%20Steglitz-Zehlendorf%20-%20Interview%20mit%20der%20Berliner%20Woche\";<\/script><script type=\"text\/javascript\" src=\"https:\/\/static.hupso.com\/share\/js\/share_toolbar.js\"><\/script><!-- Hupso Share Buttons --><\/div>","protected":false},"excerpt":{"rendered":"<p>Berliner Woche 6.11.2015, Karla Menge Steglitz-Zehlendorf. Die Seniorenvertretung k\u00fcmmert sich um die Probleme der \u00e4lteren Menschen im Bezirk. \u00dcber die Arbeit der Seniorenvertretung und die Seniorenpolitik im Bezirk sprach Berliner Woche-Reporterin Karla Menge mit dem stellvertretenden Vorsitzenden Elmar Krause. ? Warum braucht der Bezirk eine Seniorenvertretung? Elmar Krause: Wir sehen uns als Interessensvertretung von rund [&hellip;]<\/p>\n<div style=\"padding-bottom:10px; padding-top:5px;\" class=\"hupso-share-buttons\"><!-- Hupso Share Buttons - https:\/\/www.hupso.com\/share\/ --><a class=\"hupso_toolbar\" href=\"https:\/\/www.hupso.com\/share\/\"><img src=\"https:\/\/static.hupso.com\/share\/buttons\/lang\/de\/share-medium.png\" style=\"border:0px; padding-top: 5px; float:left;\" alt=\"Share Button\"\/><\/a><script type=\"text\/javascript\">var hupso_services_t=new Array(\"Twitter\",\"Facebook\",\"Google Plus\");var hupso_background_t=\"#EAF4FF\";var hupso_border_t=\"#66CCFF\";var hupso_toolbar_size_t=\"medium\";var hupso_image_folder_url = \"\";var hupso_url_t=\"\";var hupso_title_t=\"Seniorenvertretung%20Steglitz-Zehlendorf%20-%20Interview%20mit%20der%20Berliner%20Woche\";<\/script><script type=\"text\/javascript\" src=\"https:\/\/static.hupso.com\/share\/js\/share_toolbar.js\"><\/script><!-- Hupso Share Buttons --><\/div>","protected":false},"author":2,"featured_media":0,"comment_status":"open","ping_status":"open","sticky":false,"template":"","format":"standard","meta":{"footnotes":""},"categories":[1,185],"tags":[186,188,187,42],"class_list":["post-633","post","type-post","status-publish","format-standard","hentry","category-allgemein","category-senioren","tag-senioren","tag-seniorenforum","tag-seniorenvertretung","tag-steglitz-zehlendorf"],"_links":{"self":[{"href":"https:\/\/www.zukunft-lankwitz.de\/index.php?rest_route=\/wp\/v2\/posts\/633","targetHints":{"allow":["GET"]}}],"collection":[{"href":"https:\/\/www.zukunft-lankwitz.de\/index.php?rest_route=\/wp\/v2\/posts"}],"about":[{"href":"https:\/\/www.zukunft-lankwitz.de\/index.php?rest_route=\/wp\/v2\/types\/post"}],"author":[{"embeddable":true,"href":"https:\/\/www.zukunft-lankwitz.de\/index.php?rest_route=\/wp\/v2\/users\/2"}],"replies":[{"embeddable":true,"href":"https:\/\/www.zukunft-lankwitz.de\/index.php?rest_route=%2Fwp%2Fv2%2Fcomments&post=633"}],"version-history":[{"count":3,"href":"https:\/\/www.zukunft-lankwitz.de\/index.php?rest_route=\/wp\/v2\/posts\/633\/revisions"}],"predecessor-version":[{"id":653,"href":"https:\/\/www.zukunft-lankwitz.de\/index.php?rest_route=\/wp\/v2\/posts\/633\/revisions\/653"}],"wp:attachment":[{"href":"https:\/\/www.zukunft-lankwitz.de\/index.php?rest_route=%2Fwp%2Fv2%2Fmedia&parent=633"}],"wp:term":[{"taxonomy":"category","embeddable":true,"href":"https:\/\/www.zukunft-lankwitz.de\/index.php?rest_route=%2Fwp%2Fv2%2Fcategories&post=633"},{"taxonomy":"post_tag","embeddable":true,"href":"https:\/\/www.zukunft-lankwitz.de\/index.php?rest_route=%2Fwp%2Fv2%2Ftags&post=633"}],"curies":[{"name":"wp","href":"https:\/\/api.w.org\/{rel}","templated":true}]}}