{"id":66,"date":"2014-09-06T08:00:29","date_gmt":"2014-09-06T06:00:29","guid":{"rendered":"http:\/\/zukunft-lankwitz.de\/?p=66"},"modified":"2020-02-19T22:24:51","modified_gmt":"2020-02-19T21:24:51","slug":"bericht-vom-ersten-tag","status":"publish","type":"post","link":"https:\/\/www.zukunft-lankwitz.de\/?p=66","title":{"rendered":"Bericht vom ersten Tag"},"content":{"rendered":"<p><a href=\"http:\/\/zukunft-lankwitz.de\/wp-content\/uploads\/2014\/09\/marktplatz2014_029.jpg\"><img loading=\"lazy\" decoding=\"async\" class=\"alignleft wp-image-69 size-full\" src=\"http:\/\/zukunft-lankwitz.de\/wp-content\/uploads\/2014\/09\/marktplatz2014_029.jpg\" alt=\"marktplatz2014_029\" width=\"300\" height=\"200\" data-wp-pid=\"69\" \/><\/a>15.00 Uhr im Rosengarten. In der Mitte des Ganges stehen Moderationsw\u00e4nde und auf den Wiesen drum herum Tische und St\u00fchle. Ein Flipchart steht mitten in der Landschaft und am Haus stehen auch Tische und St\u00fchle und ein kleines B\u00fcffet mit Kuchen, Salaten, Obst und Gem\u00fcse wird aufgebaut. Die Vorbereitungen sind abgeschlossen. Langsam treffen immer mehr Menschen f\u00fcr den Marktplatz der Ideen ein. Sie haben ihre Anliegen und Ideen mitgebracht.<\/p>\n<p><a href=\"http:\/\/zukunft-lankwitz.de\/wp-content\/uploads\/2014\/09\/marktplatz2014_008.jpg\"><img loading=\"lazy\" decoding=\"async\" class=\"alignright wp-image-68 size-full\" src=\"http:\/\/zukunft-lankwitz.de\/wp-content\/uploads\/2014\/09\/marktplatz2014_008.jpg\" alt=\"marktplatz2014_008\" width=\"200\" height=\"300\" data-wp-pid=\"68\" \/><\/a><\/p>\n<p>&nbsp;<\/p>\n<p>Frau H\u00e4rtel, eine der beiden Gesch\u00e4ftsf\u00fchrerinen von Spiel &amp; Action e.V. und Sprecherin des Runden Tisch Lankwitz-S\u00fcdende er\u00f6ffnet die Veranstaltung. Sie erkl\u00e4rt kurz den Zeitplan des Tages, den Ablauf des Marktplatzes und die Regeln nach den Diskutiert werden darf. Die Regeln sind einfach und \u00fcbersichtlich. Das Konzept ist ein offener Raum (engl. Open Space) in dem alles m\u00f6glich ist und ein jeder das mit einbringen kann was sie\/er mag und kann.<\/p>\n<p>&nbsp;<\/p>\n<p><!--more--><\/p>\n<p><img loading=\"lazy\" decoding=\"async\" class=\"alignleft wp-image-73 size-full\" src=\"http:\/\/zukunft-lankwitz.de\/wp-content\/uploads\/2014\/09\/marktplatz2014_054.jpg\" alt=\"marktplatz2014_054\" width=\"200\" height=\"300\" data-wp-pid=\"73\" \/><\/p>\n<p>Der erste Schritt ist das sammeln von Themen, Anliegen und Ideen. Auf Karten werden die Besucher gebeten ihre Anliegen zu schreiben und an eine Wand zu pinnen wo und\u00a0wann sie dar\u00fcber mit anderen diskutieren m\u00f6chten. Die ersten Gespr\u00e4che und Diskussionen gehen schon beim schreiben der Karten los. Der Marktplatz der Ideen ist an den Start gegangen. Schwerpunktthemen waren Gewerbe und G\u00fcnfl\u00e4chenpflege. Diese beiden Themen wurden unter anderem auch im folgenden hei\u00df diskutiert. Nicht zu letzt auch dadurch das die Bezirksstadtr\u00e4tin Frau Markl-Vieto die erste Themenstunde begleitet hat und mit den B\u00fcrgerinnen und B\u00fcrgern ins Gespr\u00e4ch gegangen ist.<\/p>\n<p><a href=\"http:\/\/zukunft-lankwitz.de\/wp-content\/uploads\/2014\/09\/marktplatz2014_073.jpg\"><img loading=\"lazy\" decoding=\"async\" class=\"alignright wp-image-74 size-full\" src=\"http:\/\/zukunft-lankwitz.de\/wp-content\/uploads\/2014\/09\/marktplatz2014_073.jpg\" alt=\"marktplatz2014_073\" width=\"300\" height=\"200\" data-wp-pid=\"74\" \/><\/a>Parallel zu den Erwachsen haben die Kinder und Jugendlichen einen eigenen Tisch nur f\u00fcr sich gehabt. An diesem wurden sie begleitet durch das Kinder und Jugendb\u00fcro, in Person Frau Rittel ihre Themen und Anliegen los. Absoluter Favorit an dieser Stelle war der Spielplatz am Ende des Rosengarten. Die Bezirksstadtr\u00e4tin nahm sich nach den Erwachsenen auch Zeit um mit den Kindern und Jugendlichen ins Gespr\u00e4ch zu gehen. Zu einer sp\u00e4teren Stunde hatten sie nochmal die Gelegenheit mit Hr. Ziffels (BVV Abgeordneter der SPD Fraktion in Steglitz-Zehlendorf) zu reden, der im vergangenden Jahr f\u00fcr das Projekt Kiez-Detektive die Patenschaft \u00fcbernommen hat, um gemeinsam mit den Kids was zu bewegen.<\/p>\n<p><a href=\"http:\/\/zukunft-lankwitz.de\/wp-content\/uploads\/2014\/09\/marktplatz2014_050.jpg\"><img loading=\"lazy\" decoding=\"async\" class=\"alignleft wp-image-72 size-full\" src=\"http:\/\/zukunft-lankwitz.de\/wp-content\/uploads\/2014\/09\/marktplatz2014_050.jpg\" alt=\"marktplatz2014_050\" width=\"300\" height=\"200\" data-wp-pid=\"72\" \/><\/a>Im Anschluss der zweiten Diskussionsrunde kamen die letzten G\u00e4ste des heutigen Tages die beiden Pr\u00e4ventionsbeauftragten der Berliner Polizei des Abschnitt 45 und 46, sowie ein Vetreter des Ordnungsamtes, zust\u00e4nding f\u00fcr Jugendschutzkontrollen. Das Thema war Sicherheit und Jugendschutz und alles was die Menschen noch bewegt. Alle Anwesenden reihten sich um die drei G\u00e4ste und es wurde lebhaft diskutiert, sich ausgetauscht und geduldig alle Fragen beantwortet.<\/p>\n<p><a href=\"http:\/\/zukunft-lankwitz.de\/wp-content\/uploads\/2014\/09\/marktplatz2014_097.jpg\"><img loading=\"lazy\" decoding=\"async\" class=\"aligncenter wp-image-75 size-full\" src=\"http:\/\/zukunft-lankwitz.de\/wp-content\/uploads\/2014\/09\/marktplatz2014_097.jpg\" alt=\"marktplatz2014_097\" width=\"300\" height=\"200\" data-wp-pid=\"75\" \/><\/a><\/p>\n<p>&nbsp;<\/p>\n<div style=\"padding-bottom:10px; padding-top:5px;\" class=\"hupso-share-buttons\"><!-- Hupso Share Buttons - https:\/\/www.hupso.com\/share\/ --><a class=\"hupso_toolbar\" href=\"https:\/\/www.hupso.com\/share\/\"><img decoding=\"async\" src=\"https:\/\/static.hupso.com\/share\/buttons\/lang\/de\/share-medium.png\" style=\"border:0px; padding-top: 5px; float:left;\" alt=\"Share Button\"\/><\/a><script type=\"text\/javascript\">var hupso_services_t=new Array(\"Twitter\",\"Facebook\",\"Google Plus\");var hupso_background_t=\"#EAF4FF\";var hupso_border_t=\"#66CCFF\";var hupso_toolbar_size_t=\"medium\";var hupso_image_folder_url = \"\";var hupso_url_t=\"\";var hupso_title_t=\"Bericht%20vom%20ersten%20Tag\";<\/script><script type=\"text\/javascript\" src=\"https:\/\/static.hupso.com\/share\/js\/share_toolbar.js\"><\/script><!-- Hupso Share Buttons --><\/div>","protected":false},"excerpt":{"rendered":"<p>15.00 Uhr im Rosengarten. In der Mitte des Ganges stehen Moderationsw\u00e4nde und auf den Wiesen drum herum Tische und St\u00fchle. Ein Flipchart steht mitten in der Landschaft und am Haus stehen auch Tische und St\u00fchle und ein kleines B\u00fcffet mit Kuchen, Salaten, Obst und Gem\u00fcse wird aufgebaut. Die Vorbereitungen sind abgeschlossen. Langsam treffen immer mehr [&hellip;]<\/p>\n<div style=\"padding-bottom:10px; padding-top:5px;\" class=\"hupso-share-buttons\"><!-- Hupso Share Buttons - https:\/\/www.hupso.com\/share\/ --><a class=\"hupso_toolbar\" href=\"https:\/\/www.hupso.com\/share\/\"><img src=\"https:\/\/static.hupso.com\/share\/buttons\/lang\/de\/share-medium.png\" style=\"border:0px; padding-top: 5px; float:left;\" alt=\"Share Button\"\/><\/a><script type=\"text\/javascript\">var hupso_services_t=new Array(\"Twitter\",\"Facebook\",\"Google Plus\");var hupso_background_t=\"#EAF4FF\";var hupso_border_t=\"#66CCFF\";var hupso_toolbar_size_t=\"medium\";var hupso_image_folder_url = \"\";var hupso_url_t=\"\";var hupso_title_t=\"Bericht%20vom%20ersten%20Tag\";<\/script><script type=\"text\/javascript\" src=\"https:\/\/static.hupso.com\/share\/js\/share_toolbar.js\"><\/script><!-- Hupso Share Buttons --><\/div>","protected":false},"author":2,"featured_media":0,"comment_status":"closed","ping_status":"open","sticky":false,"template":"","format":"standard","meta":{"footnotes":""},"categories":[1,5,2,117],"tags":[6,20,22,26,21,27,23,17,25,24],"class_list":["post-66","post","type-post","status-publish","format-standard","hentry","category-allgemein","category-kinder-und-jugendliche","category-lankwitz","category-marktplatz-der-ideen","tag-buergerinnen-und-buerger","tag-erster-tag","tag-frau-markl-vieto","tag-gewerbe","tag-marktplat","tag-natur-und-gruenflaechen","tag-ordnungsamt","tag-polizei","tag-runder-tisch-lankwitz-suedende","tag-silvia-haertel"],"_links":{"self":[{"href":"https:\/\/www.zukunft-lankwitz.de\/index.php?rest_route=\/wp\/v2\/posts\/66","targetHints":{"allow":["GET"]}}],"collection":[{"href":"https:\/\/www.zukunft-lankwitz.de\/index.php?rest_route=\/wp\/v2\/posts"}],"about":[{"href":"https:\/\/www.zukunft-lankwitz.de\/index.php?rest_route=\/wp\/v2\/types\/post"}],"author":[{"embeddable":true,"href":"https:\/\/www.zukunft-lankwitz.de\/index.php?rest_route=\/wp\/v2\/users\/2"}],"replies":[{"embeddable":true,"href":"https:\/\/www.zukunft-lankwitz.de\/index.php?rest_route=%2Fwp%2Fv2%2Fcomments&post=66"}],"version-history":[{"count":6,"href":"https:\/\/www.zukunft-lankwitz.de\/index.php?rest_route=\/wp\/v2\/posts\/66\/revisions"}],"predecessor-version":[{"id":96,"href":"https:\/\/www.zukunft-lankwitz.de\/index.php?rest_route=\/wp\/v2\/posts\/66\/revisions\/96"}],"wp:attachment":[{"href":"https:\/\/www.zukunft-lankwitz.de\/index.php?rest_route=%2Fwp%2Fv2%2Fmedia&parent=66"}],"wp:term":[{"taxonomy":"category","embeddable":true,"href":"https:\/\/www.zukunft-lankwitz.de\/index.php?rest_route=%2Fwp%2Fv2%2Fcategories&post=66"},{"taxonomy":"post_tag","embeddable":true,"href":"https:\/\/www.zukunft-lankwitz.de\/index.php?rest_route=%2Fwp%2Fv2%2Ftags&post=66"}],"curies":[{"name":"wp","href":"https:\/\/api.w.org\/{rel}","templated":true}]}}