{"id":741,"date":"2016-06-23T23:52:30","date_gmt":"2016-06-23T21:52:30","guid":{"rendered":"http:\/\/www.zukunft-lankwitz.de\/?p=741"},"modified":"2016-06-23T23:52:30","modified_gmt":"2016-06-23T21:52:30","slug":"eindruecke-vom-kiez-fest","status":"publish","type":"post","link":"https:\/\/www.zukunft-lankwitz.de\/?p=741","title":{"rendered":"Eindr\u00fccke vom Kiez-Fest"},"content":{"rendered":"<p><a href=\"http:\/\/www.zukunft-lankwitz.de\/wp-content\/uploads\/2016\/06\/20160528_164416.jpg\"><img loading=\"lazy\" decoding=\"async\" class=\"size-medium wp-image-747 alignleft\" src=\"http:\/\/www.zukunft-lankwitz.de\/wp-content\/uploads\/2016\/06\/20160528_164416-169x300.jpg\" alt=\"20160528_164416\" width=\"169\" height=\"300\" srcset=\"https:\/\/www.zukunft-lankwitz.de\/wp-content\/uploads\/2016\/06\/20160528_164416-169x300.jpg 169w, https:\/\/www.zukunft-lankwitz.de\/wp-content\/uploads\/2016\/06\/20160528_164416-768x1366.jpg 768w, https:\/\/www.zukunft-lankwitz.de\/wp-content\/uploads\/2016\/06\/20160528_164416-576x1024.jpg 576w, https:\/\/www.zukunft-lankwitz.de\/wp-content\/uploads\/2016\/06\/20160528_164416-624x1109.jpg 624w, https:\/\/www.zukunft-lankwitz.de\/wp-content\/uploads\/2016\/06\/20160528_164416.jpg 1500w\" sizes=\"auto, (max-width: 169px) 100vw, 169px\" \/><\/a><\/p>\n<p>&nbsp;<\/p>\n<p>Mit ein bisschen Versp\u00e4tung, aber es kommt noch der R\u00fcckblick zum Kiezfest 2016. Am 28. Mai fand das Kiez-Fest im Rosengarten hinter der K\u00e4segocke statt. Das Angebot reichte von Kunsthamdwerk, \u00fcber Mitmachangeboten zu Informationen zu den unterschiedlichsten Bereichen. Es war bunt sch\u00f6n! Super Wetter, eIne tolle Stimmung, intersierte Menschen und nette Standbetreiber. Was wollen wir mehr? Nichts! :o) Es war ein sch\u00f6nes Fest und wir w\u00fcrden uns freuen wenn Sie da waren und vielleicht in den Kommentaren ein Feedback hinterlassen k\u00f6nnten. Ganz lieben Dank an den Frauenchor der Ratswaage die uns Musikalisch unterst\u00fctzt haben.<\/p>\n<p>Wir m\u00f6chten bevor gaaaannnnzzzz viele Fotos kommen uns hier an dieser Stelle bei den vielen flei\u00dfigen sichtbaren und unsichtbaren H\u00e4nden bedanken die das Kiez-Fest vorbreitet haben. Um ein paar Eckpunkte zu nennen:<\/p>\n<p><a href=\"http:\/\/www.zukunft-lankwitz.de\/wp-content\/uploads\/2016\/06\/20160528_151053.jpg\"><img loading=\"lazy\" decoding=\"async\" class=\"size-medium wp-image-746 alignright\" src=\"http:\/\/www.zukunft-lankwitz.de\/wp-content\/uploads\/2016\/06\/20160528_151053-300x169.jpg\" alt=\"20160528_151053\" width=\"300\" height=\"169\" srcset=\"https:\/\/www.zukunft-lankwitz.de\/wp-content\/uploads\/2016\/06\/20160528_151053-300x169.jpg 300w, https:\/\/www.zukunft-lankwitz.de\/wp-content\/uploads\/2016\/06\/20160528_151053-768x432.jpg 768w, https:\/\/www.zukunft-lankwitz.de\/wp-content\/uploads\/2016\/06\/20160528_151053-1024x576.jpg 1024w, https:\/\/www.zukunft-lankwitz.de\/wp-content\/uploads\/2016\/06\/20160528_151053-624x351.jpg 624w, https:\/\/www.zukunft-lankwitz.de\/wp-content\/uploads\/2016\/06\/20160528_151053.jpg 1500w\" sizes=\"auto, (max-width: 300px) 100vw, 300px\" \/><\/a>Rund 80 Emails gingen raus f\u00fcr eventuelle Standbetreiber, es wurden 20 Kuchen, 100 Wackelpuddigs und 80 Griespuddings gebacken und gekocht. Auf Facebook wurde diese Veranstaltung erstellt und 627 mal geteilt, sodass sie 6712 Menschen gesehen haben. Dazu kamen noch 5000 Flyer die verteilt worden sind. Es steckt eine Menge arbeit hinter einer solchen Veranstaltung die man nicht sehen kann, \u00a0aber uns war es an dieser Stelle wichtig es mal zu benennen und ein grosses Danke Sch\u00f6n loszuwerden.<\/p>\n<p><a href=\"http:\/\/www.zukunft-lankwitz.de\/wp-content\/uploads\/2016\/06\/kiezf32016.jpg\"><img loading=\"lazy\" decoding=\"async\" class=\"size-medium wp-image-751 alignleft\" src=\"http:\/\/www.zukunft-lankwitz.de\/wp-content\/uploads\/2016\/06\/kiezf32016-300x282.jpg\" alt=\"kiezf32016\" width=\"300\" height=\"282\" srcset=\"https:\/\/www.zukunft-lankwitz.de\/wp-content\/uploads\/2016\/06\/kiezf32016-300x282.jpg 300w, https:\/\/www.zukunft-lankwitz.de\/wp-content\/uploads\/2016\/06\/kiezf32016-768x722.jpg 768w, https:\/\/www.zukunft-lankwitz.de\/wp-content\/uploads\/2016\/06\/kiezf32016-1024x963.jpg 1024w, https:\/\/www.zukunft-lankwitz.de\/wp-content\/uploads\/2016\/06\/kiezf32016-624x587.jpg 624w, https:\/\/www.zukunft-lankwitz.de\/wp-content\/uploads\/2016\/06\/kiezf32016-600x564.jpg 600w, https:\/\/www.zukunft-lankwitz.de\/wp-content\/uploads\/2016\/06\/kiezf32016-800x753.jpg 800w, https:\/\/www.zukunft-lankwitz.de\/wp-content\/uploads\/2016\/06\/kiezf32016.jpg 1500w\" sizes=\"auto, (max-width: 300px) 100vw, 300px\" \/><\/a>W\u00e4hrend der Veranstaltung gab es ein Livestream vom Kiez-Report wo interessante Menschen interviewt wurden.<\/p>\n<p>Es war ein Rund um sch\u00f6nes Fest und die Auswertung wird beim n\u00e4chsten Runden Tisch am 6.07.2016 \u00a0ab 18.00 Uhr im Campus Albert-Schweitzer stattfinden wo Sie recht herzlich zu eingeladen sind.<\/p>\n<p>&nbsp;<\/p>\n<p>&nbsp;<\/p>\n<p>&nbsp;<\/p>\n\n\t\t<style type=\"text\/css\">\n\t\t\t#gallery-1 {\n\t\t\t\tmargin: auto;\n\t\t\t}\n\t\t\t#gallery-1 .gallery-item {\n\t\t\t\tfloat: left;\n\t\t\t\tmargin-top: 10px;\n\t\t\t\ttext-align: center;\n\t\t\t\twidth: 33%;\n\t\t\t}\n\t\t\t#gallery-1 img {\n\t\t\t\tborder: 2px solid #cfcfcf;\n\t\t\t}\n\t\t\t#gallery-1 .gallery-caption {\n\t\t\t\tmargin-left: 0;\n\t\t\t}\n\t\t\t\/* see gallery_shortcode() in wp-includes\/media.php *\/\n\t\t<\/style>\n\t\t<div id='gallery-1' class='gallery galleryid-741 gallery-columns-3 gallery-size-thumbnail'><dl class='gallery-item'>\n\t\t\t<dt class='gallery-icon portrait'>\n\t\t\t\t<a href='https:\/\/www.zukunft-lankwitz.de\/?attachment_id=738'><img loading=\"lazy\" decoding=\"async\" width=\"150\" height=\"150\" src=\"https:\/\/www.zukunft-lankwitz.de\/wp-content\/uploads\/2016\/05\/kiezfest-150x150.jpg\" class=\"attachment-thumbnail size-thumbnail\" alt=\"\" \/><\/a>\n\t\t\t<\/dt><\/dl><dl class='gallery-item'>\n\t\t\t<dt class='gallery-icon portrait'>\n\t\t\t\t<a href='https:\/\/www.zukunft-lankwitz.de\/?attachment_id=744'><img loading=\"lazy\" decoding=\"async\" width=\"150\" height=\"150\" src=\"https:\/\/www.zukunft-lankwitz.de\/wp-content\/uploads\/2016\/06\/20160528_150446-150x150.jpg\" class=\"attachment-thumbnail size-thumbnail\" alt=\"\" \/><\/a>\n\t\t\t<\/dt><\/dl><dl class='gallery-item'>\n\t\t\t<dt class='gallery-icon landscape'>\n\t\t\t\t<a href='https:\/\/www.zukunft-lankwitz.de\/?attachment_id=745'><img loading=\"lazy\" decoding=\"async\" width=\"150\" height=\"150\" src=\"https:\/\/www.zukunft-lankwitz.de\/wp-content\/uploads\/2016\/06\/20160528_150452-150x150.jpg\" class=\"attachment-thumbnail size-thumbnail\" alt=\"\" \/><\/a>\n\t\t\t<\/dt><\/dl><br style=\"clear: both\" \/><dl class='gallery-item'>\n\t\t\t<dt class='gallery-icon landscape'>\n\t\t\t\t<a href='https:\/\/www.zukunft-lankwitz.de\/?attachment_id=746'><img loading=\"lazy\" decoding=\"async\" width=\"150\" height=\"150\" src=\"https:\/\/www.zukunft-lankwitz.de\/wp-content\/uploads\/2016\/06\/20160528_151053-150x150.jpg\" class=\"attachment-thumbnail size-thumbnail\" alt=\"\" \/><\/a>\n\t\t\t<\/dt><\/dl><dl class='gallery-item'>\n\t\t\t<dt class='gallery-icon portrait'>\n\t\t\t\t<a href='https:\/\/www.zukunft-lankwitz.de\/?attachment_id=747'><img loading=\"lazy\" decoding=\"async\" width=\"150\" height=\"150\" src=\"https:\/\/www.zukunft-lankwitz.de\/wp-content\/uploads\/2016\/06\/20160528_164416-150x150.jpg\" class=\"attachment-thumbnail size-thumbnail\" alt=\"\" \/><\/a>\n\t\t\t<\/dt><\/dl><dl class='gallery-item'>\n\t\t\t<dt class='gallery-icon landscape'>\n\t\t\t\t<a href='https:\/\/www.zukunft-lankwitz.de\/?attachment_id=748'><img loading=\"lazy\" decoding=\"async\" width=\"150\" height=\"150\" src=\"https:\/\/www.zukunft-lankwitz.de\/wp-content\/uploads\/2016\/06\/20160528_164428-150x150.jpg\" class=\"attachment-thumbnail size-thumbnail\" alt=\"\" \/><\/a>\n\t\t\t<\/dt><\/dl><br style=\"clear: both\" \/><dl class='gallery-item'>\n\t\t\t<dt class='gallery-icon landscape'>\n\t\t\t\t<a href='https:\/\/www.zukunft-lankwitz.de\/?attachment_id=750'><img loading=\"lazy\" decoding=\"async\" width=\"150\" height=\"150\" src=\"https:\/\/www.zukunft-lankwitz.de\/wp-content\/uploads\/2016\/06\/kf2016-150x150.jpg\" class=\"attachment-thumbnail size-thumbnail\" alt=\"\" \/><\/a>\n\t\t\t<\/dt><\/dl><dl class='gallery-item'>\n\t\t\t<dt class='gallery-icon landscape'>\n\t\t\t\t<a href='https:\/\/www.zukunft-lankwitz.de\/?attachment_id=751'><img loading=\"lazy\" decoding=\"async\" width=\"150\" height=\"150\" src=\"https:\/\/www.zukunft-lankwitz.de\/wp-content\/uploads\/2016\/06\/kiezf32016-150x150.jpg\" class=\"attachment-thumbnail size-thumbnail\" alt=\"\" srcset=\"https:\/\/www.zukunft-lankwitz.de\/wp-content\/uploads\/2016\/06\/kiezf32016-150x150.jpg 150w, https:\/\/www.zukunft-lankwitz.de\/wp-content\/uploads\/2016\/06\/kiezf32016-800x800.jpg 800w\" sizes=\"auto, (max-width: 150px) 100vw, 150px\" \/><\/a>\n\t\t\t<\/dt><\/dl>\n\t\t\t<br style='clear: both' \/>\n\t\t<\/div>\n\n<div style=\"padding-bottom:10px; padding-top:5px;\" class=\"hupso-share-buttons\"><!-- Hupso Share Buttons - https:\/\/www.hupso.com\/share\/ --><a class=\"hupso_toolbar\" href=\"https:\/\/www.hupso.com\/share\/\"><img decoding=\"async\" src=\"https:\/\/static.hupso.com\/share\/buttons\/lang\/de\/share-medium.png\" style=\"border:0px; padding-top: 5px; float:left;\" alt=\"Share Button\"\/><\/a><script type=\"text\/javascript\">var hupso_services_t=new Array(\"Twitter\",\"Facebook\",\"Google Plus\");var hupso_background_t=\"#EAF4FF\";var hupso_border_t=\"#66CCFF\";var hupso_toolbar_size_t=\"medium\";var hupso_image_folder_url = \"\";var hupso_url_t=\"\";var hupso_title_t=\"Eindr%C3%BCcke%20vom%20Kiez-Fest\";<\/script><script type=\"text\/javascript\" src=\"https:\/\/static.hupso.com\/share\/js\/share_toolbar.js\"><\/script><!-- Hupso Share Buttons --><\/div>","protected":false},"excerpt":{"rendered":"<p>&nbsp; Mit ein bisschen Versp\u00e4tung, aber es kommt noch der R\u00fcckblick zum Kiezfest 2016. Am 28. Mai fand das Kiez-Fest im Rosengarten hinter der K\u00e4segocke statt. Das Angebot reichte von Kunsthamdwerk, \u00fcber Mitmachangeboten zu Informationen zu den unterschiedlichsten Bereichen. Es war bunt sch\u00f6n! Super Wetter, eIne tolle Stimmung, intersierte Menschen und nette Standbetreiber. Was wollen [&hellip;]<\/p>\n<div style=\"padding-bottom:10px; padding-top:5px;\" class=\"hupso-share-buttons\"><!-- Hupso Share Buttons - https:\/\/www.hupso.com\/share\/ --><a class=\"hupso_toolbar\" href=\"https:\/\/www.hupso.com\/share\/\"><img src=\"https:\/\/static.hupso.com\/share\/buttons\/lang\/de\/share-medium.png\" style=\"border:0px; padding-top: 5px; float:left;\" alt=\"Share Button\"\/><\/a><script type=\"text\/javascript\">var hupso_services_t=new Array(\"Twitter\",\"Facebook\",\"Google Plus\");var hupso_background_t=\"#EAF4FF\";var hupso_border_t=\"#66CCFF\";var hupso_toolbar_size_t=\"medium\";var hupso_image_folder_url = \"\";var hupso_url_t=\"\";var hupso_title_t=\"Eindr%C3%BCcke%20vom%20Kiez-Fest\";<\/script><script type=\"text\/javascript\" src=\"https:\/\/static.hupso.com\/share\/js\/share_toolbar.js\"><\/script><!-- Hupso Share Buttons --><\/div>","protected":false},"author":2,"featured_media":0,"comment_status":"open","ping_status":"open","sticky":false,"template":"","format":"standard","meta":{"footnotes":""},"categories":[3],"tags":[],"class_list":["post-741","post","type-post","status-publish","format-standard","hentry","category-runder-tisch"],"_links":{"self":[{"href":"https:\/\/www.zukunft-lankwitz.de\/index.php?rest_route=\/wp\/v2\/posts\/741","targetHints":{"allow":["GET"]}}],"collection":[{"href":"https:\/\/www.zukunft-lankwitz.de\/index.php?rest_route=\/wp\/v2\/posts"}],"about":[{"href":"https:\/\/www.zukunft-lankwitz.de\/index.php?rest_route=\/wp\/v2\/types\/post"}],"author":[{"embeddable":true,"href":"https:\/\/www.zukunft-lankwitz.de\/index.php?rest_route=\/wp\/v2\/users\/2"}],"replies":[{"embeddable":true,"href":"https:\/\/www.zukunft-lankwitz.de\/index.php?rest_route=%2Fwp%2Fv2%2Fcomments&post=741"}],"version-history":[{"count":3,"href":"https:\/\/www.zukunft-lankwitz.de\/index.php?rest_route=\/wp\/v2\/posts\/741\/revisions"}],"predecessor-version":[{"id":752,"href":"https:\/\/www.zukunft-lankwitz.de\/index.php?rest_route=\/wp\/v2\/posts\/741\/revisions\/752"}],"wp:attachment":[{"href":"https:\/\/www.zukunft-lankwitz.de\/index.php?rest_route=%2Fwp%2Fv2%2Fmedia&parent=741"}],"wp:term":[{"taxonomy":"category","embeddable":true,"href":"https:\/\/www.zukunft-lankwitz.de\/index.php?rest_route=%2Fwp%2Fv2%2Fcategories&post=741"},{"taxonomy":"post_tag","embeddable":true,"href":"https:\/\/www.zukunft-lankwitz.de\/index.php?rest_route=%2Fwp%2Fv2%2Ftags&post=741"}],"curies":[{"name":"wp","href":"https:\/\/api.w.org\/{rel}","templated":true}]}}