{"id":759,"date":"2016-07-10T09:50:53","date_gmt":"2016-07-10T07:50:53","guid":{"rendered":"http:\/\/www.zukunft-lankwitz.de\/?p=759"},"modified":"2022-01-08T02:09:28","modified_gmt":"2022-01-08T01:09:28","slug":"marktplatz-der-ideen-2016","status":"publish","type":"post","link":"https:\/\/www.zukunft-lankwitz.de\/?p=759","title":{"rendered":"Marktplatz der Ideen 2016"},"content":{"rendered":"<p><img loading=\"lazy\" decoding=\"async\" class=\"alignright wp-image-257\" src=\"http:\/\/lalisz.files.wordpress.com\/2014\/08\/logo.jpg?w=300\" alt=\"Logo\" width=\"254\" height=\"171\" \/><br \/>\nJeder hat etwas was ihn st\u00f6rt, was er erhaltenswert findet oder was er gerne ver\u00e4ndern w\u00fcrde. Vielleicht hat noch jemand anderes die gleiche Idee oder eine \u00e4hnliche. Wie bekommt man die beiden zusammen? Auf einem Marktplatz hat man die M\u00f6glichkeit sich zu begegnen kurz oder auch l\u00e4nger zu plauschen und Verabredungen zu treffen.<br \/>\n<a href=\"http:\/\/www.zukunft-lankwitz.de\/wp-content\/uploads\/2016\/07\/flipchart.jpg\"><img loading=\"lazy\" decoding=\"async\" class=\"alignleft wp-image-760\" src=\"http:\/\/www.zukunft-lankwitz.de\/wp-content\/uploads\/2016\/07\/flipchart-169x300.jpg\" alt=\"flipchart\" width=\"219\" height=\"389\" srcset=\"https:\/\/www.zukunft-lankwitz.de\/wp-content\/uploads\/2016\/07\/flipchart-169x300.jpg 169w, https:\/\/www.zukunft-lankwitz.de\/wp-content\/uploads\/2016\/07\/flipchart-768x1365.jpg 768w, https:\/\/www.zukunft-lankwitz.de\/wp-content\/uploads\/2016\/07\/flipchart-576x1024.jpg 576w, https:\/\/www.zukunft-lankwitz.de\/wp-content\/uploads\/2016\/07\/flipchart-624x1109.jpg 624w, https:\/\/www.zukunft-lankwitz.de\/wp-content\/uploads\/2016\/07\/flipchart-600x1067.jpg 600w, https:\/\/www.zukunft-lankwitz.de\/wp-content\/uploads\/2016\/07\/flipchart-800x1422.jpg 800w, https:\/\/www.zukunft-lankwitz.de\/wp-content\/uploads\/2016\/07\/flipchart.jpg 1836w\" sizes=\"auto, (max-width: 219px) 100vw, 219px\" \/><\/a>Die Idee wurde am\u00a0<a href=\"http:\/\/www.runde-tische-steglitz-zehlendorf.de\/index.php?option=com_content&amp;view=article&amp;id=14&amp;Itemid=15\" target=\"_blank\" rel=\"noopener\">Runden Tisch Lankwitz-S\u00fcdende<\/a>\u00a0entwickelt und \u00a02013 das erste mal durchgef\u00fchrt.<\/p>\n<p>In den folgenden Jahren haben wir immer wieder das Konzept ein wenig ver\u00e4ndert. Es ist die Idee f\u00fcr Themenstunden entstanden, wo G\u00e4ste aus verschiedenen Bereichen f\u00fcr eine Stunde f\u00fcr Fragen und Diskussionen den Marktplatz begleitet haben. Dieses Konzept haben wir f\u00fcr dieses Jahr noch mal verfeinert und uns konkrete Fragen \u00fcberlegt zu denen mit Fachkundiger Unterst\u00fctzung diskutiert werden kann.<\/p>\n<p>Themen die nicht abschlie\u00dfend diskutiert werden k\u00f6nnen oder ein wenig mehr Zeit brauchen werden am Runden Tisch Lankwitz-S\u00fcdende durch die verschiedenen Akteure weiterverfolgt.<\/p>\n<p>&nbsp;<\/p>\n<p><strong>Themen und G\u00e4ste 2016:<\/strong><br \/>\n<a href=\"http:\/\/www.zukunft-lankwitz.de\/wp-content\/uploads\/2015\/06\/20150619_180416.jpg\"><img loading=\"lazy\" decoding=\"async\" class=\"size-medium wp-image-565 alignright\" src=\"http:\/\/www.zukunft-lankwitz.de\/wp-content\/uploads\/2015\/06\/20150619_180416-300x225.jpg\" alt=\"20150619_180416\" width=\"300\" height=\"225\" srcset=\"https:\/\/www.zukunft-lankwitz.de\/wp-content\/uploads\/2015\/06\/20150619_180416-300x225.jpg 300w, https:\/\/www.zukunft-lankwitz.de\/wp-content\/uploads\/2015\/06\/20150619_180416-1024x768.jpg 1024w, https:\/\/www.zukunft-lankwitz.de\/wp-content\/uploads\/2015\/06\/20150619_180416-624x468.jpg 624w\" sizes=\"auto, (max-width: 300px) 100vw, 300px\" \/><\/a>Samstag, den 16. Juli 2016 (11 &#8211; 18 Uhr)<\/p>\n<ul>\n<li>12 &#8211; 13 Uhr Bezirksstadtr\u00e4tin Cerstin Richter-Kotowski &#8211; Bildung, Kulutr und B\u00fcrgerdienste<\/li>\n<li>13 &#8211; 14 Uhr Fragen an die BVG &#8211; Es kann leider niemand von der BVG kommen, aber wir haben das Angebot die Fragen zu sammeln und werden dann eine Antwort bekommen<\/li>\n<li>14 &#8211; 15 Uhr Verkehrssituation in Lankwitz &#8211; S\u00fcdende<\/li>\n<li>15 &#8211; 16 Uhr Einkaufen im Nahbereich<\/li>\n<li>16 &#8211; 17 Uhr Offenlegung der Lanke<\/li>\n<\/ul>\n<p><span style=\"color: #0000ff;\"><strong><a href=\"http:\/\/www.zukunft-lankwitz.de\/wp-content\/uploads\/2015\/06\/stadtrmv.jpg\"><img loading=\"lazy\" decoding=\"async\" class=\"alignleft wp-image-550\" src=\"http:\/\/www.zukunft-lankwitz.de\/wp-content\/uploads\/2015\/06\/stadtrmv-300x179.jpg\" alt=\"stadtrmv\" width=\"283\" height=\"169\" srcset=\"https:\/\/www.zukunft-lankwitz.de\/wp-content\/uploads\/2015\/06\/stadtrmv-300x179.jpg 300w, https:\/\/www.zukunft-lankwitz.de\/wp-content\/uploads\/2015\/06\/stadtrmv-1024x612.jpg 1024w, https:\/\/www.zukunft-lankwitz.de\/wp-content\/uploads\/2015\/06\/stadtrmv-624x373.jpg 624w\" sizes=\"auto, (max-width: 283px) 100vw, 283px\" \/><\/a>Sonntag, den 17. Juli 2016 (11 &#8211; 18 Uhr)<\/strong><\/span><\/p>\n<ul>\n<li>12 -13 Uhr Bezirksstadtr\u00e4tin Christa Markl-Vieto &#8211;\u00a0Jugend, Gesundheit, Umwelt und Tiefbau<\/li>\n<li>13 &#8211; 14 Uhr\u00a0Polizei und Ordnungsamt vor Ort<\/li>\n<li>14 &#8211; 15 Uhr Geschichten aus dem Kiez &#8211; Kiezreporter vor Ort<\/li>\n<li>15 &#8211; 16 Uhr Mobilit\u00e4t im Kiez + Digitalisierung im Kiez<\/li>\n<\/ul>\n<p>Die Liste der G\u00e4ste und Themen ist noch nicht komplett und kann noch erweitert werden. Sollten Sie ein Thema haben was Sie gerne diskutieren m\u00f6chten dann schreiben Sie es in die Kommentare oder uns direkt an mit unserem <a href=\"http:\/\/www.zukunft-lankwitz.de\/?page_id=265\">Kontaktformular<\/a>.<\/p>\n<p>!!! Samstag und Sonntag wird es wie in den letzten Jahren auch einen eigenen Tisch f\u00fcr die Kinder und Jugendlichen aus dem Kiez geben wo sie ihre Anliegen diskutieren und besprechen k\u00f6nnen. !!!<\/p>\n<p><!--moremore-->Wichtig ist das es geht darum gemeinsam etwas zu bewegen, das geht im kleinen und im grossen, aber gemeinsam ist es leichter. Beim Marktplatz der Ideen werden Expertinnen und Experten aus den unterschiedlichen Bereichen der Verwaltung und der Polizei beratend zu unterst\u00fctzen.<a href=\"https:\/\/lalisz.files.wordpress.com\/2014\/08\/ablauf.jpg\"><img loading=\"lazy\" decoding=\"async\" class=\"aligncenter wp-image-256 size-large\" src=\"https:\/\/lalisz.files.wordpress.com\/2014\/08\/ablauf.jpg?w=625\" alt=\"ablauf\" width=\"625\" height=\"568\" \/><\/a>Jeder hat die M\u00f6glichkeit sich einzubringen oder bei dem einen oder anderen Thema eines anderen mitzudenken. Man kann Menschen aus dem Kiez kennenlernen, einen Plausch bei einem St\u00fcckchen Kuchen und einem Schluck Kaffee halten, und einfach den sch\u00f6nen Rosengarten genie\u00dfen.Der Marktplatz der Ideen 2015 findet wie folgt statt:<\/p>\n<p>Samstag, den 16.Juli\u00a02016 von 11.00 Uhr bis 18.00 Uhr<br \/>\nSonntag, den 17. Juli\u00a02016 von 11.00 bis 18.00 Uhr<\/p>\n<p>Ort:<br \/>\nIm Rosengarten hinter dem<br \/>\nKinder-, Jugend- und Familientreff K\u00e4seglocke<br \/>\nLeonorenstr. 65<br \/>\n12247 Berlin<\/p>\n<p>&nbsp;<\/p>\n<div style=\"padding-bottom:10px; padding-top:5px;\" class=\"hupso-share-buttons\"><!-- Hupso Share Buttons - https:\/\/www.hupso.com\/share\/ --><a class=\"hupso_toolbar\" href=\"https:\/\/www.hupso.com\/share\/\"><img decoding=\"async\" src=\"https:\/\/static.hupso.com\/share\/buttons\/lang\/de\/share-medium.png\" style=\"border:0px; padding-top: 5px; float:left;\" alt=\"Share Button\"\/><\/a><script type=\"text\/javascript\">var hupso_services_t=new Array(\"Twitter\",\"Facebook\",\"Google Plus\");var hupso_background_t=\"#EAF4FF\";var hupso_border_t=\"#66CCFF\";var hupso_toolbar_size_t=\"medium\";var hupso_image_folder_url = \"\";var hupso_url_t=\"\";var hupso_title_t=\"Marktplatz%20der%20Ideen%202016\";<\/script><script type=\"text\/javascript\" src=\"https:\/\/static.hupso.com\/share\/js\/share_toolbar.js\"><\/script><!-- Hupso Share Buttons --><\/div>","protected":false},"excerpt":{"rendered":"<p>Jeder hat etwas was ihn st\u00f6rt, was er erhaltenswert findet oder was er gerne ver\u00e4ndern w\u00fcrde. Vielleicht hat noch jemand anderes die gleiche Idee oder eine \u00e4hnliche. Wie bekommt man die beiden zusammen? Auf einem Marktplatz hat man die M\u00f6glichkeit sich zu begegnen kurz oder auch l\u00e4nger zu plauschen und Verabredungen zu treffen. Die Idee [&hellip;]<\/p>\n<div style=\"padding-bottom:10px; padding-top:5px;\" class=\"hupso-share-buttons\"><!-- Hupso Share Buttons - https:\/\/www.hupso.com\/share\/ --><a class=\"hupso_toolbar\" href=\"https:\/\/www.hupso.com\/share\/\"><img src=\"https:\/\/static.hupso.com\/share\/buttons\/lang\/de\/share-medium.png\" style=\"border:0px; padding-top: 5px; float:left;\" alt=\"Share Button\"\/><\/a><script type=\"text\/javascript\">var hupso_services_t=new Array(\"Twitter\",\"Facebook\",\"Google Plus\");var hupso_background_t=\"#EAF4FF\";var hupso_border_t=\"#66CCFF\";var hupso_toolbar_size_t=\"medium\";var hupso_image_folder_url = \"\";var hupso_url_t=\"\";var hupso_title_t=\"Marktplatz%20der%20Ideen%202016\";<\/script><script type=\"text\/javascript\" src=\"https:\/\/static.hupso.com\/share\/js\/share_toolbar.js\"><\/script><!-- Hupso Share Buttons --><\/div>","protected":false},"author":2,"featured_media":0,"comment_status":"open","ping_status":"open","sticky":false,"template":"","format":"standard","meta":{"footnotes":""},"categories":[3],"tags":[45,163,145,205,193,8,206,166,25],"class_list":["post-759","post","type-post","status-publish","format-standard","hentry","category-runder-tisch","tag-bvg","tag-cerstin-richter-kotowski","tag-christa-markl-vieto","tag-gemeinsam-fuer-de","tag-lankwitz","tag-marktplatz-der-ideen","tag-mobilitaet-im-kiez","tag-polizei-und-ordnungsamt","tag-runder-tisch-lankwitz-suedende"],"_links":{"self":[{"href":"https:\/\/www.zukunft-lankwitz.de\/index.php?rest_route=\/wp\/v2\/posts\/759","targetHints":{"allow":["GET"]}}],"collection":[{"href":"https:\/\/www.zukunft-lankwitz.de\/index.php?rest_route=\/wp\/v2\/posts"}],"about":[{"href":"https:\/\/www.zukunft-lankwitz.de\/index.php?rest_route=\/wp\/v2\/types\/post"}],"author":[{"embeddable":true,"href":"https:\/\/www.zukunft-lankwitz.de\/index.php?rest_route=\/wp\/v2\/users\/2"}],"replies":[{"embeddable":true,"href":"https:\/\/www.zukunft-lankwitz.de\/index.php?rest_route=%2Fwp%2Fv2%2Fcomments&post=759"}],"version-history":[{"count":6,"href":"https:\/\/www.zukunft-lankwitz.de\/index.php?rest_route=\/wp\/v2\/posts\/759\/revisions"}],"predecessor-version":[{"id":3342,"href":"https:\/\/www.zukunft-lankwitz.de\/index.php?rest_route=\/wp\/v2\/posts\/759\/revisions\/3342"}],"wp:attachment":[{"href":"https:\/\/www.zukunft-lankwitz.de\/index.php?rest_route=%2Fwp%2Fv2%2Fmedia&parent=759"}],"wp:term":[{"taxonomy":"category","embeddable":true,"href":"https:\/\/www.zukunft-lankwitz.de\/index.php?rest_route=%2Fwp%2Fv2%2Fcategories&post=759"},{"taxonomy":"post_tag","embeddable":true,"href":"https:\/\/www.zukunft-lankwitz.de\/index.php?rest_route=%2Fwp%2Fv2%2Ftags&post=759"}],"curies":[{"name":"wp","href":"https:\/\/api.w.org\/{rel}","templated":true}]}}